{"id":17327,"date":"2023-02-26T15:47:19","date_gmt":"2023-02-26T18:47:19","guid":{"rendered":"https:\/\/wiy.com.br\/noticias\/wikileaks-advogada-diz-que-equador-mente-sobre-comportamento-de-assange\/"},"modified":"2019-04-14T19:14:29","modified_gmt":"2019-04-14T22:14:29","slug":"wikileaks-advogada-diz-que-equador-mente-sobre-comportamento-de-assange","status":"publish","type":"post","link":"https:\/\/wiy.com.br\/noticias\/wikileaks-advogada-diz-que-equador-mente-sobre-comportamento-de-assange\/","title":{"rendered":"WikiLeaks: Advogada diz que Equador mente sobre comportamento de Assange"},"content":{"rendered":"<p> <br \/>\n<\/p>\n<div id=\"post-3351543\">\n<header class=\"article-header\">\n<h2 class=\"article-subtitle\">Defesa diz que equatorianos fazem &#8220;acusa\u00e7\u00f5es escandalosas&#8221; para justificar a entrada da pol\u00edcia brit\u00e2nica na embaixada para prender fundador do WikiLeaks<\/h2>\n<p>Por<br \/>\n                              <span>Estad\u00e3o Conte\u00fado<\/span>                          <\/p>\n<p>\n              <i class=\"material-icons\">access_time<\/i><br \/>\n              <span><br \/>\n                14 abr 2019, 16h28              <\/span>\n            <\/p>\n<\/header>\n<section class=\"share\"><a href=\"whatsapp:\/\/send?text=Advogada diz que Equador mente sobre comportamento de Assange https:\/\/exame.abril.com.br\/mundo\/advogada-diz-que-equador-mente-sobre-comportamento-de-assange\/?utm_source=whatsapp&amp;utm_medium=social&amp;utm_campaign=barra-compartilhamento EXAME\" data-action=\"share\/whatsapp\/share\" class=\"whatsapp  hidden-md hidden-lg\"><i class=\"icon-whatsapp\"\/><\/a><\/p>\n<p>      <a href=\"https:\/\/facebook.com\/sharer\/sharer.php?u=https:\/\/exame.abril.com.br\/mundo\/advogada-diz-que-equador-mente-sobre-comportamento-de-assange\/\" target=\"_blank\" class=\"\" rel=\"noopener noreferrer\"><i class=\"icon-facebook\"\/><\/a><\/p>\n<p>      <a href=\"https:\/\/twitter.com\/intent\/tweet?url=https%3A%2F%2Fexame.abril.com.br%2Fmundo%2Fadvogada-diz-que-equador-mente-sobre-comportamento-de-assange%2F&amp;text=Advogada diz que Equador mente sobre comportamento de Assange&amp;via=exame\" target=\"_blank\" class=\"\" rel=\"noopener noreferrer\"><i class=\"icon-twitter\"\/><\/a><\/p>\n<p>      <a href=\"fb-messenger:\/\/share\/?link=https:\/\/exame.abril.com.br\/mundo\/advogada-diz-que-equador-mente-sobre-comportamento-de-assange\/&amp;app_id=\" class=\"whatsapp  hidden-sm hidden-xs hidden-md hidden-lg\"><i class=\"icon-Facebook-Messenger\"\/><\/a><\/p>\n<p>      <a href=\"https:\/\/www.linkedin.com\/shareArticle?mini=true&amp;url=https%3A%2F%2Fexame.abril.com.br%2Fmundo%2Fadvogada-diz-que-equador-mente-sobre-comportamento-de-assange%2F&amp;summary=&amp;source=LinkedIn\" target=\"_blank\" class=\" hidden-sm hidden-xs\" rel=\"noopener noreferrer\"><i class=\"icon-linkedin\"\/><\/a><\/p>\n<p>      <a href=\"https:\/\/plus.google.com\/share?url=https%3A%2F%2Fexame.abril.com.br%2Fmundo%2Fadvogada-diz-que-equador-mente-sobre-comportamento-de-assange%2F\" target=\"_blank\" class=\" hidden-sm hidden-xs hidden-md hidden-lg\" rel=\"noopener noreferrer\"><i class=\"icon-google-plus\"\/><\/a><\/p>\n<p>      <a href=\"#respond\" class=\" hidden-sm hidden-xs hidden-md hidden-lg\"><i class=\"material-icons\">chat_bubble_outline<\/i><\/a><\/p>\n<p>      <a href=\"mailto:?subject=Advogada diz que Equador mente sobre comportamento de Assange&amp;body=Advogada diz que Equador mente sobre comportamento de Assange https:\/\/exame.abril.com.br\/mundo\/advogada-diz-que-equador-mente-sobre-comportamento-de-assange\/?utm_source=email&amp;utm_medium=email&amp;utm_campaign=barra-compartilhamento via EXAME\" class=\"\"><i class=\"icon-envelope-o\"\/><\/a><\/p>\n<p>            <a href=\"\/\/pinterest.com\/pin\/create\/link\/?url=https:\/\/exame.abril.com.br\/mundo\/advogada-diz-que-equador-mente-sobre-comportamento-de-assange\/&amp;description=Advogada diz que Equador mente sobre comportamento de Assange&amp;media=https:\/\/abrilexame.files.wordpress.com\/2019\/04\/assange.jpg?quality=70&amp;strip=info&amp;w=680&amp;h=453&amp;crop=1\" class=\" hidden-sm hidden-xs hidden-md hidden-lg\" target=\"_blank\" rel=\"noopener noreferrer\"><i class=\"icon-pinterest\"\/><\/a><\/p>\n<p>      <i class=\"material-icons\" onclick=\"toggle(this,'.share','more_horiz','close')\">more_horiz<\/i><br \/>\n          <\/section>\n<section class=\"article-content\">\n<div class=\"featured-image\">\n<div class=\"image\">\n              <img decoding=\"async\" src=\"https:\/\/abrilexame.files.wordpress.com\/2019\/04\/assange.jpg\" class=\"abril-image optimized lazyload\" abril-data-id=\"3351543\"  alt = \"assange WikiLeaks: Advogada diz que Equador mente sobre comportamento de Assange\"title = \"[Tags]\"\/><\/div>\n<p class=\"caption\">Julian Assange, fundador do Wikileaks, foi preso na embaixada do Equador em Londres\u00a0(Henry Nicholls\/Reuters)<\/p>\n<\/p><\/div>\n<p>Londres \u2013 O governo equatoriano tem difundido mentiras sobre o comportamento de <strong><a href=\"https:\/\/exame.abril.com.br\/noticias-sobre\/julian-assange\/\">Julian Assange<\/a><\/strong> dentro da embaixada do Equador em Londres, afirmou neste domingo Jennifer Robinson, uma advogada que representa o fundador do <strong><a href=\"https:\/\/exame.abril.com.br\/noticias-sobre\/wikileaks\/\">WikiLeaks<\/a><\/strong>.<\/p>\n<p>Robinson afirmou \u00e0 emissora Sky News que o Equador tem feito \u201cacusa\u00e7\u00f5es bastante escandalosas\u201d para justificar que a pol\u00edcia brit\u00e2nica entrasse na embaixada na quinta-feira para prender Assange.<\/p>\n<p>O presidente equatoriano, Len\u00edn Moreno, retirou o asilo pol\u00edtico de Assange nesta semana, abrindo caminho para sua deten\u00e7\u00e3o. Robinson disse que seu cliente vinha enfrentando \u201cum per\u00edodo muito dif\u00edcil\u201d desde que Moreno tomou posse, em 2017.<\/p>\n<p>Assange est\u00e1 detido no Reino Unido por violar as condi\u00e7\u00f5es de uma fian\u00e7a e pode ser extraditado nos Estados Unidos por conspira\u00e7\u00e3o. A Su\u00e9cia avalia se retoma uma investiga\u00e7\u00e3o contra ele por suposta viola\u00e7\u00e3o sexual. Ele deve ter uma audi\u00eancia em 2 de maio, por meio de videoconfer\u00eancia. Fonte: Associated Press.<\/p>\n<\/section>\n<section class=\"article-tags\"><span><br \/>\n                Not\u00edcias sobre              <\/span><br \/>\n              <a href=\"https:\/\/exame.abril.com.br\/noticias-sobre\/equador\/\" rel=\"tag\">Equador<\/a><a href=\"https:\/\/exame.abril.com.br\/noticias-sobre\/julian-assange\/\" rel=\"tag\">Julian Assange<\/a><a href=\"https:\/\/exame.abril.com.br\/noticias-sobre\/wikileaks\/\" rel=\"tag\">WikiLeaks<\/a>            <\/section>\n<\/p><\/div>\n<p><script async src=\"http:\/\/platform.twitter.com\/widgets.js\" charset=\"utf-8\"><\/script><script type=\"text\/javascript\">(function(d){var id=\"facebook-jssdk\";if(!d.getElementById(id)){var js=d.createElement(\"script\"),ref=d.getElementsByTagName(\"script\")[0];js.id=id,js.async=true,js.src=\"https:\/\/connect.facebook.net\/pt_BR\/all.js\",ref.parentNode.insertBefore(js,ref)}})(document)<\/script><br \/>\n<br \/><br \/>\n<br \/><a href=\"https:\/\/exame.abril.com.br\/mundo\/advogada-diz-que-equador-mente-sobre-comportamento-de-assange\/\">Fonte do Artigo <\/a><\/p>\n","protected":false},"excerpt":{"rendered":"<p>Defesa diz que equatorianos fazem &#8220;acusa\u00e7\u00f5es escandalosas&#8221; para justificar a entrada da pol\u00edcia brit\u00e2nica na embaixada para prender fundador do WikiLeaks Por Estad\u00e3o Conte\u00fado access_time 14 abr 2019, 16h28 chat_bubble_outline more_horiz Julian Assange, fundador do Wikileaks, foi preso na embaixada do Equador em Londres\u00a0(Henry Nicholls\/Reuters) Londres \u2013 O governo equatoriano tem difundido mentiras sobre o [&hellip;]<\/p>\n","protected":false},"author":1,"featured_media":17328,"comment_status":"open","ping_status":"open","sticky":false,"template":"","format":"standard","meta":{"footnotes":""},"categories":[337],"tags":[],"class_list":["post-17327","post","type-post","status-publish","format-standard","has-post-thumbnail","hentry","category-noticias"],"_links":{"self":[{"href":"https:\/\/wiy.com.br\/noticias\/wp-json\/wp\/v2\/posts\/17327","targetHints":{"allow":["GET"]}}],"collection":[{"href":"https:\/\/wiy.com.br\/noticias\/wp-json\/wp\/v2\/posts"}],"about":[{"href":"https:\/\/wiy.com.br\/noticias\/wp-json\/wp\/v2\/types\/post"}],"author":[{"embeddable":true,"href":"https:\/\/wiy.com.br\/noticias\/wp-json\/wp\/v2\/users\/1"}],"replies":[{"embeddable":true,"href":"https:\/\/wiy.com.br\/noticias\/wp-json\/wp\/v2\/comments?post=17327"}],"version-history":[{"count":0,"href":"https:\/\/wiy.com.br\/noticias\/wp-json\/wp\/v2\/posts\/17327\/revisions"}],"wp:featuredmedia":[{"embeddable":true,"href":"https:\/\/wiy.com.br\/noticias\/wp-json\/wp\/v2\/media\/17328"}],"wp:attachment":[{"href":"https:\/\/wiy.com.br\/noticias\/wp-json\/wp\/v2\/media?parent=17327"}],"wp:term":[{"taxonomy":"category","embeddable":true,"href":"https:\/\/wiy.com.br\/noticias\/wp-json\/wp\/v2\/categories?post=17327"},{"taxonomy":"post_tag","embeddable":true,"href":"https:\/\/wiy.com.br\/noticias\/wp-json\/wp\/v2\/tags?post=17327"}],"curies":[{"name":"wp","href":"https:\/\/api.w.org\/{rel}","templated":true}]}}