{"id":17309,"date":"2023-02-26T15:38:49","date_gmt":"2023-02-26T18:38:49","guid":{"rendered":"https:\/\/wiy.com.br\/noticias\/trump-vincula-deputada-muculmana-a-11-de-setembro-e-revolta-democratas\/"},"modified":"2019-04-14T16:50:52","modified_gmt":"2019-04-14T19:50:52","slug":"trump-vincula-deputada-muculmana-a-11-de-setembro-e-revolta-democratas","status":"publish","type":"post","link":"https:\/\/wiy.com.br\/noticias\/trump-vincula-deputada-muculmana-a-11-de-setembro-e-revolta-democratas\/","title":{"rendered":"Trump vincula deputada mu\u00e7ulmana a 11 de Setembro e revolta democratas"},"content":{"rendered":"<p> <br \/>\n<\/p>\n<div>\n<p>\nWASHINGTON &#8211; Uma das duas mulheres mu\u00e7ulmanas eleitas pela primeira vez para o Congresso americano, a deputada<br \/>\n<strong>Ilhan Omar <\/strong><br \/>\nfoi alvo de<br \/>\n<strong>Donald Trump <\/strong><br \/>\nno Twitter na \u00faltima sexta-feira. O presidente vinculou a imagem da congressista aos atentatos terroristas de<br \/>\n<strong>11 de Setembro <\/strong><br \/>\nde 2001, insinuando que ela estaria minimizando a gravidade dos ataques, o que, em seguida, provocou revolta entre os democratas.\n<\/p>\n<p>\nNa postagem de Trump, Omar aparece apenas dizendo a frase: &#8220;Algumas pessoas fizeram algo&#8221;, num v\u00eddeo de menos de um minuto. A edi\u00e7\u00e3o foi feita de forma que a declara\u00e7\u00e3o da deputada \u00e9 repetida e alternada com cenas dos atentados, como imagens dos avi\u00f5es atingindo as Torres G\u00eameas em Manhattan e o vozerio de pessoas em p\u00e2nico no momento do ataque terrorista. No post do v\u00eddeo, Trump escreveu: &#8220;N\u00f3s nunca esqueceremos&#8221;.\n<\/p>\n<p>\nA frase de Omar foi tirada de contexto, como alertaram seus correligion\u00e1rios. Os democratas tamb\u00e9m acusam o presidente de incitar a viol\u00eancia contra mu\u00e7ulmanos com a postagem.\n<\/p>\n<p>\nO trecho em que ela diz &#8220;Algumas pessoas fizeram algo&#8221; foi pin\u00e7ado de um discurso de 20 minutos feito pela deputada no dia 23 de mar\u00e7o. Na fala completa, ela discutia justamente a discrimina\u00e7\u00e3o sofrida por mu\u00e7ulmanos e o recente ataque a uma mesquita na Nova Zel\u00e2ndia.<\/p>\n<aside class=\"article-related-links article-related-links--inside\">\n<\/aside>\n<\/p>\n<p>\n&#8220;Aqui est\u00e1 a verdade. Por muito tempo n\u00f3s vivemos com o desconforto de sermos (considerados) cidad\u00e3os de segunda classe e, francamente, estou cansada disso, e todo mu\u00e7ulmano neste pa\u00eds deveria estar cansado disso. O Cair (Conselho de Rela\u00e7\u00f5es Americano-Isl\u00e2micas) foi fundado depois do 11 de Setembro porque eles reconheceram que algumas pessoas fizeram alguma coisa e que todos n\u00f3s est\u00e1vamos come\u00e7ando a perder o acesso \u00e0s nossas liberdades civis&#8221;, disse a deputada no trecho que foi editado e reduzido a \u00fanica frase, no v\u00eddeo compartilhado por Trump.\u00a0\u00a0\n<\/p>\n<section class=\"block block--advertising\">\n<\/section>\n<p>\nO Cair, na verdade, foi criado em 1994, como revelou o &#8220;Washington Post&#8221;. Ao jornal a deputada afirmou que cometeu um erro e que sua inten\u00e7\u00e3o era dizer que a comiss\u00e3o havia dobrado\u00a0 de tamanho depois do 11 de Setembro.\n<\/p>\n<p>\nEm resposta ao v\u00eddeo postado por Trump (e compartilhado milhares de vezes), democratas \u2014 muitos j\u00e1 pr\u00e9-candidados \u00e0s elei\u00e7\u00f5es presidenciais de 2020 \u2014 sa\u00edram em defesa de Omar e lan\u00e7aram cr\u00edticas ao chefe da Casa Branca.\n<\/p>\n<p>\nElizabeth Warren, por exemplo, acusou Trump de &#8220;incitar a viol\u00eancia&#8221;. No Twitter, ela escreceu: &#8220;O presidente est\u00e1 incitando a viol\u00eancia contra uma congressista eleita \u2014 e contra um grupo inteiro de americanos por causa de sua religi\u00e3o. \u00c9 nojento. \u00c9 vergonhoso. E qualquer l\u00edder eleito que se recuse a conden\u00e1-lo compartilha a responsabilidade por isso&#8221;.\n<\/p>\n<p>\nBernie Sanders tamb\u00e9m comentou: &#8220;Ilhan Omar \u00e9 uma l\u00edder com for\u00e7a e coragem. Ela n\u00e3o vai se curvar ao racismo e ao \u00f3dio de Trump, e nem n\u00f3s vamos. Os ataques repugnantes e perigosos contra ela devem terminar&#8221;.\n<\/p>\n<p>\nNo s\u00e1bado, Omar respondeu diretamente a uma s\u00e9rie de tu\u00edtes, agradecendo ao apoio que recebeu na rede social, e afirmou que &#8220;n\u00e3o concorreu ao Congresso para ficar em sil\u00eancio&#8221;. Ela escreveu: &#8220;Obrigada por ficarem ao meu lado \u2014 contra uma administra\u00e7\u00e3o que trabalhou para banir os mu\u00e7ulmanos deste pa\u00eds \u2014 para lutar pela Am\u00e9rica que todos n\u00f3s merecemos&#8221;.\n<\/p>\n<section class=\"block block--advertising\">\n<\/section>\n<p>\n<a href=\"lideres-democratas-condenam-deputada-do-partido-por-comentarios-considerados-antissemitas-23445023\" target=\"_blank\" rel=\"noopener noreferrer\">Em fevereiro passado, a deputada esteve no centro de outra pol\u00eamica<\/a><br \/>\n, quando fez postadens consideradas antissemitas, escrevendo contra o lobby pr\u00f3-Israel no Twitter. \u00c0 \u00e9poca, ela insinuou que o apoio americano a Israel \u00e9 alimentado pelo dinheiro de um grupo de lobby favor\u00e1vel ao Estado judeu e que tem apoio de parte da comunidade judaica. Foi, ent\u00e3o, alvo de um comunicado conjunto dos l\u00edderes democratas na C\u00e2mara.\n<\/p>\n<p>\nNo texto, o grupo condenou a postura de Omar: &#8220;A cr\u00edtica leg\u00edtima \u00e0s pol\u00edticas de Israel \u00e9 protegida pelos valores da liberdade de express\u00e3o e do debate democr\u00e1tico que os Estados Unidos e Israel compartilham. Mas o uso de ret\u00f3rica antissemita e acusa\u00e7\u00f5es preliminares sobre apoiadores de Israel [feitas por Omar] \u00e9 profundamente ofensivo&#8221;, escreveram num comunicado os l\u00edderes democratas da Casa.\n<\/p>\n<\/div>\n<p><br \/>\n<br \/><a href=\"https:\/\/oglobo.globo.com\/mundo\/trump-vincula-deputada-muculmana-11-de-setembro-revolta-democratas-23598972\">Fonte do Artigo <\/a><\/p>\n","protected":false},"excerpt":{"rendered":"<p>WASHINGTON &#8211; Uma das duas mulheres mu\u00e7ulmanas eleitas pela primeira vez para o Congresso americano, a deputada Ilhan Omar foi alvo de Donald Trump no Twitter na \u00faltima sexta-feira. O presidente vinculou a imagem da congressista aos atentatos terroristas de 11 de Setembro de 2001, insinuando que ela estaria minimizando a gravidade dos ataques, o [&hellip;]<\/p>\n","protected":false},"author":1,"featured_media":0,"comment_status":"open","ping_status":"open","sticky":false,"template":"","format":"standard","meta":{"footnotes":""},"categories":[337],"tags":[],"class_list":["post-17309","post","type-post","status-publish","format-standard","hentry","category-noticias"],"_links":{"self":[{"href":"https:\/\/wiy.com.br\/noticias\/wp-json\/wp\/v2\/posts\/17309","targetHints":{"allow":["GET"]}}],"collection":[{"href":"https:\/\/wiy.com.br\/noticias\/wp-json\/wp\/v2\/posts"}],"about":[{"href":"https:\/\/wiy.com.br\/noticias\/wp-json\/wp\/v2\/types\/post"}],"author":[{"embeddable":true,"href":"https:\/\/wiy.com.br\/noticias\/wp-json\/wp\/v2\/users\/1"}],"replies":[{"embeddable":true,"href":"https:\/\/wiy.com.br\/noticias\/wp-json\/wp\/v2\/comments?post=17309"}],"version-history":[{"count":0,"href":"https:\/\/wiy.com.br\/noticias\/wp-json\/wp\/v2\/posts\/17309\/revisions"}],"wp:attachment":[{"href":"https:\/\/wiy.com.br\/noticias\/wp-json\/wp\/v2\/media?parent=17309"}],"wp:term":[{"taxonomy":"category","embeddable":true,"href":"https:\/\/wiy.com.br\/noticias\/wp-json\/wp\/v2\/categories?post=17309"},{"taxonomy":"post_tag","embeddable":true,"href":"https:\/\/wiy.com.br\/noticias\/wp-json\/wp\/v2\/tags?post=17309"}],"curies":[{"name":"wp","href":"https:\/\/api.w.org\/{rel}","templated":true}]}}