{"id":17287,"date":"2023-02-26T14:57:37","date_gmt":"2023-02-26T17:57:37","guid":{"rendered":"https:\/\/wiy.com.br\/noticias\/novo-ministro-da-educacao-weintraub-coleciona-polemicas-e-quer-ser-mais-engracado-do-que-os-comunistas\/"},"modified":"2019-04-14T13:47:28","modified_gmt":"2019-04-14T16:47:28","slug":"novo-ministro-da-educacao-weintraub-coleciona-polemicas-e-quer-ser-mais-engracado-do-que-os-comunistas","status":"publish","type":"post","link":"https:\/\/wiy.com.br\/noticias\/novo-ministro-da-educacao-weintraub-coleciona-polemicas-e-quer-ser-mais-engracado-do-que-os-comunistas\/","title":{"rendered":"Novo ministro da Educa\u00e7\u00e3o, Weintraub coleciona pol\u00eamicas e quer ser &#8216;mais engra\u00e7ado do que os comunistas&#8217;"},"content":{"rendered":"<p> <br \/>\n<\/p>\n<div>\n<p>\nS\u00c3O PAULO \u2014 O ministro da Educa\u00e7\u00e3o, Abraham Weintraub, tomou posse na \u00faltima ter\u00e7a-feira (09) lembrando ser professor universit\u00e1rio, como &#8220;70% dos ex-ministros&#8221; dos \u00faltimos 16 anos, e vindo de uma institui\u00e7\u00e3o &#8220;bem renomada&#8221;, a Unifesp. Sua experi\u00eancia acad\u00eamica, por\u00e9m, \u00e9 t\u00e3o curta quanto pol\u00eamica. Ele passou pouco mais de quatro anos dando aulas de microeconomia e mercado financeiro na Universidade Federal de S\u00e3o Paulo, onde pouco tratou de temas relativos \u00e0 \u00e1rea de Educa\u00e7\u00e3o, segundo seus alunos.<\/p>\n<aside class=\"article-related-links \">\n<\/aside>\n<\/p>\n<p>\n<a href=\"http:\/\/oglobo.globo.com\/sociedade\/2019\/04\/14\/582327-novo-gestor-do-mec-colecionou-elogios-polemica-em-curta-carreira-academica\">LEIA AQUI A MAT\u00c9RIA COMPLETA<\/a>\n<\/p>\n<p>\nEm semin\u00e1rio na C\u00fapula Conservadora das Am\u00e9ricas, realizada em dezembro do ano passado, Weintraub revelou as t\u00e9cnicas que utilizava na Unifesp para convencer os estudantes a deixar de lado os &#8220;ideais de esquerda&#8221;: &#8220;Tem que ser mais engra\u00e7ado do que os comunistas. Como a gente ganha a juventude? Com humor e intelig\u00eancia&#8221;, afirmou.\n<\/p>\n<p>\nContou tamb\u00e9m que nas aulas de microeconomia, no curso de Ci\u00eancias Cont\u00e1beis, tratava do poder das marcas desta forma: &#8220;Mostro as marcas, como elas fazem diferencia\u00e7\u00e3o. E a\u00ed eu ponho meu garoto propaganda que s\u00f3 usa roupas de grife: o Fidel Castro, playboy&#8221;, disse.\n<\/p>\n<p>\nAo GLOBO estudantes confirmaram a apresenta\u00e7\u00e3o de imagens do ditador cubano em sala, mas disseram considerar sutil a explora\u00e7\u00e3o de temas pol\u00edticos nas aulas de Weintraub.\n<\/p>\n<p>\n<a href=\"ser-mais-engracado-do-que-os-comunistas-receita-de-weintraub-para-ganhar-juventude-23598537\" target=\"_blank\" rel=\"noopener noreferrer\">LEIA AQUI A MAT\u00c9RIA COMPLETA<\/a>\n<\/p>\n<\/div>\n<p><br \/>\n<br \/><a href=\"https:\/\/oglobo.globo.com\/sociedade\/novo-ministro-da-educacao-weintraub-coleciona-polemicas-quer-ser-mais-engracado-do-que-os-comunistas-23598855\">Fonte do Artigo <\/a><\/p>\n","protected":false},"excerpt":{"rendered":"<p>S\u00c3O PAULO \u2014 O ministro da Educa\u00e7\u00e3o, Abraham Weintraub, tomou posse na \u00faltima ter\u00e7a-feira (09) lembrando ser professor universit\u00e1rio, como &#8220;70% dos ex-ministros&#8221; dos \u00faltimos 16 anos, e vindo de uma institui\u00e7\u00e3o &#8220;bem renomada&#8221;, a Unifesp. Sua experi\u00eancia acad\u00eamica, por\u00e9m, \u00e9 t\u00e3o curta quanto pol\u00eamica. Ele passou pouco mais de quatro anos dando aulas de [&hellip;]<\/p>\n","protected":false},"author":1,"featured_media":0,"comment_status":"open","ping_status":"open","sticky":false,"template":"","format":"standard","meta":{"footnotes":""},"categories":[337],"tags":[],"class_list":["post-17287","post","type-post","status-publish","format-standard","hentry","category-noticias"],"_links":{"self":[{"href":"https:\/\/wiy.com.br\/noticias\/wp-json\/wp\/v2\/posts\/17287","targetHints":{"allow":["GET"]}}],"collection":[{"href":"https:\/\/wiy.com.br\/noticias\/wp-json\/wp\/v2\/posts"}],"about":[{"href":"https:\/\/wiy.com.br\/noticias\/wp-json\/wp\/v2\/types\/post"}],"author":[{"embeddable":true,"href":"https:\/\/wiy.com.br\/noticias\/wp-json\/wp\/v2\/users\/1"}],"replies":[{"embeddable":true,"href":"https:\/\/wiy.com.br\/noticias\/wp-json\/wp\/v2\/comments?post=17287"}],"version-history":[{"count":0,"href":"https:\/\/wiy.com.br\/noticias\/wp-json\/wp\/v2\/posts\/17287\/revisions"}],"wp:attachment":[{"href":"https:\/\/wiy.com.br\/noticias\/wp-json\/wp\/v2\/media?parent=17287"}],"wp:term":[{"taxonomy":"category","embeddable":true,"href":"https:\/\/wiy.com.br\/noticias\/wp-json\/wp\/v2\/categories?post=17287"},{"taxonomy":"post_tag","embeddable":true,"href":"https:\/\/wiy.com.br\/noticias\/wp-json\/wp\/v2\/tags?post=17287"}],"curies":[{"name":"wp","href":"https:\/\/api.w.org\/{rel}","templated":true}]}}