{"id":17233,"date":"2023-02-26T15:08:53","date_gmt":"2023-02-26T18:08:53","guid":{"rendered":"https:\/\/wiy.com.br\/noticias\/1a-imagem-de-buraco-negro-foi-feito-cientifico-de-mais-de-200-anos-2\/"},"modified":"2019-04-14T06:51:20","modified_gmt":"2019-04-14T09:51:20","slug":"1a-imagem-de-buraco-negro-foi-feito-cientifico-de-mais-de-200-anos-2","status":"publish","type":"post","link":"https:\/\/wiy.com.br\/noticias\/1a-imagem-de-buraco-negro-foi-feito-cientifico-de-mais-de-200-anos-2\/","title":{"rendered":"1\u00aa imagem de buraco negro foi feito cient\u00edfico de mais de 200 anos"},"content":{"rendered":"<p> <br \/>\n<\/p>\n<p>S\u00e3o Paulo \u2013 O primeiro registro de imagem de um <a href=\"https:\/\/exame.abril.com.br\/noticias-sobre\/buraco-negro\"><strong>buraco negro<\/strong><\/a> n\u00e3o aconteceu da noite para o dia. Ele levou mais de duzentos anos para acontecer, desde a tese preliminar at\u00e9 a pr\u00e1tica. O fen\u00f4meno foi observado a 53 milh\u00f5es de anos-luz de dist\u00e2ncia da Terra, no centro de uma gal\u00e1xia chamada Messier 87 (M87). A imagem mostra a silhueta do horizonte de eventos de 20 bilh\u00f5es de quil\u00f4metros do buraco negro, ou seja, uma for\u00e7a gravitacional circular muito forte, da qual nem mesmo a luz consegue escapar.<\/p>\n<p>O astr\u00f4nomo ingl\u00eas John Michell formulou a ideia de &#8220;estrelas negras&#8221; em 1783. Para ele, esses astros teriam gravidade t\u00e3o forte que seria inescap\u00e1vel para qualquer objeto dentro do seu campo de horizonte de eventos \u2013 nome usado para descrever a \u00e1rea afetada pela sua gravidade.<\/p>\n<div class=\"widget-news widget-box no-margin no-border\"><span class=\"widget-news-title content-box-title\">Veja tamb\u00e9m<\/span><\/p>\n<ul class=\"widget-news-list\">\n<li class=\"widget-news-item without-thumb with-border\">\n<div class=\"widget-news-info\"><a href=\"http:\/\/exame.abril.com.br\/ciencia\">CI\u00caNCIA<\/a><span class=\"widget-news-item-title\"><a href=\"https:\/\/exame.abril.com.br\/ciencia\/quem-e-katie-bouman-a-jovem-cientista-que-revelou-como-e-um-buraco-negro\/\">Quem \u00e9 Katie Bouman, a jovem cientista que revelou como \u00e9 um buraco negro<\/a><\/span><span class=\"widget-news-item-date\">11 abr 2019 &#8211; 14h04<\/span><\/div>\n<\/li>\n<\/ul>\n<\/div>\n<p>Foi com a Teoria da Relatividade Geral, de Albert Einstein, publicada em 1915, que a humanidade passou a entender melhor os efeitos provocados pela for\u00e7a gravitacional.<\/p>\n<p>Ao estudar a evolu\u00e7\u00e3o das estrelas nas d\u00e9cadas de 1920 2 1930, pesquisadores conclu\u00edram que as estrelas poderiam entrar em colapso gravitacional, mas \u00e9 preciso que elas tenham massa o suficiente para se tornarem as chamadas &#8220;estrelas congeladas&#8221;. Elas t\u00eam esse apelido porque o fen\u00f4meno faz com que o seu horizonte de eventos pare\u00e7a im\u00f3vel para quem o observa de longe \u2013 apesar de ser inescap\u00e1vel para quem estiver perto.<\/p>\n<p>O termo buraco negro come\u00e7ou a ser usado na d\u00e9cada de 1960, quando o assunto voltou a ser estudado. Vale notar que eles s\u00e3o objetos, astros, n\u00e3o literalmente buracos no espa\u00e7o-tempo.<\/p>\n<p>O pesquisador Wallace Sargent e sua equipe, em 1978, calculou que existia, na M87, uma massa densa com cinco bilh\u00f5es de vezes o tamanho do Sol do nosso Sistema Solar. Dezessete anos mais tarde, em 1995, Makoto Miyoshi e seu time de pesquisadores confirmaram a exist\u00eancia de buracos negros, ao usar uma t\u00e9cnica de interferometria, que usa o envio de ondas para detecta\u00e7\u00e3o de astros.<\/p>\n<p>A imagem registrada do buraco negro M87, divulgada recentemente, foi capturada por um telesc\u00f3pio chamado Event Horizon Telescope (EHT), que funciona com uma rede de oito telesc\u00f3pios em diferentes pa\u00edses. O buraco negro pode ser registrado porque os pesquisadores j\u00e1 analisavam as ondas de r\u00e1dio que ele emitia \u2013 dados que foram processados por supercomputadores e geraram a imagem de aspecto est\u00e1tico do buraco negro, agora, visto pela humanidade pela primeira vez.<\/p>\n<p><br \/>\n<br \/><a href=\"https:\/\/exame.abril.com.br\/ciencia\/1a-imagem-de-buraco-negro-foi-feito-cientifico-de-mais-de-200-anos\/\">Fonte do Artigo <\/a><\/p>\n","protected":false},"excerpt":{"rendered":"<p>S\u00e3o Paulo \u2013 O primeiro registro de imagem de um buraco negro n\u00e3o aconteceu da noite para o dia. Ele levou mais de duzentos anos para acontecer, desde a tese preliminar at\u00e9 a pr\u00e1tica. O fen\u00f4meno foi observado a 53 milh\u00f5es de anos-luz de dist\u00e2ncia da Terra, no centro de uma gal\u00e1xia chamada Messier 87 [&hellip;]<\/p>\n","protected":false},"author":1,"featured_media":17129,"comment_status":"open","ping_status":"open","sticky":false,"template":"","format":"standard","meta":{"footnotes":""},"categories":[5],"tags":[],"class_list":["post-17233","post","type-post","status-publish","format-standard","has-post-thumbnail","hentry","category-tecnologia"],"_links":{"self":[{"href":"https:\/\/wiy.com.br\/noticias\/wp-json\/wp\/v2\/posts\/17233","targetHints":{"allow":["GET"]}}],"collection":[{"href":"https:\/\/wiy.com.br\/noticias\/wp-json\/wp\/v2\/posts"}],"about":[{"href":"https:\/\/wiy.com.br\/noticias\/wp-json\/wp\/v2\/types\/post"}],"author":[{"embeddable":true,"href":"https:\/\/wiy.com.br\/noticias\/wp-json\/wp\/v2\/users\/1"}],"replies":[{"embeddable":true,"href":"https:\/\/wiy.com.br\/noticias\/wp-json\/wp\/v2\/comments?post=17233"}],"version-history":[{"count":0,"href":"https:\/\/wiy.com.br\/noticias\/wp-json\/wp\/v2\/posts\/17233\/revisions"}],"wp:featuredmedia":[{"embeddable":true,"href":"https:\/\/wiy.com.br\/noticias\/wp-json\/wp\/v2\/media\/17129"}],"wp:attachment":[{"href":"https:\/\/wiy.com.br\/noticias\/wp-json\/wp\/v2\/media?parent=17233"}],"wp:term":[{"taxonomy":"category","embeddable":true,"href":"https:\/\/wiy.com.br\/noticias\/wp-json\/wp\/v2\/categories?post=17233"},{"taxonomy":"post_tag","embeddable":true,"href":"https:\/\/wiy.com.br\/noticias\/wp-json\/wp\/v2\/tags?post=17233"}],"curies":[{"name":"wp","href":"https:\/\/api.w.org\/{rel}","templated":true}]}}