{"id":17160,"date":"2023-02-26T15:42:16","date_gmt":"2023-02-26T18:42:16","guid":{"rendered":"https:\/\/wiy.com.br\/noticias\/apos-deputada-alegar-ameaca-de-morte-janaina-pede-demissao-de-ministro\/"},"modified":"2019-04-13T16:42:53","modified_gmt":"2019-04-13T19:42:53","slug":"apos-deputada-alegar-ameaca-de-morte-janaina-pede-demissao-de-ministro","status":"publish","type":"post","link":"https:\/\/wiy.com.br\/noticias\/apos-deputada-alegar-ameaca-de-morte-janaina-pede-demissao-de-ministro\/","title":{"rendered":"Ap\u00f3s deputada alegar amea\u00e7a de morte, Jana\u00edna pede demiss\u00e3o de ministro"},"content":{"rendered":"<p> <br \/>\n<\/p>\n<div id=\"post-3351158\">\n<header class=\"article-header\">\n<h2 class=\"article-subtitle\">Deputada federal Al\u00ea Silva (PSL-MG) solicitou prote\u00e7\u00e3o policial alegando ter recebido amea\u00e7as do ministro do Turismo, Marcelo \u00c1lvaro Ant\u00f4nio<\/h2>\n<p>Por<br \/>\n                              <span>Estad\u00e3o Conte\u00fado<\/span>                          <\/p>\n<p>\n              <i class=\"material-icons\">access_time<\/i><br \/>\n              <span><br \/>\n                13 abr 2019, 16h38              <\/span>\n            <\/p>\n<\/header>\n<section class=\"share\"><a href=\"whatsapp:\/\/send?text=Ap\u00f3s deputada alegar amea\u00e7a de morte, Jana\u00edna pede demiss\u00e3o de ministro https:\/\/exame.abril.com.br\/brasil\/apos-deputada-alegar-ameaca-de-morte-janaina-pede-demissao-de-ministro\/?utm_source=whatsapp&amp;utm_medium=social&amp;utm_campaign=barra-compartilhamento EXAME\" data-action=\"share\/whatsapp\/share\" class=\"whatsapp  hidden-md hidden-lg\"><i class=\"icon-whatsapp\"\/><\/a><\/p>\n<p>      <a href=\"https:\/\/facebook.com\/sharer\/sharer.php?u=https:\/\/exame.abril.com.br\/brasil\/apos-deputada-alegar-ameaca-de-morte-janaina-pede-demissao-de-ministro\/\" target=\"_blank\" class=\"\" rel=\"noopener noreferrer\"><i class=\"icon-facebook\"\/><\/a><\/p>\n<p>      <a href=\"https:\/\/twitter.com\/intent\/tweet?url=https%3A%2F%2Fexame.abril.com.br%2Fbrasil%2Fapos-deputada-alegar-ameaca-de-morte-janaina-pede-demissao-de-ministro%2F&amp;text=Ap\u00f3s deputada alegar amea\u00e7a de morte, Jana\u00edna pede demiss\u00e3o de ministro&amp;via=exame\" target=\"_blank\" class=\"\" rel=\"noopener noreferrer\"><i class=\"icon-twitter\"\/><\/a><\/p>\n<p>      <a href=\"fb-messenger:\/\/share\/?link=https:\/\/exame.abril.com.br\/brasil\/apos-deputada-alegar-ameaca-de-morte-janaina-pede-demissao-de-ministro\/&amp;app_id=\" class=\"whatsapp  hidden-sm hidden-xs hidden-md hidden-lg\"><i class=\"icon-Facebook-Messenger\"\/><\/a><\/p>\n<p>      <a href=\"https:\/\/www.linkedin.com\/shareArticle?mini=true&amp;url=https%3A%2F%2Fexame.abril.com.br%2Fbrasil%2Fapos-deputada-alegar-ameaca-de-morte-janaina-pede-demissao-de-ministro%2F&amp;summary=&amp;source=LinkedIn\" target=\"_blank\" class=\" hidden-sm hidden-xs\" rel=\"noopener noreferrer\"><i class=\"icon-linkedin\"\/><\/a><\/p>\n<p>      <a href=\"https:\/\/plus.google.com\/share?url=https%3A%2F%2Fexame.abril.com.br%2Fbrasil%2Fapos-deputada-alegar-ameaca-de-morte-janaina-pede-demissao-de-ministro%2F\" target=\"_blank\" class=\" hidden-sm hidden-xs hidden-md hidden-lg\" rel=\"noopener noreferrer\"><i class=\"icon-google-plus\"\/><\/a><\/p>\n<p>      <a href=\"#respond\" class=\" hidden-sm hidden-xs hidden-md hidden-lg\"><i class=\"material-icons\">chat_bubble_outline<\/i><\/a><\/p>\n<p>      <a href=\"mailto:?subject=Ap\u00f3s deputada alegar amea\u00e7a de morte, Jana\u00edna pede demiss\u00e3o de ministro&amp;body=Ap\u00f3s deputada alegar amea\u00e7a de morte, Jana\u00edna pede demiss\u00e3o de ministro https:\/\/exame.abril.com.br\/brasil\/apos-deputada-alegar-ameaca-de-morte-janaina-pede-demissao-de-ministro\/?utm_source=email&amp;utm_medium=email&amp;utm_campaign=barra-compartilhamento via EXAME\" class=\"\"><i class=\"icon-envelope-o\"\/><\/a><\/p>\n<p>            <a href=\"\/\/pinterest.com\/pin\/create\/link\/?url=https:\/\/exame.abril.com.br\/brasil\/apos-deputada-alegar-ameaca-de-morte-janaina-pede-demissao-de-ministro\/&amp;description=Ap\u00f3s deputada alegar amea\u00e7a de morte, Jana\u00edna pede demiss\u00e3o de ministro&amp;media=https:\/\/abrilexame.files.wordpress.com\/2019\/04\/1027267-23-06-2016img_6352.jpg?quality=70&amp;strip=info&amp;w=680&amp;h=453&amp;crop=1\" class=\" hidden-sm hidden-xs hidden-md hidden-lg\" target=\"_blank\" rel=\"noopener noreferrer\"><i class=\"icon-pinterest\"\/><\/a><\/p>\n<p>      <i class=\"material-icons\" onclick=\"toggle(this,'.share','more_horiz','close')\">more_horiz<\/i><br \/>\n          <\/section>\n<section class=\"article-content\">\n<div class=\"featured-image\">\n<div class=\"image\">\n              <img decoding=\"async\" src=\"https:\/\/abrilexame.files.wordpress.com\/2019\/04\/1027267-23-06-2016img_6352.jpg\" class=\"abril-image optimized lazyload\" abril-data-id=\"3351158\"  alt = \"1027267-23-06-2016img_6352 Ap\u00f3s deputada alegar amea\u00e7a de morte, Jana\u00edna pede demiss\u00e3o de ministro\"title = \"[Tags]\"\/><\/div>\n<p class=\"caption\">Jana\u00edna Paschoal: den\u00fancia foi publicada na Folha de S. Paulo\u00a0(Marcelo Camargo\/Ag\u00eancia Brasil)<\/p>\n<\/p><\/div>\n<p>S\u00e3o Paulo \u2013 A deputada estadual Jana\u00edna Paschoal (PSL\/SP) pediu neste s\u00e1bado (13), em sua conta no Twitter, a demiss\u00e3o do ministro do Turismo, Marcelo \u00c1lvaro Ant\u00f4nio. O pedido ocorre ap\u00f3s a deputada federal Al\u00ea Silva (PSL-MG) ter solicitado prote\u00e7\u00e3o policial alegando ter recebido amea\u00e7as do ministro, segundo reportagem do jornal Folha de S\u00e3o Paulo.<\/p>\n<p>\u201cTodo meu apoio \u00e0 Deputada Federal Al\u00ea Silva. E agora, Presidente? O Ministro do Turismo fica? A Deputada Federal eleita tamb\u00e9m estaria mentindo? Exijo a demiss\u00e3o do Ministro! N\u00e3o tem que esperar conclus\u00e3o de inqu\u00e9rito nenhum!\u201d, disse.<\/p>\n<p>A amea\u00e7a de morte \u00e0 deputada Al\u00ea Silva teria ocorrido em uma reuni\u00e3o do ministro com correligion\u00e1rios em mar\u00e7o, em Belo Horizonte. A parlamentar prestou depoimento espont\u00e2neo na \u00faltima quarta-feira \u00e0 Pol\u00edcia Federal relatando esquema de candidaturas de laranjas no PSL, comandado por \u00c1lvaro Ant\u00f4nio. Ela deve prestar depoimento nas pr\u00f3ximas semanas.<\/p>\n<p>Segundo Jana\u00edna, o afastamento do ministro n\u00e3o implicaria atribui\u00e7\u00e3o de culpa, \u201capenas um sinal de que o presidente se importa com as mulheres de seu partido\u201d.<\/p>\n<\/section>\n<section class=\"article-tags\"><span><br \/>\n                Not\u00edcias sobre              <\/span><br \/>\n              <a href=\"https:\/\/exame.abril.com.br\/noticias-sobre\/camara-dos-deputados\/\" rel=\"tag\">C\u00e2mara dos Deputados<\/a><a href=\"https:\/\/exame.abril.com.br\/noticias-sobre\/corrupcao\/\" rel=\"tag\">Corrup\u00e7\u00e3o<\/a><a href=\"https:\/\/exame.abril.com.br\/noticias-sobre\/governo-bolsonaro\/\" rel=\"tag\">Governo Bolsonaro<\/a><a href=\"https:\/\/exame.abril.com.br\/noticias-sobre\/janaina-paschoal\/\" rel=\"tag\">Jana\u00edna Paschoal<\/a><a href=\"https:\/\/exame.abril.com.br\/noticias-sobre\/marcelo-alvaro-antonio\/\" rel=\"tag\">Marcelo \u00c1lvaro Ant\u00f4nio<\/a><a href=\"https:\/\/exame.abril.com.br\/noticias-sobre\/ministerio-do-turismo\/\" rel=\"tag\">Minist\u00e9rio do Turismo<\/a><a href=\"https:\/\/exame.abril.com.br\/noticias-sobre\/psl-partido-social-liberal\/\" rel=\"tag\">PSL \u2013 Partido Social Liberal<\/a>            <\/section>\n<\/p><\/div>\n<p><script async src=\"http:\/\/platform.twitter.com\/widgets.js\" charset=\"utf-8\"><\/script><script type=\"text\/javascript\">(function(d){var id=\"facebook-jssdk\";if(!d.getElementById(id)){var js=d.createElement(\"script\"),ref=d.getElementsByTagName(\"script\")[0];js.id=id,js.async=true,js.src=\"https:\/\/connect.facebook.net\/pt_BR\/all.js\",ref.parentNode.insertBefore(js,ref)}})(document)<\/script><br \/>\n<br \/><br \/>\n<br \/><a href=\"https:\/\/exame.abril.com.br\/brasil\/apos-deputada-alegar-ameaca-de-morte-janaina-pede-demissao-de-ministro\/\">Fonte do Artigo <\/a><\/p>\n","protected":false},"excerpt":{"rendered":"<p>Deputada federal Al\u00ea Silva (PSL-MG) solicitou prote\u00e7\u00e3o policial alegando ter recebido amea\u00e7as do ministro do Turismo, Marcelo \u00c1lvaro Ant\u00f4nio Por Estad\u00e3o Conte\u00fado access_time 13 abr 2019, 16h38 chat_bubble_outline more_horiz Jana\u00edna Paschoal: den\u00fancia foi publicada na Folha de S. Paulo\u00a0(Marcelo Camargo\/Ag\u00eancia Brasil) S\u00e3o Paulo \u2013 A deputada estadual Jana\u00edna Paschoal (PSL\/SP) pediu neste s\u00e1bado (13), em [&hellip;]<\/p>\n","protected":false},"author":1,"featured_media":17161,"comment_status":"open","ping_status":"open","sticky":false,"template":"","format":"standard","meta":{"footnotes":""},"categories":[337],"tags":[],"class_list":["post-17160","post","type-post","status-publish","format-standard","has-post-thumbnail","hentry","category-noticias"],"_links":{"self":[{"href":"https:\/\/wiy.com.br\/noticias\/wp-json\/wp\/v2\/posts\/17160","targetHints":{"allow":["GET"]}}],"collection":[{"href":"https:\/\/wiy.com.br\/noticias\/wp-json\/wp\/v2\/posts"}],"about":[{"href":"https:\/\/wiy.com.br\/noticias\/wp-json\/wp\/v2\/types\/post"}],"author":[{"embeddable":true,"href":"https:\/\/wiy.com.br\/noticias\/wp-json\/wp\/v2\/users\/1"}],"replies":[{"embeddable":true,"href":"https:\/\/wiy.com.br\/noticias\/wp-json\/wp\/v2\/comments?post=17160"}],"version-history":[{"count":0,"href":"https:\/\/wiy.com.br\/noticias\/wp-json\/wp\/v2\/posts\/17160\/revisions"}],"wp:featuredmedia":[{"embeddable":true,"href":"https:\/\/wiy.com.br\/noticias\/wp-json\/wp\/v2\/media\/17161"}],"wp:attachment":[{"href":"https:\/\/wiy.com.br\/noticias\/wp-json\/wp\/v2\/media?parent=17160"}],"wp:term":[{"taxonomy":"category","embeddable":true,"href":"https:\/\/wiy.com.br\/noticias\/wp-json\/wp\/v2\/categories?post=17160"},{"taxonomy":"post_tag","embeddable":true,"href":"https:\/\/wiy.com.br\/noticias\/wp-json\/wp\/v2\/tags?post=17160"}],"curies":[{"name":"wp","href":"https:\/\/api.w.org\/{rel}","templated":true}]}}