{"id":17158,"date":"2023-02-26T15:50:37","date_gmt":"2023-02-26T18:50:37","guid":{"rendered":"https:\/\/wiy.com.br\/noticias\/mapa-mostra-quanto-o-mundo-perdeu-de-gelo-em-meio-seculo\/"},"modified":"2019-04-13T16:37:45","modified_gmt":"2019-04-13T19:37:45","slug":"mapa-mostra-quanto-o-mundo-perdeu-de-gelo-em-meio-seculo","status":"publish","type":"post","link":"https:\/\/wiy.com.br\/noticias\/mapa-mostra-quanto-o-mundo-perdeu-de-gelo-em-meio-seculo\/","title":{"rendered":"Mapa mostra quanto o mundo perdeu de gelo em meio s\u00e9culo"},"content":{"rendered":"<p> <br \/>\n<\/p>\n<p>S\u00e3o Paulo &#8211; Em 55 anos, de 1961 a 2016, as geleiras da Terra perderam <span>mais de 9 trilh\u00f5es de toneladas de gelo, contribuindo para um aumento m\u00e9dio de 27 mil\u00edmetros no n\u00edvel global do mar. <\/span>Os dados s\u00e3o de um novo estudo liderado pela Universidade de Zurique e publicado na revista cient\u00edfica <a href=\"https:\/\/www.nature.com\/articles\/s41586-019-1071-0\" target=\"_blank\" rel=\"noopener noreferrer\"><em>Nature.\u00a0<\/em><\/a><\/p>\n<p>As perdas foram mais pronunciadas nas geleiras do Alasca, seguidas pelos glaciares da Patag\u00f4nia (que recentemente registrou <a href=\"https:\/\/exame.abril.com.br\/ciencia\/calor-recorde-e-registrado-em-geleira-da-patagonia-argentina\/\" target=\"_blank\" rel=\"noopener noreferrer\">recorde de temperatura<\/a>) e as forma\u00e7\u00f5es geladas do \u00c1rtico.<\/p>\n<p><span>As geleiras dos Alpes europeus, a cordilheira do C\u00e1ucaso (regi\u00e3o que divide a \u00c1sia da Europa) e a Nova Zel\u00e2ndia tamb\u00e9m sofreram perda significativa de gelo, mas <\/span><span>devido \u00e0s suas \u00e1reas glaciares relativamente pequenas, elas desempenharam um papel menor no aumento do n\u00edvel do mar global.<\/span><\/p>\n<div class=\"widget-news widget-box no-margin no-border\"><span class=\"widget-news-title content-box-title\">Veja tamb\u00e9m<\/span><\/p>\n<ul class=\"widget-news-list\">\n<li class=\"widget-news-item without-thumb with-border\">\n<div class=\"widget-news-info\"><a href=\"http:\/\/exame.abril.com.br\/ciencia\">CI\u00caNCIA<\/a><span class=\"widget-news-item-title\"><a href=\"https:\/\/exame.abril.com.br\/ciencia\/o-sos-do-polo-norte-aquecimento-e-degelo-lancam-artico-ao-desconhecido\/\">O &#8220;SOS&#8221; do Polo Norte: aquecimento e degelo lan\u00e7am \u00c1rtico ao desconhecido<\/a><\/span><span class=\"widget-news-item-date\">21 dez 2018 &#8211; 06h12<\/span><\/div>\n<\/li>\n<li class=\"widget-news-item without-thumb with-border\">\n<div class=\"widget-news-info\"><a href=\"http:\/\/exame.abril.com.br\/ciencia\">CI\u00caNCIA<\/a><span class=\"widget-news-item-title\"><a href=\"https:\/\/exame.abril.com.br\/ciencia\/geleiras-dos-alpes-podem-perder-90-de-seu-volume-em-80-anos-diz-estudo\/\">Geleiras dos Alpes podem perder 90% de seu volume em 80 anos, diz estudo<\/a><\/span><span class=\"widget-news-item-date\">9 abr 2019 &#8211; 15h04<\/span><\/div>\n<\/li>\n<\/ul>\n<\/div>\n<p>Os pesquisadores combinaram m\u00e9todos de medi\u00e7\u00e3o de campo e dados<span> compilados pelo Servi\u00e7o Mundial de Monitoramento de Geleiras <\/span>com observa\u00e7\u00f5es por sat\u00e9lite geod\u00e9sico, capaz de medir digitalmente a superf\u00edcie da Terra e as mudan\u00e7as na espessura de gelo ao longo do tempo.<\/p>\n<p>Para o estudo, foram reconstru\u00eddas modifica\u00e7\u00f5es ocorridas em mais de 19.000 glaciares em todo o mundo em 55 anos. Os resultados pintam um cen\u00e1rio preocupante.<\/p>\n<p><span>A<\/span><span>tualmente, 335 bilh\u00f5es de toneladas de gelo s\u00e3o perdidas a cada ano. <\/span><span>Isso equivale ao volume de gelo armazenado nos Alpes europeus e <\/span><span>corresponde a um aumento no n\u00edvel do mar de quase 1 mil\u00edmetro por ano.\u00a0<\/span><\/p>\n<p>O decl\u00ednio global <span>de massa de gelo glacial aumentou significativamente nos \u00faltimos 30 anos e est\u00e1 associado ao clima mais quente no mundo, que \u00e9 afetado tanto pelo<strong><a href=\"https:\/\/exame.abril.com.br\/noticias-sobre\/aquecimento-global\/\" target=\"_blank\" rel=\"noopener noreferrer\"> aquecimento global<\/a><\/strong> quanto por variabilidades temporais de curto prazo.<\/span><\/p>\n<p>&nbsp;<\/p>\n<p><br \/>\n<br \/><a href=\"https:\/\/exame.abril.com.br\/ciencia\/mapa-mostra-quanto-o-mundo-perdeu-de-gelo-em-meio-seculo\/\">Fonte do Artigo <\/a><\/p>\n","protected":false},"excerpt":{"rendered":"<p>S\u00e3o Paulo &#8211; Em 55 anos, de 1961 a 2016, as geleiras da Terra perderam mais de 9 trilh\u00f5es de toneladas de gelo, contribuindo para um aumento m\u00e9dio de 27 mil\u00edmetros no n\u00edvel global do mar. Os dados s\u00e3o de um novo estudo liderado pela Universidade de Zurique e publicado na revista cient\u00edfica Nature.\u00a0 As [&hellip;]<\/p>\n","protected":false},"author":1,"featured_media":17159,"comment_status":"open","ping_status":"open","sticky":false,"template":"","format":"standard","meta":{"footnotes":""},"categories":[5],"tags":[],"class_list":["post-17158","post","type-post","status-publish","format-standard","has-post-thumbnail","hentry","category-tecnologia"],"_links":{"self":[{"href":"https:\/\/wiy.com.br\/noticias\/wp-json\/wp\/v2\/posts\/17158","targetHints":{"allow":["GET"]}}],"collection":[{"href":"https:\/\/wiy.com.br\/noticias\/wp-json\/wp\/v2\/posts"}],"about":[{"href":"https:\/\/wiy.com.br\/noticias\/wp-json\/wp\/v2\/types\/post"}],"author":[{"embeddable":true,"href":"https:\/\/wiy.com.br\/noticias\/wp-json\/wp\/v2\/users\/1"}],"replies":[{"embeddable":true,"href":"https:\/\/wiy.com.br\/noticias\/wp-json\/wp\/v2\/comments?post=17158"}],"version-history":[{"count":0,"href":"https:\/\/wiy.com.br\/noticias\/wp-json\/wp\/v2\/posts\/17158\/revisions"}],"wp:featuredmedia":[{"embeddable":true,"href":"https:\/\/wiy.com.br\/noticias\/wp-json\/wp\/v2\/media\/17159"}],"wp:attachment":[{"href":"https:\/\/wiy.com.br\/noticias\/wp-json\/wp\/v2\/media?parent=17158"}],"wp:term":[{"taxonomy":"category","embeddable":true,"href":"https:\/\/wiy.com.br\/noticias\/wp-json\/wp\/v2\/categories?post=17158"},{"taxonomy":"post_tag","embeddable":true,"href":"https:\/\/wiy.com.br\/noticias\/wp-json\/wp\/v2\/tags?post=17158"}],"curies":[{"name":"wp","href":"https:\/\/api.w.org\/{rel}","templated":true}]}}