{"id":17116,"date":"2023-02-26T15:27:15","date_gmt":"2023-02-26T18:27:15","guid":{"rendered":"https:\/\/wiy.com.br\/noticias\/exercito-envia-homens-para-auxiliar-nas-buscas-na-comunidade-da-muzema\/"},"modified":"2019-04-13T12:15:11","modified_gmt":"2019-04-13T15:15:11","slug":"exercito-envia-homens-para-auxiliar-nas-buscas-na-comunidade-da-muzema","status":"publish","type":"post","link":"https:\/\/wiy.com.br\/noticias\/exercito-envia-homens-para-auxiliar-nas-buscas-na-comunidade-da-muzema\/","title":{"rendered":"Ex\u00e9rcito envia homens para auxiliar nas buscas na comunidade da Muzema"},"content":{"rendered":"<p> <br \/>\n<\/p>\n<div>\n<p>\nRIO &#8211; Pelo menos 36 homens do Ex\u00e9rcito, entre t\u00e9cnicos especializados e engenheiros, est\u00e3o ajudando no resgate das v\u00edtimas do desabamento dos pr\u00e9dios na comunidade da Muzema, na Zona Oeste do Rio. Segundo o Comando Militar Leste, os militares est\u00e3o &#8220;equipados com m\u00e1quinas (basculantes, tratores multiuso e retroescavadeira) para o apoio \u00e0s buscas por sobreviventes e para a remo\u00e7\u00e3o de escombros&#8221;. Os militares atuam em conjunto com os agentes da Defesa Civil.\n<\/p>\n<p>\n\u2014 Como h\u00e1 um dado m\u00e9dio internacional de que m\u00e1quinas muito pesadas s\u00f3 podem estar na \u00e1rea, em geral, 72 horas depois, cedemos nossas equipes de engenheiro com tratores multiusos, que s\u00e3o \u00e1geis e vers\u00e1teis \u2014 explicou o porta-voz do Comando Militar do Leste (CML), coronel Carlos Cinelli.\n<\/p>\n<figure class=\"article__picture article__picture--horizontal\"><img title = \"[Tags]\"class=\"article__picture-image\" data-src=\"https:\/\/ogimg.infoglobo.com.br\/in\/23597469-dc7-aab\/FT1086A\/652\/xWhatsApp-Image-2019-04-13-at-10.52.09-2.jpeg.jpg.pagespeed.ic.pCAXS51m_7.jpg\"alt = \"xWhatsApp-Image-2019-04-13-at-10.52.09-2.jpeg.jpg.pagespeed.ic.pCAXS51m_7 Ex\u00e9rcito envia homens para auxiliar nas buscas na comunidade da Muzema\"\/><figcaption class=\"article__picture-caption\">Militares auxiliam nas buscapor sobreviventes na Muzema Foto: Priscilla Aguiar Litwak \/ O Globo<\/figcaption><\/figure>\n<p>\nO trabalho de resgate de v\u00edtimas pelo corpo de bombeiros tamb\u00e9m est\u00e1 contando com apoio de religiosos. Fi\u00e9is da Igreja Evang\u00e9lica Batista Recome\u00e7o e da Igreja Cat\u00f3lica Par\u00f3quia S\u00e3o Bartolomeu se juntaram para fazer quentinhas para as equipes de bombeiros e para as fam\u00edlias de v\u00edtimas. Eles est\u00e3o preparando almo\u00e7o para cerca de 150 pessoas. Os volunt\u00e1rios est\u00e3o se revezando desde sexta-feira.\n<\/p>\n<p>\n\u2014 A cada tr\u00eas horas, vem um grupo diferente. S\u00f3 na nossa igreja mais de 80 pessoas est\u00e3o envolvidas ajudando. Tamb\u00e9m estamos recebendo alimentos para cestas b\u00e1sicas e roupas \u2014 diz a assistente social Ver\u00f4nica Melo, da Par\u00f3quia S\u00e3o Bartolomeu.\n<\/p>\n<p>\nA t\u00e9cnica em radiologia Ana Carolina Martins, da Igreja Batista Recome\u00e7o, ressaltou a import\u00e2ncia da uni\u00e3o de diferentes religiosos para ajudar envolvidos na trag\u00e9dia:\n<\/p>\n<p>\n\u2014 Somos a igreja, seguidores de Cristos, independentemente de religi\u00e3o. Estamos aqui para servir.\n<\/p>\n<p>\nMoradora de um condom\u00ednio pr\u00f3ximo aos que desabaram na Comunidade da Muzema, nesta sexta-feira, a organizadora de casas, Maria Ant\u00f4nia de Jesus, mobilizou um grupo de moradores da regi\u00e3o que n\u00e3o foram atingidos pela trag\u00e9dia para ajudar bombeiros e parentes que passaram a noite \u00e0 espera de not\u00edcias de sobreviventes.\n<\/p>\n<section class=\"block block--advertising\">\n<\/section>\n<p>\n\u2014 Trouxemos \u00e1gua, caf\u00e9, suco, p\u00e3o. \u00c9 o m\u00ednimo que podemos fazer. Quem puder ajudar com coisas maiores como cama, geladeira. Toda contribui\u00e7\u00e3o \u00e9 bem-vinda. Essas pessoas perderam tudo. H\u00e1 uma m\u00eas eu morava em uma casa pr\u00f3xima \u00e0 uma ribanceira que desabou. Podia ter sido eu. Podia ter sido qualquer pessoa \u2014 acrescentou.\n<\/p>\n<\/div>\n<p><br \/>\n<br \/><a href=\"https:\/\/oglobo.globo.com\/rio\/exercito-envia-homens-para-auxiliar-nas-buscas-na-comunidade-da-muzema-23597471\">Fonte do Artigo <\/a><\/p>\n","protected":false},"excerpt":{"rendered":"<p>RIO &#8211; Pelo menos 36 homens do Ex\u00e9rcito, entre t\u00e9cnicos especializados e engenheiros, est\u00e3o ajudando no resgate das v\u00edtimas do desabamento dos pr\u00e9dios na comunidade da Muzema, na Zona Oeste do Rio. Segundo o Comando Militar Leste, os militares est\u00e3o &#8220;equipados com m\u00e1quinas (basculantes, tratores multiuso e retroescavadeira) para o apoio \u00e0s buscas por sobreviventes [&hellip;]<\/p>\n","protected":false},"author":1,"featured_media":17117,"comment_status":"open","ping_status":"open","sticky":false,"template":"","format":"standard","meta":{"footnotes":""},"categories":[337],"tags":[],"class_list":["post-17116","post","type-post","status-publish","format-standard","has-post-thumbnail","hentry","category-noticias"],"_links":{"self":[{"href":"https:\/\/wiy.com.br\/noticias\/wp-json\/wp\/v2\/posts\/17116","targetHints":{"allow":["GET"]}}],"collection":[{"href":"https:\/\/wiy.com.br\/noticias\/wp-json\/wp\/v2\/posts"}],"about":[{"href":"https:\/\/wiy.com.br\/noticias\/wp-json\/wp\/v2\/types\/post"}],"author":[{"embeddable":true,"href":"https:\/\/wiy.com.br\/noticias\/wp-json\/wp\/v2\/users\/1"}],"replies":[{"embeddable":true,"href":"https:\/\/wiy.com.br\/noticias\/wp-json\/wp\/v2\/comments?post=17116"}],"version-history":[{"count":0,"href":"https:\/\/wiy.com.br\/noticias\/wp-json\/wp\/v2\/posts\/17116\/revisions"}],"wp:featuredmedia":[{"embeddable":true,"href":"https:\/\/wiy.com.br\/noticias\/wp-json\/wp\/v2\/media\/17117"}],"wp:attachment":[{"href":"https:\/\/wiy.com.br\/noticias\/wp-json\/wp\/v2\/media?parent=17116"}],"wp:term":[{"taxonomy":"category","embeddable":true,"href":"https:\/\/wiy.com.br\/noticias\/wp-json\/wp\/v2\/categories?post=17116"},{"taxonomy":"post_tag","embeddable":true,"href":"https:\/\/wiy.com.br\/noticias\/wp-json\/wp\/v2\/tags?post=17116"}],"curies":[{"name":"wp","href":"https:\/\/api.w.org\/{rel}","templated":true}]}}