{"id":17053,"date":"2023-02-26T15:43:45","date_gmt":"2023-02-26T18:43:45","guid":{"rendered":"https:\/\/wiy.com.br\/noticias\/tiago-nunes-recusa-oferta-do-galo-e-gera-bate-boca-entre-diretorias\/"},"modified":"2019-04-13T05:25:12","modified_gmt":"2019-04-13T08:25:12","slug":"tiago-nunes-recusa-oferta-do-galo-e-gera-bate-boca-entre-diretorias","status":"publish","type":"post","link":"https:\/\/wiy.com.br\/noticias\/tiago-nunes-recusa-oferta-do-galo-e-gera-bate-boca-entre-diretorias\/","title":{"rendered":"Tiago Nunes recusa oferta do Galo e gera bate-boca entre diretorias"},"content":{"rendered":"<p> <br \/>\n<br \/><img title = \"[Tags]\"alt = \"5cb197718eb9b Tiago Nunes recusa oferta do Galo e gera bate-boca entre diretorias\"decoding=\"async\" src=\"http:\/\/www.lance.com.br\/\/files\/\/uploads\/2019\/04\/13\/5cb197718eb9b.jpeg\" \/><\/p>\n<div>\n<p class=\"paragraph\" id=\"p490374-m523-522-524\">O t\u00e9cnico Tiago Nunes, atualmente no Atlhetico-PR, recusou a oferta do Atl\u00e9tico-MG para deixar o Furac\u00e3o e dirigir o Galo. No fim da sexta-feira, 12 de abril, o clube paranaense postou em suas redes sociais que Tiago ficaria em Curitiba. <\/p>\n<p>-Ele fica-dizia a postagem nas redes do Furac\u00e3o, que se dirigia diretamente aos mineiros. <\/p>\n<p>A forma como o neg\u00f3cio foi conduzido pelo Galo desagradou o Atlhetico-PR, principalmente o presidente do conselho deliberativo do clube,  M\u00e1rio Celso Petraglia, que fez acusa\u00e7\u00f5es contra o Galo, chamando o alvinegro de Minas de \u201canti\u00e9tico\u201d pela investida em Tiago Nunes, \u201cpassando por cima\u201d do contrato que o t\u00e9cnico possui com com os paranaenses. <\/p>\n<p class=\"paragraph\" id=\"p490374-m598-2-599\">O Galo n\u00e3o ficou atr\u00e1s e rebateu as falas de Petraglia e do Athletico dizendo que Tiago Nunes foi oferecido ao clube por seu empres\u00e1rio, em uma tentativa para receber aumento salarial. O Atl\u00e9tico-MG ofereceu cerca de R$ 300 mil de sal\u00e1rios, mais do que o dobro que Tiago recebe no Furac\u00e3o. <\/p>\n<p>Apostando na teses da oferta do empres\u00e1rio, o Galo Mineiro ironizou M\u00e1rio Celso Petraglia, falando que ele n\u00e3o percebeu o jogo do empres\u00e1rio de Tiago Nunes, apesar de ser  experiente, de for\u00e7ar uma negocia\u00e7\u00e3o salarial para o seu agenciado. <\/p>\n<p>-N\u00e3o foi bem assim. O treinador nos foi oferecido por seu empres\u00e1rio e provavelmente usou desse expediente pra ganhar um expressivo aumento. \u00c9 inacredit\u00e1vel que o Petraglia esteja h\u00e1 50 anos no futebol e n\u00e3o tenha aprendido como funciona!-dizia a publica\u00e7\u00e3o do Galo nas redes sociais.  <\/p>\n<p>Em outra publica\u00e7\u00e3o de M\u00e1rio Celso Petraglia, o dirigente destinou sua insatisfa\u00e7\u00e3o ao Galo de forma bem direta, atacando tamb\u00e9m o novo diretor de futebol do clube mineiro, Rui Costa, que trabalhou no Furac\u00e3o em 2018 e inicio de 2019.  <\/p>\n<p>-Incr\u00edvel, \u00e9 verdade, o \u201cMineiro\u201d de forma anti\u00e9tica fez proposta milion\u00e1ria ao nosso t\u00e9cnico TNunes! O pr\u00f3prio presidente, seu vice e o traria Rui Costa participaram em viva voz do telefonema!Desespero total! Esqueceram eles que o TN \u00e9 de homem de palavra trabalha no Paranaense!-dizia a publica\u00e7\u00e3o. <\/p>\n<p>Enquanto n\u00e3o resolveu quem ser\u00e1 o novo t\u00e9cnico, o Galo ter\u00e1 o treinador da base atleticana, Rodrigo Santana, como comandante nas finais do Campeonato Mineiro, diante do Cruzeiro, nos dias 14 e 20 de abril. <\/p>\n<\/div>\n<p><script>(function(d, s, id) {\n    var js, fjs = d.getElementsByTagName(s)[0];\n    if (d.getElementById(id)) return;\n    js = d.createElement(s); js.id = id;\n    js.src = 'https:\/\/connect.facebook.net\/pt_BR\/sdk.js#xfbml=1&version=v2.12&appId=1124817024230602';\n    fjs.parentNode.insertBefore(js, fjs);\n    }(document, 'script', 'facebook-jssdk'));<\/script><br \/>\n<br \/><br \/>\n<br \/><a href=\"http:\/\/www.lance.com.br\/atletico-mineiro\/tiago-nunes-recusa-oferta-galo-gera-bate-boca-entre-diretorias.html\">Link do Artigo <\/a><\/p>\n","protected":false},"excerpt":{"rendered":"<p>O t\u00e9cnico Tiago Nunes, atualmente no Atlhetico-PR, recusou a oferta do Atl\u00e9tico-MG para deixar o Furac\u00e3o e dirigir o Galo. No fim da sexta-feira, 12 de abril, o clube paranaense postou em suas redes sociais que Tiago ficaria em Curitiba. -Ele fica-dizia a postagem nas redes do Furac\u00e3o, que se dirigia diretamente aos mineiros. A [&hellip;]<\/p>\n","protected":false},"author":1,"featured_media":17054,"comment_status":"open","ping_status":"open","sticky":false,"template":"","format":"standard","meta":{"footnotes":""},"categories":[372],"tags":[],"class_list":["post-17053","post","type-post","status-publish","format-standard","has-post-thumbnail","hentry","category-futebol"],"_links":{"self":[{"href":"https:\/\/wiy.com.br\/noticias\/wp-json\/wp\/v2\/posts\/17053","targetHints":{"allow":["GET"]}}],"collection":[{"href":"https:\/\/wiy.com.br\/noticias\/wp-json\/wp\/v2\/posts"}],"about":[{"href":"https:\/\/wiy.com.br\/noticias\/wp-json\/wp\/v2\/types\/post"}],"author":[{"embeddable":true,"href":"https:\/\/wiy.com.br\/noticias\/wp-json\/wp\/v2\/users\/1"}],"replies":[{"embeddable":true,"href":"https:\/\/wiy.com.br\/noticias\/wp-json\/wp\/v2\/comments?post=17053"}],"version-history":[{"count":0,"href":"https:\/\/wiy.com.br\/noticias\/wp-json\/wp\/v2\/posts\/17053\/revisions"}],"wp:featuredmedia":[{"embeddable":true,"href":"https:\/\/wiy.com.br\/noticias\/wp-json\/wp\/v2\/media\/17054"}],"wp:attachment":[{"href":"https:\/\/wiy.com.br\/noticias\/wp-json\/wp\/v2\/media?parent=17053"}],"wp:term":[{"taxonomy":"category","embeddable":true,"href":"https:\/\/wiy.com.br\/noticias\/wp-json\/wp\/v2\/categories?post=17053"},{"taxonomy":"post_tag","embeddable":true,"href":"https:\/\/wiy.com.br\/noticias\/wp-json\/wp\/v2\/tags?post=17053"}],"curies":[{"name":"wp","href":"https:\/\/api.w.org\/{rel}","templated":true}]}}