{"id":17020,"date":"2023-02-26T15:30:12","date_gmt":"2023-02-26T18:30:12","guid":{"rendered":"https:\/\/wiy.com.br\/noticias\/stf-nega-acao-contra-presidente-da-ccj-sobre-reforma-da-previdencia\/"},"modified":"2019-04-12T23:49:46","modified_gmt":"2019-04-13T02:49:46","slug":"stf-nega-acao-contra-presidente-da-ccj-sobre-reforma-da-previdencia","status":"publish","type":"post","link":"https:\/\/wiy.com.br\/noticias\/stf-nega-acao-contra-presidente-da-ccj-sobre-reforma-da-previdencia\/","title":{"rendered":"STF nega a\u00e7\u00e3o contra presidente da CCJ sobre reforma da Previd\u00eancia"},"content":{"rendered":"<p> <br \/>\n<\/p>\n<p>Bras\u00edlia \u2014 O ministro Ricardo Lewandowski, do Supremo Tribunal Federal (STF), negou nesta sexta-feira (12) uma <a href=\"https:\/\/exame.abril.com.br\/economia\/previdencia-deputado-do-pdt-entra-com-mandato-de-seguranca-contra-ccj\/\" target=\"_blank\" rel=\"noopener noreferrer\">a\u00e7\u00e3o apresentada pelo deputado Afonso Motta (PDT-RS)<\/a> contra ato do presidente da Comiss\u00e3o de Constitui\u00e7\u00e3o, Cidadania e Justi\u00e7a (CCJ), Felipe Francischini (PSL-PR). Motta queria conseguir na Justi\u00e7a o direito de apresentar destaques supressivos \u00e0 proposta da <strong><a href=\"https:\/\/exame.abril.com.br\/noticias-sobre\/reforma-da-previdencia\/\" target=\"_blank\" rel=\"noopener noreferrer\">reforma da Previd\u00eancia<\/a><\/strong> no colegiado. Ou seja, ele queria que os deputados pudessem rejeitar trechos da mat\u00e9ria e n\u00e3o precisem votar necessariamente pela integralidade do projeto.<\/p>\n<p>Na decis\u00e3o, Lewandowski explica que o entendimento da Suprema Corte \u00e9 de n\u00e3o interven\u00e7\u00e3o em mat\u00e9rias relativas \u00e0 interpreta\u00e7\u00e3o de normas regimentais do Congresso, ou seja, que se referem a regras da organiza\u00e7\u00e3o interna da casa legislativa. &#8220;Assim, por ancorar-se o ato questionado e, bem assim, toda a linha argumentativa em fundamento regimental, s\u00f3 pode haver solu\u00e7\u00e3o para a querela objeto destes autos no \u00e2mbito do pr\u00f3prio Poder Legislativo&#8221;, entendeu o ministro.<\/p>\n<div class=\"widget-news widget-box no-margin no-border\"><span class=\"widget-news-title content-box-title\">Veja tamb\u00e9m<\/span><\/p>\n<ul class=\"widget-news-list\">\n<li class=\"widget-news-item without-thumb with-border\">\n<div class=\"widget-news-info\"><a href=\"http:\/\/exame.abril.com.br\/economia\">ECONOMIA<\/a><span class=\"widget-news-item-title\"><a href=\"https:\/\/exame.abril.com.br\/economia\/economistas-da-fgv-defendem-previdencia-mais-simples-porem-mais-rapida\/\">Economistas da FGV defendem Previd\u00eancia mais simples, por\u00e9m mais r\u00e1pida<\/a><\/span><span class=\"widget-news-item-date\">12 abr 2019 &#8211; 14h04<\/span><\/div>\n<\/li>\n<\/ul>\n<\/div>\n<p><strong>Negativa<\/strong><\/p>\n<p>No in\u00edcio da reuni\u00e3o de ter\u00e7a-feira (09) na CCJ, onde foi lido o parecer do relator, deputado Marcelo Freitas (PSL-MG), Motta apresentou uma quest\u00e3o de ordem pedindo que o colegiado aceitasse os chamados destaques supressivos \u00e0 proposta.<\/p>\n<p>Francischini, no entanto, leu uma resposta formal ao pedido do parlamentar do PDT reiterando sua posi\u00e7\u00e3o de n\u00e3o aceitar os destaques e refor\u00e7ou ainda que as emendas \u00e0 PEC s\u00f3 dever\u00e3o ser apresentadas na comiss\u00e3o especial, que \u00e9 a pr\u00f3xima fase na qual a reforma ir\u00e1 tramitar.<\/p>\n<p>Para Mota, ao impedir os membros de apresentarem esse recurso no colegiado, Francischini &#8220;fere o princ\u00edpio regimental&#8221;. No pedido feito ao STF, Motta afirmou que Francischini &#8220;incorreu em grave v\u00edcio de legalidade e abuso de poder, amea\u00e7ando direito l\u00edquido e certo de titularidade do Impetrante, raz\u00e3o pela qual desafia o ajuizamento do presente mandado de seguran\u00e7a&#8221;. O deputado havia dito que, caso seu pedido ao STF n\u00e3o surtisse efeito, ele iria se somar \u00e0 estrat\u00e9gia do Centr\u00e3o. Nesta quarta-feira (10), l\u00edderes partid\u00e1rios amea\u00e7aram atrasar a vota\u00e7\u00e3o da reforma da Previd\u00eancia.<\/p>\n<p><br \/>\n<br \/><a href=\"https:\/\/exame.abril.com.br\/economia\/stf-nega-acao-contra-presidente-da-ccj-sobre-reforma-da-previdencia\/\">Fonte do Artigo <\/a><\/p>\n<p>#noticias #news #o #brasil #venezuela #n #jornalismo #a #love #like #bbb #musica #colombia #tv #blog #fofoca #mexico #gay #caracas #saopaulo #instagram #follow #not #cias #famosos #m #brazil #politica #pol #jeansobrinho<\/p>\n","protected":false},"excerpt":{"rendered":"<p>Bras\u00edlia \u2014 O ministro Ricardo Lewandowski, do Supremo Tribunal Federal (STF), negou nesta sexta-feira (12) uma a\u00e7\u00e3o apresentada pelo deputado Afonso Motta (PDT-RS) contra ato do presidente da Comiss\u00e3o de Constitui\u00e7\u00e3o, Cidadania e Justi\u00e7a (CCJ), Felipe Francischini (PSL-PR). Motta queria conseguir na Justi\u00e7a o direito de apresentar destaques supressivos \u00e0 proposta da reforma da Previd\u00eancia [&hellip;]<\/p>\n","protected":false},"author":1,"featured_media":17021,"comment_status":"open","ping_status":"open","sticky":false,"template":"","format":"standard","meta":{"footnotes":""},"categories":[339],"tags":[],"class_list":["post-17020","post","type-post","status-publish","format-standard","has-post-thumbnail","hentry","category-negocios"],"_links":{"self":[{"href":"https:\/\/wiy.com.br\/noticias\/wp-json\/wp\/v2\/posts\/17020","targetHints":{"allow":["GET"]}}],"collection":[{"href":"https:\/\/wiy.com.br\/noticias\/wp-json\/wp\/v2\/posts"}],"about":[{"href":"https:\/\/wiy.com.br\/noticias\/wp-json\/wp\/v2\/types\/post"}],"author":[{"embeddable":true,"href":"https:\/\/wiy.com.br\/noticias\/wp-json\/wp\/v2\/users\/1"}],"replies":[{"embeddable":true,"href":"https:\/\/wiy.com.br\/noticias\/wp-json\/wp\/v2\/comments?post=17020"}],"version-history":[{"count":0,"href":"https:\/\/wiy.com.br\/noticias\/wp-json\/wp\/v2\/posts\/17020\/revisions"}],"wp:featuredmedia":[{"embeddable":true,"href":"https:\/\/wiy.com.br\/noticias\/wp-json\/wp\/v2\/media\/17021"}],"wp:attachment":[{"href":"https:\/\/wiy.com.br\/noticias\/wp-json\/wp\/v2\/media?parent=17020"}],"wp:term":[{"taxonomy":"category","embeddable":true,"href":"https:\/\/wiy.com.br\/noticias\/wp-json\/wp\/v2\/categories?post=17020"},{"taxonomy":"post_tag","embeddable":true,"href":"https:\/\/wiy.com.br\/noticias\/wp-json\/wp\/v2\/tags?post=17020"}],"curies":[{"name":"wp","href":"https:\/\/api.w.org\/{rel}","templated":true}]}}