{"id":16988,"date":"2023-02-26T15:29:13","date_gmt":"2023-02-26T18:29:13","guid":{"rendered":"https:\/\/wiy.com.br\/noticias\/bolsonaro-fara-reuniao-com-ministros-sobre-preco-de-combustiveis\/"},"modified":"2019-04-12T20:45:29","modified_gmt":"2019-04-12T23:45:29","slug":"bolsonaro-fara-reuniao-com-ministros-sobre-preco-de-combustiveis","status":"publish","type":"post","link":"https:\/\/wiy.com.br\/noticias\/bolsonaro-fara-reuniao-com-ministros-sobre-preco-de-combustiveis\/","title":{"rendered":"Bolsonaro far\u00e1 reuni\u00e3o com ministros sobre pre\u00e7o de combust\u00edveis"},"content":{"rendered":"<p> <br \/>\n<\/p>\n<p>Bras\u00edlia \u2014 A secretaria de Comunica\u00e7\u00e3o da Presid\u00eancia informou nesta noite de sexta-feia que o governo realizar\u00e1 na pr\u00f3xima segunda-feira, 15, uma reuni\u00e3o interministerial na Casa Civil para tratar dos aspectos t\u00e9cnicos sobre a pol\u00edtica de pre\u00e7os para combust\u00edveis.<\/p>\n<p>Nesta sexta, <a href=\"https:\/\/exame.abril.com.br\/economia\/petrobras-volta-atras-e-adia-reajuste-do-diesel\/\" target=\"_blank\" rel=\"noopener noreferrer\">a Petrobras suspendeu um reajuste de 5,7%<\/a> no valor do pre\u00e7o do diesel que havia sido anunciado na quinta a pedido de Bolsonaro. A decis\u00e3o jogou para baixo as a\u00e7\u00f5es da estatal no pr\u00e9-mercado de Nova York e na B3, a Bolsa de S\u00e3o Paulo nesta sexta-feira e <a href=\"https:\/\/exame.abril.com.br\/mercados\/petrobras-perde-quase-r-34-bi-e-faz-ibovespa-cair-22\/\" target=\"_blank\" rel=\"noopener noreferrer\">a Petrobras perdeu R$ 32,4 bilh\u00f5es em valor de mercado<\/a>.<\/p>\n<div class=\"widget-news widget-box no-margin no-border\"><span class=\"widget-news-title content-box-title\">Veja tamb\u00e9m<\/span><\/p>\n<ul class=\"widget-news-list\">\n<li class=\"widget-news-item without-thumb with-border\">\n<div class=\"widget-news-info\"><a href=\"http:\/\/exame.abril.com.br\/brasil\">BRASIL<\/a><span class=\"widget-news-item-title\"><a href=\"https:\/\/exame.abril.com.br\/brasil\/lider-dos-caminhoneiros-agradece-bolsonaro-e-nega-possivel-greve\/\">Caminhoneiros preparam novas demandas ao governo, diz lideran\u00e7a<\/a><\/span><span class=\"widget-news-item-date\">12 abr 2019 &#8211; 11h04<\/span><\/div>\n<\/li>\n<\/ul>\n<\/div>\n<p>Segundo o Planalto, est\u00e1 mantida a reuni\u00e3o de Bolsonaro com o presidente da Petrobras, Roberto Castello Branco, e t\u00e9cnicos da empresa para discutir a quest\u00e3o dos pre\u00e7os. Mais cedo, o porta-voz da Presid\u00eancia afirmou que o encontro tem como objetivo que seja tomada uma decis\u00e3o, mas admitiu que se o presidente avaliar que s\u00e3o necess\u00e1rios mais dados para embasar um aumento do pre\u00e7o do diesel, a decis\u00e3o sobre o diesel pode n\u00e3o ser tomada na ter\u00e7a.<\/p>\n<p><br \/>\n<br \/><a href=\"https:\/\/exame.abril.com.br\/economia\/bolsonaro-fara-reuniao-com-ministros-sobre-preco-de-combustiveis\/\">Fonte do Artigo <\/a><\/p>\n<p>#noticias #news #o #brasil #venezuela #n #jornalismo #a #love #like #bbb #musica #colombia #tv #blog #fofoca #mexico #gay #caracas #saopaulo #instagram #follow #not #cias #famosos #m #brazil #politica #pol #jeansobrinho<\/p>\n","protected":false},"excerpt":{"rendered":"<p>Bras\u00edlia \u2014 A secretaria de Comunica\u00e7\u00e3o da Presid\u00eancia informou nesta noite de sexta-feia que o governo realizar\u00e1 na pr\u00f3xima segunda-feira, 15, uma reuni\u00e3o interministerial na Casa Civil para tratar dos aspectos t\u00e9cnicos sobre a pol\u00edtica de pre\u00e7os para combust\u00edveis. Nesta sexta, a Petrobras suspendeu um reajuste de 5,7% no valor do pre\u00e7o do diesel que [&hellip;]<\/p>\n","protected":false},"author":1,"featured_media":14910,"comment_status":"open","ping_status":"open","sticky":false,"template":"","format":"standard","meta":{"footnotes":""},"categories":[339],"tags":[],"class_list":["post-16988","post","type-post","status-publish","format-standard","has-post-thumbnail","hentry","category-negocios"],"_links":{"self":[{"href":"https:\/\/wiy.com.br\/noticias\/wp-json\/wp\/v2\/posts\/16988","targetHints":{"allow":["GET"]}}],"collection":[{"href":"https:\/\/wiy.com.br\/noticias\/wp-json\/wp\/v2\/posts"}],"about":[{"href":"https:\/\/wiy.com.br\/noticias\/wp-json\/wp\/v2\/types\/post"}],"author":[{"embeddable":true,"href":"https:\/\/wiy.com.br\/noticias\/wp-json\/wp\/v2\/users\/1"}],"replies":[{"embeddable":true,"href":"https:\/\/wiy.com.br\/noticias\/wp-json\/wp\/v2\/comments?post=16988"}],"version-history":[{"count":0,"href":"https:\/\/wiy.com.br\/noticias\/wp-json\/wp\/v2\/posts\/16988\/revisions"}],"wp:featuredmedia":[{"embeddable":true,"href":"https:\/\/wiy.com.br\/noticias\/wp-json\/wp\/v2\/media\/14910"}],"wp:attachment":[{"href":"https:\/\/wiy.com.br\/noticias\/wp-json\/wp\/v2\/media?parent=16988"}],"wp:term":[{"taxonomy":"category","embeddable":true,"href":"https:\/\/wiy.com.br\/noticias\/wp-json\/wp\/v2\/categories?post=16988"},{"taxonomy":"post_tag","embeddable":true,"href":"https:\/\/wiy.com.br\/noticias\/wp-json\/wp\/v2\/tags?post=16988"}],"curies":[{"name":"wp","href":"https:\/\/api.w.org\/{rel}","templated":true}]}}