{"id":16802,"date":"2023-02-26T15:05:14","date_gmt":"2023-02-26T18:05:14","guid":{"rendered":"https:\/\/wiy.com.br\/noticias\/petrobras-volta-atras-e-adia-reajuste-do-diesel\/"},"modified":"2019-04-12T05:49:03","modified_gmt":"2019-04-12T08:49:03","slug":"petrobras-volta-atras-e-adia-reajuste-do-diesel","status":"publish","type":"post","link":"https:\/\/wiy.com.br\/noticias\/petrobras-volta-atras-e-adia-reajuste-do-diesel\/","title":{"rendered":"Petrobras volta atr\u00e1s e adia reajuste do diesel"},"content":{"rendered":"<p> <br \/>\n<\/p>\n<div id=\"\">\n<h2 class=\"article-subtitle\">Na estreia da nova pol\u00edtica de pre\u00e7os, estatal anunciou reajuste de 5,7% no combust\u00edvel, que seria o maior desde o in\u00edcio do governo Bolsonaro<\/h2>\n<p>Por<br \/>\n                              <span>Estad\u00e3o Conte\u00fado<\/span>                          <\/p>\n<p>\n              <i class=\"material-icons\">access_time<\/i><br \/>\n              <span><br \/>\n                12 abr 2019, 05h48              <\/span>\n            <\/p>\n<\/p><\/div>\n<div id=\"\">\n<div class=\"featured-image\">\n<div class=\"image\">\n              <img decoding=\"async\" src=\"https:\/\/abrilexame.files.wordpress.com\/2019\/01\/petrobras.gif\" class=\"abril-image optimized lazyload\" abril-data-id=\"3349437\"  alt = \"petrobras Petrobras volta atr\u00e1s e adia reajuste do diesel\"title = \"[Tags]\"\/><\/div>\n<p class=\"caption\">Petrobras: horas depois de aumento, empresa afirmou que reavaliou as posi\u00e7\u00f5es de hedge e garantiu que pode sustentar o pre\u00e7o do diesel por mais alguns dias\u00a0(Paulo Whitaker\/Reuters)<\/p>\n<\/p><\/div>\n<p>Rio de Janeiro \u2014 Horas depois de anunciar o aumento do pre\u00e7o do diesel, na noite desta quinta-feira, 11, a <strong><a href=\"https:\/\/exame.abril.com.br\/noticias-sobre\/petrobras\/\">Petrobras<\/a><\/strong> voltou atr\u00e1s e informou que manter\u00e1 \u201cpor mais alguns dias\u201d o pre\u00e7o praticado desde 26 de mar\u00e7o, quando mudou sua pol\u00edtica de reajustes.<\/p>\n<p>No m\u00eas passado, diante do risco de nova greve dos caminhoneiros, a empresa anunciou que os pre\u00e7os do diesel nas refinarias, que correspondem a cerca de 54% do total pago pelo consumidor, passar\u00e3o a ser reajustados \u201cpor per\u00edodos n\u00e3o inferiores a 15 dias\u201d. A estatal informou tamb\u00e9m, \u00e0 \u00e9poca, que \u201ccontinuar\u00e1 a utilizar mecanismos de prote\u00e7\u00e3o, como o hedge com o emprego de derivativos, cujo objetivo \u00e9 preservar a rentabilidade de suas opera\u00e7\u00f5es de refino\u201d.<\/p>\n<p>Nesta quinta, exatos 15 dias \u00fateis depois do an\u00fancio, a Petrobras anunciou reajuste de 5,7%. O litro passaria de R$ 2,1432 para R$ 2,2662.<\/p>\n<p>A alta seria a maior desde que os presidentes da Rep\u00fablica, <strong><a href=\"https:\/\/exame.abril.com.br\/noticias-sobre\/jair-bolsonaro\/\">Jair Bolsonaro<\/a><\/strong>, e da petroleira, Roberto Castello Branco, assumiram os cargos. At\u00e9 ent\u00e3o, a maior alta havia sido de 3,5%, registrada em 23 de fevereiro. Com exce\u00e7\u00e3o desses dois casos, os pre\u00e7os variaram em intervalos de 1% a 2,5%.<\/p>\n<p>\u00c0 noite, no entanto, a Petrobras divulgou nota afirmando que \u201cem conson\u00e2ncia com sua estrat\u00e9gia para os reajustes dos pre\u00e7os do diesel divulgada em 25\/3\/2019, revisitou sua posi\u00e7\u00e3o de hedge e avaliou ao longo do dia, com o fechamento do mercado, que h\u00e1 margem para espa\u00e7ar mais alguns dias o reajuste no diesel\u201d.<\/p>\n<p>A empresa afirmou ainda que manter\u00e1 o alinhamento com o Pre\u00e7o de Paridade Internacional (PPI). A nota n\u00e3o d\u00e1 outras informa\u00e7\u00f5es sobre os motivos que levaram ao adiamento do reajuste.<\/p>\n<\/p><\/div>\n<p><script type=\"text\/javascript\">(function(d){var id=\"facebook-jssdk\";if(!d.getElementById(id)){var js=d.createElement(\"script\"),ref=d.getElementsByTagName(\"script\")[0];js.id=id,js.async=true,js.src=\"https:\/\/connect.facebook.net\/pt_BR\/all.js\",ref.parentNode.insertBefore(js,ref)}})(document)<\/script><br \/>\n<br \/><br \/>\n<br \/><a href=\"https:\/\/exame.abril.com.br\/economia\/petrobras-volta-atras-e-adia-reajuste-do-diesel\/\">Fonte do Artigo <\/a><\/p>\n","protected":false},"excerpt":{"rendered":"<p>Na estreia da nova pol\u00edtica de pre\u00e7os, estatal anunciou reajuste de 5,7% no combust\u00edvel, que seria o maior desde o in\u00edcio do governo Bolsonaro Por Estad\u00e3o Conte\u00fado access_time 12 abr 2019, 05h48 Petrobras: horas depois de aumento, empresa afirmou que reavaliou as posi\u00e7\u00f5es de hedge e garantiu que pode sustentar o pre\u00e7o do diesel por [&hellip;]<\/p>\n","protected":false},"author":1,"featured_media":14429,"comment_status":"open","ping_status":"open","sticky":false,"template":"","format":"standard","meta":{"footnotes":""},"categories":[337],"tags":[],"class_list":["post-16802","post","type-post","status-publish","format-standard","has-post-thumbnail","hentry","category-noticias"],"_links":{"self":[{"href":"https:\/\/wiy.com.br\/noticias\/wp-json\/wp\/v2\/posts\/16802","targetHints":{"allow":["GET"]}}],"collection":[{"href":"https:\/\/wiy.com.br\/noticias\/wp-json\/wp\/v2\/posts"}],"about":[{"href":"https:\/\/wiy.com.br\/noticias\/wp-json\/wp\/v2\/types\/post"}],"author":[{"embeddable":true,"href":"https:\/\/wiy.com.br\/noticias\/wp-json\/wp\/v2\/users\/1"}],"replies":[{"embeddable":true,"href":"https:\/\/wiy.com.br\/noticias\/wp-json\/wp\/v2\/comments?post=16802"}],"version-history":[{"count":0,"href":"https:\/\/wiy.com.br\/noticias\/wp-json\/wp\/v2\/posts\/16802\/revisions"}],"wp:featuredmedia":[{"embeddable":true,"href":"https:\/\/wiy.com.br\/noticias\/wp-json\/wp\/v2\/media\/14429"}],"wp:attachment":[{"href":"https:\/\/wiy.com.br\/noticias\/wp-json\/wp\/v2\/media?parent=16802"}],"wp:term":[{"taxonomy":"category","embeddable":true,"href":"https:\/\/wiy.com.br\/noticias\/wp-json\/wp\/v2\/categories?post=16802"},{"taxonomy":"post_tag","embeddable":true,"href":"https:\/\/wiy.com.br\/noticias\/wp-json\/wp\/v2\/tags?post=16802"}],"curies":[{"name":"wp","href":"https:\/\/api.w.org\/{rel}","templated":true}]}}