{"id":16757,"date":"2023-02-26T15:20:13","date_gmt":"2023-02-26T18:20:13","guid":{"rendered":"https:\/\/wiy.com.br\/noticias\/hitler-teria-amado-as-redes-sociais-diz-o-ceo-da-disney\/"},"modified":"2019-04-11T22:38:24","modified_gmt":"2019-04-12T01:38:24","slug":"hitler-teria-amado-as-redes-sociais-diz-o-ceo-da-disney","status":"publish","type":"post","link":"https:\/\/wiy.com.br\/noticias\/hitler-teria-amado-as-redes-sociais-diz-o-ceo-da-disney\/","title":{"rendered":"\u201cHitler teria amado as redes sociais\u201d, diz o CEO da Disney"},"content":{"rendered":"<p> <br \/>\n<\/p>\n<div id=\"\">\n<h2 class=\"article-subtitle\">Bob Iger, diretor do grupo, fez um chamado aos l\u00edderes pol\u00edticos dos Estados Unidos para um debate sem ataques e a cultura do \u00f3dio<\/h2>\n<p>Por<br \/>\n                              <span>AFP<\/span>                          <\/p>\n<p>\n              <i class=\"material-icons\">access_time<\/i><br \/>\n              <span><br \/>\n                11 abr 2019, 22h27              <\/span>\n            <\/p>\n<\/p><\/div>\n<div id=\"\">\n<div class=\"featured-image\">\n<div class=\"image\">\n              <img decoding=\"async\" src=\"https:\/\/abrilexame.files.wordpress.com\/2017\/11\/gettyimages-78131242-e1511276535318.jpg\" class=\"abril-image optimized lazyload\" abril-data-id=\"3349355\"  alt = \"gettyimages-78131242-e1511276535318 \u201cHitler teria amado as redes sociais\u201d, diz o CEO da Disney\"title = \"[Tags]\"\/><\/div>\n<p class=\"caption\">Adolf Hitler em meio ao ex\u00e9rcito alem\u00e3o em 1936: diretor executivo disse que as redes &#8220;s\u00e3o a ferramenta de marketing mais poderosa que um extremista pode desejar&#8221;\u00a0(Central Press\/Hulton Archive\/Getty Images)<\/p>\n<\/p><\/div>\n<p>O diretor do grupo Walt <strong><a href=\"https:\/\/exame.abril.com.br\/noticias-sobre\/disney\/\">Disney,<\/a><\/strong> Bob Iger, fez um chamado aos l\u00edderes pol\u00edticos dos Estados Unidos a romper com a cultura da divis\u00e3o e desprezo.<\/p>\n<p>\u201cO \u00f3dio e a ira est\u00e3o nos arrastrando para um abismo (\u2026) A pol\u00edtica, em particular, est\u00e1 dominada pelo desprezo\u201d, declarou o executivo durante um jantar nesta quarta-feira organizado pelo centro Simon Wiesenthal, que monitora atividades antissemitas no mundo.<\/p>\n<p>\u201cHitler teria amado as<strong><a href=\"https:\/\/exame.abril.com.br\/noticias-sobre\/redes-sociais\/\"> redes sociais.<\/a><\/strong> \u00c9 a ferramenta de marketing mais poderosa que um extremista pode desejar\u201d, continuou.<\/p>\n<p>\u201cAs redes sociais refletem uma vis\u00e3o de mundo estreita do mundo -filtrando qualquer coisa que desafie nossas cren\u00e7as- e constantemente validamos nossas convic\u00e7\u00f5es e amplificando nossos medos mais profundos\u201d.<\/p>\n<p>O diretor-executivo da principal companhia de entretenimento do mundo ressaltou que \u201cas not\u00edcias nas redes podem conter tanta fic\u00e7\u00e3o como fatos, propagando ideologias vis que n\u00e3o tem cabimento numa sociedade civilizada\u201d e permitindo que \u201co mal se aproveite das mentes perturbadas e das almas perdidas\u201d.<\/p>\n<p>Iger ainda pediu para \u201crenunciar e recha\u00e7ar de uma vez o \u00f3dio em todas suas formas com a mesma convic\u00e7\u00e3o que tivemos durante a Segunda Guerra Mundial\u201d e isso inclui bloquear \u201ca cultura do desprezo que nos impede debater e discutir\u201d.<\/p>\n<p>\u201c\u00c9 poss\u00edvel ter um debate pol\u00edtico sem atacar \u00e0s pessoa\u201d, declarou o executivo, que considerou que os cidad\u00e3os devem ser \u201cmais exigentes\u201d com os pol\u00edticos, principalmente perto das elei\u00e7\u00f5es presidenciais de 2020, nas quais o presidente D<strong><a href=\"https:\/\/exame.abril.com.br\/noticias-sobre\/ddonald-trump\/\">onald Trump<\/a><\/strong>, um \u00e1vido usu\u00e1rio do Twitter, busca a reelei\u00e7\u00e3o.<\/p>\n<p>\u201cQuero ouvir um discurso que n\u00e3o esteja baseado no desprezo aos outros, quero ter uma vis\u00e3o suficientemente grande que inclua todos, quero que me inspirem\u201d, acrescentou. \u201cPodemos fazer melhor\u201d.<\/p>\n<\/p><\/div>\n<p><script type=\"text\/javascript\">(function(d){var id=\"facebook-jssdk\";if(!d.getElementById(id)){var js=d.createElement(\"script\"),ref=d.getElementsByTagName(\"script\")[0];js.id=id,js.async=true,js.src=\"https:\/\/connect.facebook.net\/pt_BR\/all.js\",ref.parentNode.insertBefore(js,ref)}})(document)<\/script><br \/>\n<br \/><br \/>\n<br \/><a href=\"https:\/\/exame.abril.com.br\/mundo\/hitler-teria-amado-as-redes-sociais-diz-o-ceo-da-disney\/\">Fonte do Artigo <\/a><\/p>\n","protected":false},"excerpt":{"rendered":"<p>Bob Iger, diretor do grupo, fez um chamado aos l\u00edderes pol\u00edticos dos Estados Unidos para um debate sem ataques e a cultura do \u00f3dio Por AFP access_time 11 abr 2019, 22h27 Adolf Hitler em meio ao ex\u00e9rcito alem\u00e3o em 1936: diretor executivo disse que as redes &#8220;s\u00e3o a ferramenta de marketing mais poderosa que um [&hellip;]<\/p>\n","protected":false},"author":1,"featured_media":16758,"comment_status":"open","ping_status":"open","sticky":false,"template":"","format":"standard","meta":{"footnotes":""},"categories":[337],"tags":[],"class_list":["post-16757","post","type-post","status-publish","format-standard","has-post-thumbnail","hentry","category-noticias"],"_links":{"self":[{"href":"https:\/\/wiy.com.br\/noticias\/wp-json\/wp\/v2\/posts\/16757","targetHints":{"allow":["GET"]}}],"collection":[{"href":"https:\/\/wiy.com.br\/noticias\/wp-json\/wp\/v2\/posts"}],"about":[{"href":"https:\/\/wiy.com.br\/noticias\/wp-json\/wp\/v2\/types\/post"}],"author":[{"embeddable":true,"href":"https:\/\/wiy.com.br\/noticias\/wp-json\/wp\/v2\/users\/1"}],"replies":[{"embeddable":true,"href":"https:\/\/wiy.com.br\/noticias\/wp-json\/wp\/v2\/comments?post=16757"}],"version-history":[{"count":0,"href":"https:\/\/wiy.com.br\/noticias\/wp-json\/wp\/v2\/posts\/16757\/revisions"}],"wp:featuredmedia":[{"embeddable":true,"href":"https:\/\/wiy.com.br\/noticias\/wp-json\/wp\/v2\/media\/16758"}],"wp:attachment":[{"href":"https:\/\/wiy.com.br\/noticias\/wp-json\/wp\/v2\/media?parent=16757"}],"wp:term":[{"taxonomy":"category","embeddable":true,"href":"https:\/\/wiy.com.br\/noticias\/wp-json\/wp\/v2\/categories?post=16757"},{"taxonomy":"post_tag","embeddable":true,"href":"https:\/\/wiy.com.br\/noticias\/wp-json\/wp\/v2\/tags?post=16757"}],"curies":[{"name":"wp","href":"https:\/\/api.w.org\/{rel}","templated":true}]}}