{"id":16685,"date":"2023-02-26T15:15:26","date_gmt":"2023-02-26T18:15:26","guid":{"rendered":"https:\/\/wiy.com.br\/noticias\/guedes-diz-que-governo-fara-reforma-tributaria-apenas-no-nivel-federal\/"},"modified":"2019-04-11T15:08:03","modified_gmt":"2019-04-11T18:08:03","slug":"guedes-diz-que-governo-fara-reforma-tributaria-apenas-no-nivel-federal","status":"publish","type":"post","link":"https:\/\/wiy.com.br\/noticias\/guedes-diz-que-governo-fara-reforma-tributaria-apenas-no-nivel-federal\/","title":{"rendered":"Guedes diz que governo far\u00e1 reforma tribut\u00e1ria apenas no n\u00edvel federal"},"content":{"rendered":"<p> <br \/>\n<\/p>\n<div>\n<p>\nWASHINGTON, EUA \u2014 O ministro da Economia, Paulo Guedes, disse que o governo pretende fazer uma reforma tribut\u00e1ria apenas no n\u00edvel federal. Segundo ele, nos pr\u00f3ximos tr\u00eas ou quatro meses, ser\u00e1 anunciada a proposta de unificar tr\u00eas ou quatro impostos, criando um imposto federal, tendo citado a Contribui\u00e7\u00e3o Social sobre o Lucro L\u00edquido (CSLL), o PIS e o Finsocial.\n<\/p>\n<p>\n\u2014 E, ao longo do tempo, vamos colocar mais impostos l\u00e1. N\u00f3s vamos dar o exemplo para Estados e munic\u00edpios, mas vamos deix\u00e1-los tributar. E eles v\u00e3o aprovar essa simplifica\u00e7\u00e3o dos tributos federais, pela perspectiva de ter mais recursos no futuro \u2014 disse o ministro, durante evento no centro de estudos Brookings Institution, em Washington.<\/p>\n<aside class=\"article-related-links \">\n<\/aside>\n<\/p>\n<p>\nSegundo Guedes,<br \/>\n<a href=\"governo-planeja-enviar-ao-congresso-em-maio-texto-da-reforma-tributaria-23569416\">\u00e9 uma reforma diferente da proposta do economista Bernard Appy, \u201cque tenta colocar tudo junto\u201d<\/a><br \/>\n. Diretor do Centro de Cidadania Fiscal,<br \/>\n<a href=\"brasil-nao-tem-espaco-para-brincar-com-incentivos-fiscais-diz-appy-23570080\">Appy prop\u00f5e a cria\u00e7\u00e3o de um Imposto de Bens e Servi\u00e7os<\/a><br \/>\n, reunindo PIS, Cofins, IPI, ICMS e ISS \u2014 sendo que os dois \u00faltimos s\u00e3o tributos dos governos locais.\n<\/p>\n<p>\nNo evento, o ministro disse ainda que<br \/>\n<a href=\"guedes-manifestacoes-no-brasil-no-fim-de-semana-gritavam-meu-nome-em-apoio-reforma-23590974\">a reforma da Previd\u00eancia do presidente Jair Bolsonaro conta com apoio popular<\/a><br \/>\n. Guedes destacou ainda que controlar gastos \u00e9 a grande prioridade do governo Jair Bolsonaro, ressaltando que a estrat\u00e9gia passa pela reforma da Previd\u00eancia, pela acelera\u00e7\u00e3o das privatiza\u00e7\u00f5es e<br \/>\n<a href=\"guedes-sugere-vender-embaixadas-nao-substituir-servidores-que-se-aposentarem-1-23591034\"> das vendas de im\u00f3veis do governo \u2014 para reduzir a d\u00edvida e, com isso, as despesas com juros \u2014 e pela conten\u00e7\u00e3o de despesas com sal\u00e1rios do funcionalismo<\/a><br \/>\n.\n<\/p>\n<p>\nO ministro da Economia afirmou que h\u00e1 um longo hist\u00f3rico de fracasso na reforma tribut\u00e1ria no Congresso, porque as pessoas tentavam colocar todos os impostos juntos:\n<\/p>\n<section class=\"block block--advertising\">\n<\/section>\n<p>\n\u2014 H\u00e1 uma resist\u00eancia natural de Estados e munic\u00edpios para convergir para um sistema de impostos geral, porque eles j\u00e1 t\u00eam problemas de caixa.\n<\/p>\n<p>\nGuedes lembrou que, no regime militar, o poder financeiro foi concentrado no topo e os governos civis n\u00e3o o desconcentraram.\n<\/p>\n<p>\n\u2014 At\u00e9 criaram mais tributos para n\u00e3o serem distribu\u00eddos para governadores e prefeitos \u2014 disse Guedes.\n<\/p>\n<p>\n(*) Do Valor\n<\/p>\n<p>\n(**) Especial para O Globo\n<\/p>\n<\/div>\n<p><br \/>\n<br \/><a href=\"https:\/\/oglobo.globo.com\/economia\/guedes-diz-que-governo-fara-reforma-tributaria-apenas-no-nivel-federal-23591322\">Fonte do Artigo <\/a><\/p>\n","protected":false},"excerpt":{"rendered":"<p>WASHINGTON, EUA \u2014 O ministro da Economia, Paulo Guedes, disse que o governo pretende fazer uma reforma tribut\u00e1ria apenas no n\u00edvel federal. Segundo ele, nos pr\u00f3ximos tr\u00eas ou quatro meses, ser\u00e1 anunciada a proposta de unificar tr\u00eas ou quatro impostos, criando um imposto federal, tendo citado a Contribui\u00e7\u00e3o Social sobre o Lucro L\u00edquido (CSLL), o [&hellip;]<\/p>\n","protected":false},"author":1,"featured_media":0,"comment_status":"open","ping_status":"open","sticky":false,"template":"","format":"standard","meta":{"footnotes":""},"categories":[337],"tags":[],"class_list":["post-16685","post","type-post","status-publish","format-standard","hentry","category-noticias"],"_links":{"self":[{"href":"https:\/\/wiy.com.br\/noticias\/wp-json\/wp\/v2\/posts\/16685","targetHints":{"allow":["GET"]}}],"collection":[{"href":"https:\/\/wiy.com.br\/noticias\/wp-json\/wp\/v2\/posts"}],"about":[{"href":"https:\/\/wiy.com.br\/noticias\/wp-json\/wp\/v2\/types\/post"}],"author":[{"embeddable":true,"href":"https:\/\/wiy.com.br\/noticias\/wp-json\/wp\/v2\/users\/1"}],"replies":[{"embeddable":true,"href":"https:\/\/wiy.com.br\/noticias\/wp-json\/wp\/v2\/comments?post=16685"}],"version-history":[{"count":0,"href":"https:\/\/wiy.com.br\/noticias\/wp-json\/wp\/v2\/posts\/16685\/revisions"}],"wp:attachment":[{"href":"https:\/\/wiy.com.br\/noticias\/wp-json\/wp\/v2\/media?parent=16685"}],"wp:term":[{"taxonomy":"category","embeddable":true,"href":"https:\/\/wiy.com.br\/noticias\/wp-json\/wp\/v2\/categories?post=16685"},{"taxonomy":"post_tag","embeddable":true,"href":"https:\/\/wiy.com.br\/noticias\/wp-json\/wp\/v2\/tags?post=16685"}],"curies":[{"name":"wp","href":"https:\/\/api.w.org\/{rel}","templated":true}]}}