{"id":16629,"date":"2023-02-26T15:48:24","date_gmt":"2023-02-26T18:48:24","guid":{"rendered":"https:\/\/wiy.com.br\/noticias\/coreia-do-sul-altera-lei-e-acaba-com-proibicao-de-aborto\/"},"modified":"2019-04-11T11:01:06","modified_gmt":"2019-04-11T14:01:06","slug":"coreia-do-sul-altera-lei-e-acaba-com-proibicao-de-aborto","status":"publish","type":"post","link":"https:\/\/wiy.com.br\/noticias\/coreia-do-sul-altera-lei-e-acaba-com-proibicao-de-aborto\/","title":{"rendered":"Coreia do Sul altera lei e acaba com proibi\u00e7\u00e3o de aborto"},"content":{"rendered":"<p> <br \/>\n<\/p>\n<p>Seul \u2014 O Tribunal Constitucional da <strong><a href=\"https:\/\/exame.abril.com.br\/noticias-sobre\/coreia-do-sul\/\" target=\"_blank\" rel=\"noopener noreferrer\">Coreia do Sul<\/a><\/strong> decidiu nesta quinta-feira em uma senten\u00e7a hist\u00f3rica mudar a lei que pro\u00edbe o aborto em quase todos os casos, ao considerar que a norma, em vigor desde 1953, \u00e9 contr\u00e1ria \u00e0 Carta Magna do pa\u00eds.<\/p>\n<p>Na decis\u00e3o, a corte considerou que a lei, que pune com at\u00e9 um ano de pris\u00e3o as mulheres que abortem, \u00e9 anticonstitucional e que dever\u00e1 ser emendada pela Assembleia Nacional (Parlamento) antes do final de 2020, para que se permita o aborto em determinados casos durante as fases iniciais da gravidez.<\/p>\n<p>A decis\u00e3o considera tamb\u00e9m contr\u00e1ria \u00e0 Constitui\u00e7\u00e3o a san\u00e7\u00e3o de m\u00e9dicos que pratiquem abortos, cuja pena atualmente \u00e9 de at\u00e9 dois anos de pris\u00e3o.<\/p>\n<p>A senten\u00e7a foi dada 66 anos depois que a lei entrou em vigor, apenas dois meses depois do final da Guerra da Coreia (1950-1953).<\/p>\n<p>Outra lei aprovada em 1973 permitia o aborto s\u00f3 em determinados casos, como os de incesto ou estupro, doen\u00e7a contagiosa ou mal heredit\u00e1rio de um dos paias, ou grave perigo para a sa\u00fade da m\u00e3e.<\/p>\n<p>\u00c9, al\u00e9m disso, a primeira vez que o tribunal se pronuncia a respeito do tema em sete anos, j\u00e1 que em 2012 se mostrou favor\u00e1vel a manter sem altera\u00e7\u00f5es a lei.<\/p>\n<p>A decis\u00e3o foi tomada depois que um obstetra, condenado em 2013 por praticar um aborto com o consentimento da mulher, apresentou um pedido ao Tribunal Constitucional para revisar a norma.<\/p>\n<p>Fora do pr\u00e9dio do tribunal, no centro de Seul, a decis\u00e3o foi recebida com mostras de alegria pelo grupo de ativistas que pediam para a lei ser mudada.<\/p>\n<p>Um forte esquema de seguran\u00e7a foi montado para separar este grupo de um outro contr\u00e1rio \u00e0 revis\u00e3o da lei do aborto.<\/p>\n<p><br \/>\n<br \/><a href=\"https:\/\/exame.abril.com.br\/mundo\/coreia-do-sul-altera-lei-e-acaba-com-proibicao-de-aborto\/\">Fonte do Artigo <\/a><\/p>\n<p>#noticias #news #o #brasil #venezuela #n #jornalismo #a #love #like #bbb #musica #colombia #tv #blog #fofoca #mexico #gay #caracas #saopaulo #instagram #follow #not #cias #famosos #m #brazil #politica #pol #jeansobrinho<\/p>\n","protected":false},"excerpt":{"rendered":"<p>Seul \u2014 O Tribunal Constitucional da Coreia do Sul decidiu nesta quinta-feira em uma senten\u00e7a hist\u00f3rica mudar a lei que pro\u00edbe o aborto em quase todos os casos, ao considerar que a norma, em vigor desde 1953, \u00e9 contr\u00e1ria \u00e0 Carta Magna do pa\u00eds. Na decis\u00e3o, a corte considerou que a lei, que pune com [&hellip;]<\/p>\n","protected":false},"author":1,"featured_media":16630,"comment_status":"open","ping_status":"open","sticky":false,"template":"","format":"standard","meta":{"footnotes":""},"categories":[339],"tags":[],"class_list":["post-16629","post","type-post","status-publish","format-standard","has-post-thumbnail","hentry","category-negocios"],"_links":{"self":[{"href":"https:\/\/wiy.com.br\/noticias\/wp-json\/wp\/v2\/posts\/16629","targetHints":{"allow":["GET"]}}],"collection":[{"href":"https:\/\/wiy.com.br\/noticias\/wp-json\/wp\/v2\/posts"}],"about":[{"href":"https:\/\/wiy.com.br\/noticias\/wp-json\/wp\/v2\/types\/post"}],"author":[{"embeddable":true,"href":"https:\/\/wiy.com.br\/noticias\/wp-json\/wp\/v2\/users\/1"}],"replies":[{"embeddable":true,"href":"https:\/\/wiy.com.br\/noticias\/wp-json\/wp\/v2\/comments?post=16629"}],"version-history":[{"count":0,"href":"https:\/\/wiy.com.br\/noticias\/wp-json\/wp\/v2\/posts\/16629\/revisions"}],"wp:featuredmedia":[{"embeddable":true,"href":"https:\/\/wiy.com.br\/noticias\/wp-json\/wp\/v2\/media\/16630"}],"wp:attachment":[{"href":"https:\/\/wiy.com.br\/noticias\/wp-json\/wp\/v2\/media?parent=16629"}],"wp:term":[{"taxonomy":"category","embeddable":true,"href":"https:\/\/wiy.com.br\/noticias\/wp-json\/wp\/v2\/categories?post=16629"},{"taxonomy":"post_tag","embeddable":true,"href":"https:\/\/wiy.com.br\/noticias\/wp-json\/wp\/v2\/tags?post=16629"}],"curies":[{"name":"wp","href":"https:\/\/api.w.org\/{rel}","templated":true}]}}