{"id":16430,"date":"2023-02-26T15:24:43","date_gmt":"2023-02-26T18:24:43","guid":{"rendered":"https:\/\/wiy.com.br\/noticias\/aereas-limitam-tamanho-da-bagagem-de-mao-veja-quanto-custa-despachar\/"},"modified":"2019-04-10T15:38:46","modified_gmt":"2019-04-10T18:38:46","slug":"aereas-limitam-tamanho-da-bagagem-de-mao-veja-quanto-custa-despachar","status":"publish","type":"post","link":"https:\/\/wiy.com.br\/noticias\/aereas-limitam-tamanho-da-bagagem-de-mao-veja-quanto-custa-despachar\/","title":{"rendered":"A\u00e9reas limitam tamanho da bagagem de m\u00e3o. Veja quanto custa despachar"},"content":{"rendered":"<p> <br \/>\n<\/p>\n<p>S\u00e3o Paulo &#8211; Conv\u00e9m ficar atento ao tamanho da sua bagagem de m\u00e3o. A partir desta quarta-feira (10), as <strong><a href=\"https:\/\/exame.abril.com.br\/noticias-sobre\/companhias-aereas\/\" target=\"_blank\" rel=\"noopener noreferrer\">companhias a\u00e9reas<\/a><\/strong> v\u00e3o fiscalizar com mais rigidez o tamanho da sua mala antes de entrar na \u00e1rea de embarque. A<span>s bagagens fora do padr\u00e3o precisar\u00e3o ser despachadas nos check-ins das empresas<\/span><span>\u00a0\u2014 e o despacho pode custar at\u00e9 R$ 120.\u00a0<\/span><\/p>\n<p>A <span><strong><a href=\"https:\/\/exame.abril.com.br\/noticias-sobre\/abear\/\" target=\"_blank\" rel=\"noopener noreferrer\">Associa\u00e7\u00e3o Brasileira das Empresas A\u00e9reas (Abear)<\/a><\/strong> adotou um tamanho padr\u00e3o para esse tipo de bagagem, o mesmo usado pela Associa\u00e7\u00e3o Internacional de Transporte A\u00e9reo (Iata, em ingl\u00eas), que \u00e9<\/span><span> de 55 cm de altura por 35 cm de largura e 25 cm de profundidade.\u00a0<\/span><span>A Abear anunciou que o objetivo \u00e9 &#8220;agilizar o fluxo dos clientes nas \u00e1reas de embarque, evitando atrasos e trazendo maior conforto para todos os passageiros&#8221;.<\/span><\/p>\n<p>Desde setembro de 2017, as quatro maiores empresas a\u00e9reas do Brasil \u2014 Avianca, Azul, Gol e Latam \u2014 cobram para despachar a bagagem de seus passageiros. A regra que permite a cobran\u00e7a foi aprovada pela Ag\u00eancia Nacional de Avia\u00e7\u00e3o Civil (Anac) em dezembro de 2016. At\u00e9 ent\u00e3o, as empresas eram obrigadas a oferecer gratuidade para bagagens com at\u00e9 23 quilos.<\/p>\n<p>O custo para despachar a bagagem varia de acordo com o tipo de franquia contratado para a viagem. A seguir, veja quanto cada companhia cobra para despachar mala, se o despacho n\u00e3o est\u00e1 inclu\u00eddo no pre\u00e7o da passagem.<\/p>\n<h3>Avianca<\/h3>\n<p><span>Se comprada com mais de seis horas de anteced\u00eancia do voo, o despacho sai por R$ 60 por mala. J\u00e1 se a compra for feita depois disso, custa R$ 120.<\/span><\/p>\n<h3>Azul<\/h3>\n<p><span>Se comprado pelo site da companhia, o despacho custa R$ 60. J\u00e1 se a compra for feita no aeroporto, sai por R$ 120.<\/span><\/p>\n<h3>Gol<\/h3>\n<p><span>Se comprado pelo site da companhia, o despacho custa R$ 60. J\u00e1 se a compra for feita no aeroporto, sai por R$ 120.<\/span><\/p>\n<h3>Latam<\/h3>\n<p><span>At\u00e9 tr\u00eas horas antes do voo, o despacho custa R$ 59. Ap\u00f3s esse per\u00edodo, sai por R$ 120.<\/span><\/p>\n<h3>Veja o calend\u00e1rio de fiscaliza\u00e7\u00e3o<\/h3>\n<p><span>A medida ser\u00e1 adotada em 15 aeroportos, em etapas. Nas primeiras duas semanas, haver\u00e1 uma campanha educativa, em que os passageiros ser\u00e3o informados sobre as medidas das bagagens de m\u00e3o. Os terminais Juscelino Kubitschek (Bras\u00edlia), Afonso Pena (Curitiba), Viracopos (Campinas) e Alu\u00edzio Alves (Natal) ser\u00e3o os primeiros a contar com a fiscaliza\u00e7\u00e3o. O per\u00edodo de orienta\u00e7\u00e3o vai at\u00e9 24 de abril e a fiscaliza\u00e7\u00e3o come\u00e7a em 25 de abril.\u00a0<\/span><\/p>\n<p>A segunda leva de terminais ser\u00e1 composta por Confins (Belo Horizonte), Pinto Martins (Fortaleza), Guararapes-Gilberto Freyre (Recife), Lu\u00eds Eduardo Magalh\u00e3es (Salvador) e Val-de-Cans-J\u00falio Cezar Ribeiro (Bel\u00e9m). O per\u00edodo de orienta\u00e7\u00e3o vai de 17 de abril at\u00e9 1\u00ba de maio e a fiscaliza\u00e7\u00e3o come\u00e7a em 2 de maio.<\/p>\n<p>Os \u00faltimos aeroportos a aplicarem a fiscaliza\u00e7\u00e3o, a partir de dia 24 de abril, ser\u00e3o os de Santa Genoveva (Goi\u00e2nia), Salgado Filho (Porto Alegre), Congonhas (S\u00e3o Paulo), Guarulhos, Gale\u00e3o e Santos Dumont (Rio de Janeiro). A orienta\u00e7\u00e3o aos passageiros vai de 24 de abril at\u00e9 12 de maio e a fiscaliza\u00e7\u00e3o come\u00e7a em 13 de maio.<\/p>\n<p><br \/>\n<br \/><a href=\"https:\/\/exame.abril.com.br\/seu-dinheiro\/aereas-limitam-tamanho-da-bagagem-de-mao-veja-quanto-custa-despachar\/\">Fonte do Artigo <\/a><\/p>\n<p>#noticias #news #o #brasil #venezuela #n #jornalismo #a #love #like #bbb #musica #colombia #tv #blog #fofoca #mexico #gay #caracas #saopaulo #instagram #follow #not #cias #famosos #m #brazil #politica #pol #jeansobrinho<\/p>\n","protected":false},"excerpt":{"rendered":"<p>S\u00e3o Paulo &#8211; Conv\u00e9m ficar atento ao tamanho da sua bagagem de m\u00e3o. A partir desta quarta-feira (10), as companhias a\u00e9reas v\u00e3o fiscalizar com mais rigidez o tamanho da sua mala antes de entrar na \u00e1rea de embarque. As bagagens fora do padr\u00e3o precisar\u00e3o ser despachadas nos check-ins das empresas\u00a0\u2014 e o despacho pode custar [&hellip;]<\/p>\n","protected":false},"author":1,"featured_media":16431,"comment_status":"open","ping_status":"open","sticky":false,"template":"","format":"standard","meta":{"footnotes":""},"categories":[339],"tags":[],"class_list":["post-16430","post","type-post","status-publish","format-standard","has-post-thumbnail","hentry","category-negocios"],"_links":{"self":[{"href":"https:\/\/wiy.com.br\/noticias\/wp-json\/wp\/v2\/posts\/16430","targetHints":{"allow":["GET"]}}],"collection":[{"href":"https:\/\/wiy.com.br\/noticias\/wp-json\/wp\/v2\/posts"}],"about":[{"href":"https:\/\/wiy.com.br\/noticias\/wp-json\/wp\/v2\/types\/post"}],"author":[{"embeddable":true,"href":"https:\/\/wiy.com.br\/noticias\/wp-json\/wp\/v2\/users\/1"}],"replies":[{"embeddable":true,"href":"https:\/\/wiy.com.br\/noticias\/wp-json\/wp\/v2\/comments?post=16430"}],"version-history":[{"count":0,"href":"https:\/\/wiy.com.br\/noticias\/wp-json\/wp\/v2\/posts\/16430\/revisions"}],"wp:featuredmedia":[{"embeddable":true,"href":"https:\/\/wiy.com.br\/noticias\/wp-json\/wp\/v2\/media\/16431"}],"wp:attachment":[{"href":"https:\/\/wiy.com.br\/noticias\/wp-json\/wp\/v2\/media?parent=16430"}],"wp:term":[{"taxonomy":"category","embeddable":true,"href":"https:\/\/wiy.com.br\/noticias\/wp-json\/wp\/v2\/categories?post=16430"},{"taxonomy":"post_tag","embeddable":true,"href":"https:\/\/wiy.com.br\/noticias\/wp-json\/wp\/v2\/tags?post=16430"}],"curies":[{"name":"wp","href":"https:\/\/api.w.org\/{rel}","templated":true}]}}