{"id":16179,"date":"2023-02-26T15:19:22","date_gmt":"2023-02-26T18:19:22","guid":{"rendered":"https:\/\/wiy.com.br\/noticias\/em-encontro-com-prefeitos-guedes-anuncia-proposta-de-imposto-unico-federal\/"},"modified":"2019-04-09T15:12:08","modified_gmt":"2019-04-09T18:12:08","slug":"em-encontro-com-prefeitos-guedes-anuncia-proposta-de-imposto-unico-federal","status":"publish","type":"post","link":"https:\/\/wiy.com.br\/noticias\/em-encontro-com-prefeitos-guedes-anuncia-proposta-de-imposto-unico-federal\/","title":{"rendered":"Em encontro com prefeitos, Guedes anuncia proposta de imposto \u00fanico federal"},"content":{"rendered":"<p> <br \/>\n<\/p>\n<div>\n<p>\nBRAS\u00cdLIA \u2014 O ministro da Economia, Paulo<br \/>\n<strong>Guedes<\/strong><br \/>\n, disse nesta ter\u00e7a-feira que a<br \/>\n<strong>reforma tribut\u00e1ria<\/strong><br \/>\nem estudo pelo governo prev\u00ea a unifica\u00e7\u00e3o de at\u00e9 cinco impostos federais em um s\u00f3 tributo. Segundo o ministro, o dinheiro arrecadado ser\u00e1 compartilhado com estados e munic\u00edpios.\n<\/p>\n<p>\n\u2014 N\u00f3s vamos abaixar, simplificar e reduzir impostos para o Brasil crescer. Vamos simplificar, pegar dois, tr\u00eas, quatro, cinco impostos e fundir em um s\u00f3. Vai se chamar imposto \u00fanico federal \u2014 disse o ministro, durante evento com prefeitos em Bras\u00edlia.\n<\/p>\n<aside class=\"article-related-links \">\n<\/aside>\n<p>\nO ministro afirmou que contribui\u00e7\u00f5es, hoje n\u00e3o compartilhadas com estados e munic\u00edpios, passar\u00e3o a ser divididas com prefeitos e governadores. O governo trabalha numa reforma tribut\u00e1ria ao mesmo tempo em que est\u00e1 em andamento a mudan\u00e7a no sistema de aposentadorias.\n<\/p>\n<p>\n\u2014 E a boa not\u00edcia \u00e9 que todas aquelas contribui\u00e7\u00f5es n\u00e3o compartilhadas, que foram criadas para salvar a Uni\u00e3o e tirar esses recursos de estados e munic\u00edpios, na hora que unificarmos o imposto \u00fanico federal, ser\u00e3o todas elas compartilhadas \u2014 explicou.\n<\/p>\n<p>\nGuedes foi aplaudido de p\u00e9 pelos prefeitos. Ele \u00e9 um defensor de descentralizar os recursos federais para enviar mais dinheiro para os estados e munic\u00edpios. Por isso, quer enviar ao Congresso Nacional uma proposta de emenda constitucional (PEC) para rever o pacto federativo.\n<\/p>\n<p>\n\u2014 O dinheiro tem que ir para a ponta. A pol\u00edtica p\u00fablica pode ser formulada em Bras\u00edlia. A execu\u00e7\u00e3o tem que ser descentralizada. A execu\u00e7\u00e3o \u00e9 com governadores e prefeitos \u2014 disse o ministro, acrescentado: \u2014 O governo federal jogou os estados e munic\u00edpios ao mar, criando uma s\u00e9rie de impostos n\u00e3o compartilhados.<br \/>\n<br \/>\u00a0\n<\/p>\n<\/div>\n<p><br \/>\n<br \/><a href=\"https:\/\/oglobo.globo.com\/economia\/em-encontro-com-prefeitos-guedes-anuncia-proposta-de-imposto-unico-federal-23585347\">Fonte do Artigo <\/a><\/p>\n","protected":false},"excerpt":{"rendered":"<p>BRAS\u00cdLIA \u2014 O ministro da Economia, Paulo Guedes , disse nesta ter\u00e7a-feira que a reforma tribut\u00e1ria em estudo pelo governo prev\u00ea a unifica\u00e7\u00e3o de at\u00e9 cinco impostos federais em um s\u00f3 tributo. Segundo o ministro, o dinheiro arrecadado ser\u00e1 compartilhado com estados e munic\u00edpios. \u2014 N\u00f3s vamos abaixar, simplificar e reduzir impostos para o Brasil [&hellip;]<\/p>\n","protected":false},"author":1,"featured_media":0,"comment_status":"open","ping_status":"open","sticky":false,"template":"","format":"standard","meta":{"footnotes":""},"categories":[337],"tags":[],"class_list":["post-16179","post","type-post","status-publish","format-standard","hentry","category-noticias"],"_links":{"self":[{"href":"https:\/\/wiy.com.br\/noticias\/wp-json\/wp\/v2\/posts\/16179","targetHints":{"allow":["GET"]}}],"collection":[{"href":"https:\/\/wiy.com.br\/noticias\/wp-json\/wp\/v2\/posts"}],"about":[{"href":"https:\/\/wiy.com.br\/noticias\/wp-json\/wp\/v2\/types\/post"}],"author":[{"embeddable":true,"href":"https:\/\/wiy.com.br\/noticias\/wp-json\/wp\/v2\/users\/1"}],"replies":[{"embeddable":true,"href":"https:\/\/wiy.com.br\/noticias\/wp-json\/wp\/v2\/comments?post=16179"}],"version-history":[{"count":0,"href":"https:\/\/wiy.com.br\/noticias\/wp-json\/wp\/v2\/posts\/16179\/revisions"}],"wp:attachment":[{"href":"https:\/\/wiy.com.br\/noticias\/wp-json\/wp\/v2\/media?parent=16179"}],"wp:term":[{"taxonomy":"category","embeddable":true,"href":"https:\/\/wiy.com.br\/noticias\/wp-json\/wp\/v2\/categories?post=16179"},{"taxonomy":"post_tag","embeddable":true,"href":"https:\/\/wiy.com.br\/noticias\/wp-json\/wp\/v2\/tags?post=16179"}],"curies":[{"name":"wp","href":"https:\/\/api.w.org\/{rel}","templated":true}]}}