{"id":16064,"date":"2023-02-26T15:38:35","date_gmt":"2023-02-26T18:38:35","guid":{"rendered":"https:\/\/wiy.com.br\/noticias\/de-briga-com-nana-a-origem-do-fascinio-pelo-mar-documentario-lanca-olhar-intimo-sobre-caymmi\/"},"modified":"2019-04-09T05:00:09","modified_gmt":"2019-04-09T08:00:09","slug":"de-briga-com-nana-a-origem-do-fascinio-pelo-mar-documentario-lanca-olhar-intimo-sobre-caymmi","status":"publish","type":"post","link":"https:\/\/wiy.com.br\/noticias\/de-briga-com-nana-a-origem-do-fascinio-pelo-mar-documentario-lanca-olhar-intimo-sobre-caymmi\/","title":{"rendered":"De briga com Nana \u00e0 origem do fasc\u00ednio pelo mar, document\u00e1rio lan\u00e7a olhar \u00edntimo sobre Caymmi"},"content":{"rendered":"<p> <br \/>\n<\/p>\n<div>\n<p>\nRIO &#8211; Dorival Caymmi descobriu seu encanto com o mar atrav\u00e9s da m\u00fasica do mar. Deitado na cama, de madrugada, ouvia o barulho das ondas batendo nas pedras, em Salvador, atento \u00e0 mudan\u00e7a do som conforme a mar\u00e9 ia enchendo e esvaziando. Contada pela voz do pr\u00f3prio, a revela\u00e7\u00e3o abre uma janela para a alma do artista e do homem, sua sensibilidade, o oceano que carregava dentro de si e que, transformado em can\u00e7\u00e3o, banhou (e banha) o Brasil. A fala \u00e9 um dos luminosos momentos da entrevista in\u00e9dita feita em 1998 sobre a qual se apoia \u201cDorival Caymmi: um homem de afetos\u201d, de Daniela Broitman (\u201cMarcelo Yuka no caminho das setas\u201d).\n<\/p>\n<p>\nO document\u00e1rio \u2014 que estreia no festival \u00c9 Tudo Verdade, com exibi\u00e7\u00e3o nesta ter\u00e7a em S\u00e3o Paulo e sexta e s\u00e1bado no Rio \u2014 mira exatamente no universo \u00edntimo do \u201cBuda nag\u00f4\u201d, segundo defini\u00e7\u00e3o de Gilberto Gil lembrada no filme. O homem que \u2014 como um anci\u00e3o oriental ou uma crian\u00e7a negra dando cambalhotas na areia do Rio Vermelho \u2014 lan\u00e7a para si e para o mundo quest\u00f5es como \u201cqual \u00e9 a forma do vento?\u201d.\n<\/p>\n<p>\n\u2014 Queria mostrar esse ser humano de ar ameno, como Gil diz no filme \u2014 conta a diretora. \u2014 Caymmi tem biografia, 500 milh\u00f5es de mat\u00e9rias de jornal, \u00e9 um homem muito querido e conhecido. Me interessava quem era ele por tr\u00e1s das lentes, dos palcos. Por isso fui atr\u00e1s de material in\u00e9dito, at\u00e9 saber dessa entrevista de 1998 gravada para um filme que nunca foi feito. Passei um ano procurando.\n<\/p>\n<p>\nA entrevista foi um ponto de partida para o roteiro, que inclui depoimentos dos filhos Nana, Dori e Danilo, dos compositores Caetano Veloso e Gilberto Gil, do produtor Guto Burgos e da cozinheira Cristiane de Oliveira, que trabalhava em sua casa.\n<\/p>\n<p>\n\u2014 A Nana conta que Stella<br \/>\n<em>(Maris, mulher de Dorival)<\/em><br \/>\ndizia que Caymmi era artista da porta pra fora, porque da porta para dentro ele era marido e pai. Eu queria esse Caymmi da porta pra dentro, n\u00e3o s\u00f3 de casa, mas da alma dele. Como ele olhava coisas simples como o vento, o barulho do mar e fazia isso virar poesia.\n<\/p>\n<section class=\"block block--advertising\">\n<\/section>\n<p>\nA certa altura do filme, Caymmi fala do impacto que teve numa ocasi\u00e3o ao olhar para a composi\u00e7\u00e3o visual que faziam coqueiral, areal e mar lado a lado: \u201cFiquei t\u00e3o fascinado que vi o mist\u00e9rio\u201d. A seguir, listamos fragmentos desse mist\u00e9rio que o filme procura tocar.\n<\/p>\n<h2 align=\"left\">\u2018Gal\u00e3 r\u00fastico\u2019<\/h2>\n<p>\nAos 84 anos, Caymmi brinca com a vaidade ao questionar se est\u00e1 bonito para a grava\u00e7\u00e3o da entrevista: \u201cEstou com a impress\u00e3o de que estou um pouco idoso\u201d. Na sequ\u00eancia, se compara na juventude ao gal\u00e3 Rodolfo Valentino (noutro momento, Danilo diz que o pai se definia como um \u201cgal\u00e3 r\u00fastico\u201d), reconhece que carrega \u201cuma dose natural de simpatia\u201d e arremata com uma das frases mais lindas do filme: \u201cAprendi a gostar de mim gostando dos outros\u201d.\n<\/p>\n<p>\n\u2014 Estamos vivendo um momento t\u00e3o dif\u00edcil no pa\u00eds. E Caymmi traz o afeto \u2014 diz Daniela. \u2014 Sempre fiz filmes sobre direitos humanos, justi\u00e7a social, o filme do Yuka traz isso. Mas Caymmi flutua acima disso tudo. Ele vivia muito seu universo, olhava pra dentro. Agora \u00e9 um bom momento de olhar pra dentro, dialogar com sua luz e sua sombra.\n<\/p>\n<h2 align=\"left\">Dignidade da pregui\u00e7a<\/h2>\n<p>\nAo sentar para a entrevista, Caymmi diz: \u201cSentar \u00e9 um gesto de grande dignidade. Exalta a pregui\u00e7a\u201d. E relata um di\u00e1logo com um amigo: \u201cO que voc\u00ea est\u00e1 fazendo? Nada. E voc\u00ea? Nada\u201d. E destaca que ele nem acrescenta o \u201ctamb\u00e9m\u201d \u00e0 sua resposta para n\u00e3o sobrecarregar o \u201cnada\u201d.\n<\/p>\n<section class=\"block block--advertising\">\n<\/section>\n<h2 align=\"left\">\u2018Voc\u00ea se <em>astreve<\/em>?\u2019<\/h2>\n<p>\nN\u00e3o s\u00e3o poucas as hist\u00f3rias de Caymmi que tratam da for\u00e7a sedutora que ele exercia sobre as mulheres. No filme, ele imprime gra\u00e7a a algumas delas, como o caso da vizinha que o chamou \u00e0 sua casa (\u201cVoc\u00ea se<br \/>\n<em>astreve<\/em><br \/>\na subir aqui?\u201d), da qual depois teve que sair fugido com medo do marido (\u201cNingu\u00e9m se chama Guimar\u00e3es impunemente\u201d).\n<\/p>\n<h2 align=\"left\">\u2018Qual o seu tom?\u2019<\/h2>\n<p>\nNana conta que ela e o pai ficaram sem se falar por sete anos depois que ela se separou de seu primeiro marido (\u201cLugar de mulher \u00e9 ao lado do marido\u201d, disse Dorival, que n\u00e3o aceitava a ideia de div\u00f3rcio). As pazes foram seladas quando ele mandou cham\u00e1-la na TV Tupi. Quando ela chegou, ele perguntou: \u201cqual o seu tom?\u201d. Ela (\u201ceu era danada\u201d) disse: \u201cQualquer um, o que voc\u00ea puxar eu vou atr\u00e1s\u201d.\n<\/p>\n<h2 align=\"left\">Cheiro da Bahia<\/h2>\n<p>\nGuto lembra que levou Caymmi, j\u00e1 no fim da vida, para uma homenagem na Bahia. Andando pela cidade, j\u00e1 enxergando muito pouco, ele comentou a certa altura: \u201cEstamos na Ribeira\u201d. Reconheceu o bairro pelo cheiro.\n<\/p>\n<h2 align=\"left\">\u2018Eu quero partir\u2019<\/h2>\n<p>\nDorival e Stella morreram com a dist\u00e2ncia de 11 dias. Ao perceber que Stella n\u00e3o voltaria do hospital para casa, ele disse para a cozinheira Cristiane: \u201cN\u00e3o quero ficar aqui sem a Stella, quero partir\u201d. Ao ir para o hospital, Stella j\u00e1 havia dito para Cristiane que n\u00e3o voltaria e pediu que ela n\u00e3o deixasse Caymmi sozinho, que ficasse com ele at\u00e9 o fim. Ele morreu na cama, de m\u00e3os dadas com Cristiane.\n<\/p>\n<section class=\"block block--advertising\">\n<\/section>\n<p>\n\u2014 Procurei Cristiane muito tempo, mas ningu\u00e9m tinha seu contato. Encontrei-a filmando em Pequeri<br \/>\n<em> (em Minas, onde Caymmi tinha casa)<\/em><br \/>\n\u2014 conta Daniela. \u2014 Na verdade, ela nos encontrou. Ao passar pela equipe, e perguntou o que est\u00e1vamos fazendo. A gente brincava que o Pai Dorival estava nos ajudando, tivemos v\u00e1rias b\u00ean\u00e7\u00e3os assim.\n<\/p>\n<p>\n<strong>Onde:<\/strong><br \/>\nEsta\u00e7\u00e3o Net Botafogo \u2014 R. Volunt\u00e1rios da P\u00e1tria, 88 (2226-1988).\n<\/p>\n<p>\n<strong>Quando:<\/strong><br \/>\nSexta, \u00e0s 20h30m (sala 1); s\u00e1bado, \u00e0s 15h (sala 3).\n<\/p>\n<p>\n<strong>Quanto:<\/strong><br \/>\nGr\u00e1tis.\n<\/p>\n<p>\n<strong>Classifica\u00e7\u00e3o:<\/strong><br \/>\nLivre.\n<\/p>\n<\/div>\n<p><br \/>\n<br \/><a href=\"https:\/\/oglobo.globo.com\/cultura\/filmes\/de-briga-com-nana-origem-do-fascinio-pelo-mar-documentario-lanca-olhar-intimo-sobre-caymmi-23582960\">Fonte do Artigo <\/a><\/p>\n","protected":false},"excerpt":{"rendered":"<p>RIO &#8211; Dorival Caymmi descobriu seu encanto com o mar atrav\u00e9s da m\u00fasica do mar. Deitado na cama, de madrugada, ouvia o barulho das ondas batendo nas pedras, em Salvador, atento \u00e0 mudan\u00e7a do som conforme a mar\u00e9 ia enchendo e esvaziando. Contada pela voz do pr\u00f3prio, a revela\u00e7\u00e3o abre uma janela para a alma [&hellip;]<\/p>\n","protected":false},"author":1,"featured_media":0,"comment_status":"open","ping_status":"open","sticky":false,"template":"","format":"standard","meta":{"footnotes":""},"categories":[337],"tags":[],"class_list":["post-16064","post","type-post","status-publish","format-standard","hentry","category-noticias"],"_links":{"self":[{"href":"https:\/\/wiy.com.br\/noticias\/wp-json\/wp\/v2\/posts\/16064","targetHints":{"allow":["GET"]}}],"collection":[{"href":"https:\/\/wiy.com.br\/noticias\/wp-json\/wp\/v2\/posts"}],"about":[{"href":"https:\/\/wiy.com.br\/noticias\/wp-json\/wp\/v2\/types\/post"}],"author":[{"embeddable":true,"href":"https:\/\/wiy.com.br\/noticias\/wp-json\/wp\/v2\/users\/1"}],"replies":[{"embeddable":true,"href":"https:\/\/wiy.com.br\/noticias\/wp-json\/wp\/v2\/comments?post=16064"}],"version-history":[{"count":0,"href":"https:\/\/wiy.com.br\/noticias\/wp-json\/wp\/v2\/posts\/16064\/revisions"}],"wp:attachment":[{"href":"https:\/\/wiy.com.br\/noticias\/wp-json\/wp\/v2\/media?parent=16064"}],"wp:term":[{"taxonomy":"category","embeddable":true,"href":"https:\/\/wiy.com.br\/noticias\/wp-json\/wp\/v2\/categories?post=16064"},{"taxonomy":"post_tag","embeddable":true,"href":"https:\/\/wiy.com.br\/noticias\/wp-json\/wp\/v2\/tags?post=16064"}],"curies":[{"name":"wp","href":"https:\/\/api.w.org\/{rel}","templated":true}]}}