{"id":16039,"date":"2023-02-26T15:47:16","date_gmt":"2023-02-26T18:47:16","guid":{"rendered":"https:\/\/wiy.com.br\/noticias\/nao-tenho-mais-condicoes-que-tinha-de-ser-articulador-politico-diz-maia-2\/"},"modified":"2019-04-09T00:04:17","modified_gmt":"2019-04-09T03:04:17","slug":"nao-tenho-mais-condicoes-que-tinha-de-ser-articulador-politico-diz-maia-2","status":"publish","type":"post","link":"https:\/\/wiy.com.br\/noticias\/nao-tenho-mais-condicoes-que-tinha-de-ser-articulador-politico-diz-maia-2\/","title":{"rendered":"N\u00e3o tenho mais condi\u00e7\u00f5es que tinha de ser articulador pol\u00edtico, diz Maia"},"content":{"rendered":"<p> <br \/>\n<\/p>\n<div id=\"\">\n<h2 class=\"article-subtitle\">Presidente da C\u00e2mara afirmou que n\u00e3o vai interferir na negocia\u00e7\u00e3o da proposta al\u00e9m do seu papel de deputado e l\u00edder da Casa<\/h2>\n<p>Por<br \/>\n                              <span><strong>Da Reda\u00e7\u00e3o, com ag\u00eancias<\/strong><\/span>\n                          <\/p>\n<p>\n              <i class=\"material-icons\">access_time<\/i><br \/>\n              <span><br \/>\n                8 abr 2019, 20h49 &#8211; Publicado em 8 abr 2019, 20h40              <\/span>\n            <\/p>\n<\/p><\/div>\n<div id=\"\">\n<div class=\"featured-image\">\n<div class=\"image\">\n              <img decoding=\"async\" src=\"https:\/\/abrilexame.files.wordpress.com\/2019\/02\/maia-ueslei-marcelino-reuters.jpg\" class=\"abril-image optimized lazyload\" abril-data-id=\"3344448\"  alt = \"maia-ueslei-marcelino-reuters N\u00e3o tenho mais condi\u00e7\u00f5es que tinha de ser articulador pol\u00edtico, diz Maia\"title = \"[Tags]\"\/><\/div>\n<p class=\"caption\">Maia: presidente da C\u00e2mara diz que vai manter seu papel como deputado, sem interferir na articula\u00e7\u00e3o da proposta\u00a0(Ueslei Marcelino\/Reuters)<\/p>\n<\/p><\/div>\n<p>Bras\u00edlia \u2013 Ap\u00f3s as farpas trocadas com o presidente da Rep\u00fablica, <strong><a href=\"https:\/\/exame.abril.com.br\/noticias-sobre\/jair-bolsonaro\" target=\"_blank\" rel=\"noopener noreferrer\">Jair Bolsonaro<\/a><\/strong>, ao longo do m\u00eas de mar\u00e7o, o deputado <strong><a href=\"https:\/\/exame.abril.com.br\/noticias-sobre\/rodrigo-maia\" target=\"_blank\" rel=\"noopener noreferrer\">Rodrigo Maia<\/a><\/strong> (DEM-RJ), presidente da C\u00e2mara, afirmou que atualmente n\u00e3o tem mais as condi\u00e7\u00f5es que tinha antes de ser um articulador pol\u00edtico da <strong><a href=\"https:\/\/exame.abril.com.br\/noticias-sobre\/reforma-da-previdencia\" target=\"_blank\" rel=\"noopener noreferrer\">Nova Previd\u00eancia<\/a><\/strong>. Ele afirmou que se resignou ao seu papel institucional na tramita\u00e7\u00e3o do projeto e que estar\u00e1 pronto para pautar a medida quando for a hora. \u201cAgora, se o governo vai ganhar, voc\u00ea pergunta para o Onyx (Lorenzoni, ministro da Casa Civil)\u201d, afirmou.<\/p>\n<p>Maia afirmou que os ataques que sofreu no m\u00eas passado davam a entender que ele queria se favorecer de alguma forma dessa articula\u00e7\u00e3o e, por isso, decidiu se afastar. \u201cAgora, estou mais fechado, porque me colocaram no meu papel (institucional)\u201d, disse. \u201cN\u00e3o falo mais de prazo, nem de voto. Ali\u00e1s, falar disso, atrapalha o governo\u201d, afirmou.<\/p>\n<p>O deputado disse n\u00e3o ver, no Congresso, uma preocupa\u00e7\u00e3o com um poss\u00edvel fortalecimento de Jair Bolsonaro com a aprova\u00e7\u00e3o da Nova Previd\u00eancia. Maia foi questionado se a PEC poderia impulsionar a reelei\u00e7\u00e3o de Bolsonaro em 2022, caso traga uma melhora expressiva para economia brasileira, e se isso faria com que parlamentares quisessem segurar a medida. Ele disse n\u00e3o ver problema em fortalecer o presidente. \u201cAcho que todo mundo fica forte com a aprova\u00e7\u00e3o da Previd\u00eancia\u201d, disse. Ele afirmou que, com a economia fortalecida, os parlamentares ter\u00e3o mais espa\u00e7o no debate, principalmente sobre o Or\u00e7amento e, com isso, poder\u00e3o fortalecer suas bases.<\/p>\n<p>\u201cAgora, se ele aprovar a reforma, o Brasil crescer, gerar emprego e a capacidade de investimento. Foi um bom presidente, merece ser reeleito. Por que n\u00e3o? O sistema \u00e9 feito basicamente para o presidente ser reeleito\u201d, afirmou Maia.<\/p>\n<p>Maia participa nesta segunda-feira, 8, de um evento em Bras\u00edlia realizado pelos jornais O Globo e Valor, na companhia do ministro da Economia, Paulo Guedes.<\/p>\n<h3>Paulo Guedes<\/h3>\n<p>Um pouco antes das falas de Maia sobre 2022, Guedes afirmou sobre a Nova Previd\u00eancia que prefere \u201cestar aproximadamente na dire\u00e7\u00e3o certa do que com muita precis\u00e3o para o lado errado\u201d. O ministro ressaltou que n\u00e3o est\u00e1 interessado em fazer uma reforma light. \u201cN\u00e3o quero abrir porta para gera\u00e7\u00f5es futuras (sobre c\u00e1lculos suaves). Se voc\u00ea acha que pode seguir fazendo pequenos remendos, est\u00e1 condenado \u00e0 mediocridade\u201d, disse.<\/p>\n<p>\u201cQuem acha que reforma de impacto de R$ 500 bilh\u00f5es ou R$ 600 bilh\u00f5es tudo bem est\u00e1 errado. Se eu j\u00e1 conseguir uma pot\u00eancia de R$ 1 trilh\u00e3o em 10 anos j\u00e1 est\u00e1 resolvido\u201d, disse. Guedes disse que ainda acha que reforma pode ser aprovada no primeiro semestre. Ele voltou a dizer que h\u00e1 muitas \u201cbombas no sistema atual\u201d, como a quest\u00e3o demogr\u00e1fica, encargos trabalhistas e o problema de n\u00e3o se levar recursos para o futuro.<\/p>\n<p>Maia brincou com o ministro e disse que ele \u201cest\u00e1 sendo um grande articulador pol\u00edtico\u201d. Guedes afirmou que ministro da Fazenda aplaudido na avenida defendendo reforma da Previd\u00eancia \u00e9 algo incompreens\u00edvel. \u201cAs pessoas est\u00e3o come\u00e7ando a entender a reforma, essa reforma deixa uma porta aberta para o futuro\u201d, disse. \u201cSincroniza\u00e7\u00e3o de Estados, munic\u00edpios e Uni\u00e3o nos d\u00e1 possibilidade de atacar reforma da Previd\u00eancia\u201d.<\/p>\n<\/p><\/div>\n<p><script type=\"text\/javascript\">(function(d){var id=\"facebook-jssdk\";if(!d.getElementById(id)){var js=d.createElement(\"script\"),ref=d.getElementsByTagName(\"script\")[0];js.id=id,js.async=true,js.src=\"https:\/\/connect.facebook.net\/pt_BR\/all.js\",ref.parentNode.insertBefore(js,ref)}})(document)<\/script><br \/>\n<br \/><br \/>\n<br \/><a href=\"https:\/\/exame.abril.com.br\/brasil\/nao-tenho-mais-condicoes-que-tinha-de-ser-articulador-politico-diz-maia\/\">Fonte do Artigo <\/a><\/p>\n","protected":false},"excerpt":{"rendered":"<p>Presidente da C\u00e2mara afirmou que n\u00e3o vai interferir na negocia\u00e7\u00e3o da proposta al\u00e9m do seu papel de deputado e l\u00edder da Casa Por Da Reda\u00e7\u00e3o, com ag\u00eancias access_time 8 abr 2019, 20h49 &#8211; Publicado em 8 abr 2019, 20h40 Maia: presidente da C\u00e2mara diz que vai manter seu papel como deputado, sem interferir na articula\u00e7\u00e3o [&hellip;]<\/p>\n","protected":false},"author":1,"featured_media":10826,"comment_status":"open","ping_status":"open","sticky":false,"template":"","format":"standard","meta":{"footnotes":""},"categories":[337],"tags":[],"class_list":["post-16039","post","type-post","status-publish","format-standard","has-post-thumbnail","hentry","category-noticias"],"_links":{"self":[{"href":"https:\/\/wiy.com.br\/noticias\/wp-json\/wp\/v2\/posts\/16039","targetHints":{"allow":["GET"]}}],"collection":[{"href":"https:\/\/wiy.com.br\/noticias\/wp-json\/wp\/v2\/posts"}],"about":[{"href":"https:\/\/wiy.com.br\/noticias\/wp-json\/wp\/v2\/types\/post"}],"author":[{"embeddable":true,"href":"https:\/\/wiy.com.br\/noticias\/wp-json\/wp\/v2\/users\/1"}],"replies":[{"embeddable":true,"href":"https:\/\/wiy.com.br\/noticias\/wp-json\/wp\/v2\/comments?post=16039"}],"version-history":[{"count":0,"href":"https:\/\/wiy.com.br\/noticias\/wp-json\/wp\/v2\/posts\/16039\/revisions"}],"wp:featuredmedia":[{"embeddable":true,"href":"https:\/\/wiy.com.br\/noticias\/wp-json\/wp\/v2\/media\/10826"}],"wp:attachment":[{"href":"https:\/\/wiy.com.br\/noticias\/wp-json\/wp\/v2\/media?parent=16039"}],"wp:term":[{"taxonomy":"category","embeddable":true,"href":"https:\/\/wiy.com.br\/noticias\/wp-json\/wp\/v2\/categories?post=16039"},{"taxonomy":"post_tag","embeddable":true,"href":"https:\/\/wiy.com.br\/noticias\/wp-json\/wp\/v2\/tags?post=16039"}],"curies":[{"name":"wp","href":"https:\/\/api.w.org\/{rel}","templated":true}]}}