{"id":16006,"date":"2023-02-26T15:52:04","date_gmt":"2023-02-26T18:52:04","guid":{"rendered":"https:\/\/wiy.com.br\/noticias\/vasco-contrata-volante-que-disputou-a-copinha-pelo-capivariano-blog-do-garone\/"},"modified":"2019-04-08T19:53:12","modified_gmt":"2019-04-08T22:53:12","slug":"vasco-contrata-volante-que-disputou-a-copinha-pelo-capivariano-blog-do-garone","status":"publish","type":"post","link":"https:\/\/wiy.com.br\/noticias\/vasco-contrata-volante-que-disputou-a-copinha-pelo-capivariano-blog-do-garone\/","title":{"rendered":"Vasco contrata volante que disputou a Copinha pelo Capivariano | Blog do Garone"},"content":{"rendered":"<p> <br \/>\n<\/p>\n<div>\n<div id=\"attachment_10664\" style=\"width: 610px\" class=\"wp-caption aligncenter\"><a href=\"http:\/\/blogs.lancenet.com.br\/garone\/wp-content\/uploads\/2019\/04\/sub-20-do-Vasco-2019.jpg\"><img title = \"[Tags]\"loading=\"lazy\" decoding=\"async\" class=\"size-full wp-image-10664\" src=\"http:\/\/blogs.lancenet.com.br\/garone\/wp-content\/uploads\/2019\/04\/sub-20-do-Vasco-2019.jpg\"alt = \"sub-20-do-Vasco-2019 Vasco contrata volante que disputou a Copinha pelo Capivariano | Blog do Garone\" width=\"600\" height=\"404\"  \/><\/a><\/p>\n<p class=\"wp-caption-text\">Sub-20 do Vasco faz boa campanha em 2019 (Foto: Vasco\/Divulga\u00e7\u00e3o)<\/p>\n<\/div>\n<p>A Copa S\u00e3o Paulo de Futebol J\u00fanior 2019 serviu ao Vasco n\u00e3o apenas para a revelar jogadores para os profissionais, como os casos de Tiago Reis e Lucas Santos, que v\u00eam sendo aproveitados pelo t\u00e9cnico Alberto Valentim na equipe principal, mas tamb\u00e9m para garimpar o mercado. Ap\u00f3s anunciar as dispensas de Kau\u00e3 e Wilson, do Manthiqueira, e de Erick, do Galvez, que passaram por um per\u00edodo de testes, o clube oficializou o empr\u00e9stimo do volante Caio Viana, do Capivariano, por dois anos.<\/p>\n<p>Caio disputou a Copinha pelo clube paulista nesta temporada, mas foi titular apenas em um jogo, exatamente na \u00fanica vit\u00f3ria do time na competi\u00e7\u00e3o: 1 a 0 sobre o Palmeiras, na 3\u00aa rodada da fase de grupos. Nas derrotas para Galvez e XV de Piracicaba, o meia entrou no decorrer dos duelos.<\/p>\n<p>O volante j\u00e1 vinha treinando no Vasco desde fevereiro, por\u00e9m, seu contrato com o Cruzmaltino foi registrado no Boletim Informativo Di\u00e1rio da CBF somente nesta segunda-feira.<\/p>\n<p>O time sub-20 do Vasco est\u00e1 classificado para as quartas de final da Copa do Brasil e lidera o Grupo B da Ta\u00e7a Guanabara com 100% de aproveitamento \u2013 tr\u00eas vit\u00f3rias em tr\u00eas partidas disputadas.<\/p>\n<p><strong>SA\u00cdDA CONFIRMADA<\/strong><\/p>\n<p>Quem tamb\u00e9m teve a sua situa\u00e7\u00e3o oficializada foi o zagueiro Gabriel Nor\u00f5es. O defensor de 20 anos foi bastante criticado ap\u00f3s perder um p\u00eanalti na decis\u00e3o da Copinha, contra o S\u00e3o Paulo, e acabou sendo cedido \u00e0 Ponte Preta at\u00e9 o fim do ano. Seu v\u00ednculo com a Macaca tamb\u00e9m j\u00e1 consta no Boletim Informativo de Registro de Atletas \u2013 o BIRA \u2013 da FERJ.<\/p>\n<p><!-- Facebook Comments Plugin for WordPress: http:\/\/peadig.com\/wordpress-plugins\/facebook-comments\/ -->\t\t<\/div>\n<p><script>(function(d, s, id) {\n  var js, fjs = d.getElementsByTagName(s)[0];\n  if (d.getElementById(id)) return;\n  js = d.createElement(s); js.id = id;\n  js.src = \"http:\/\/connect.facebook.net\/pt_BR\/sdk.js#xfbml=1&appId=1124817024230602&version=v2.3\";\n  fjs.parentNode.insertBefore(js, fjs);\n}(document, 'script', 'facebook-jssdk'));<\/script><br \/>\n<br \/><br \/>\n<br \/><a href=\"http:\/\/www.lance.com.br\/vasco\/blog-garone-contrata-volante-que-disputou-copinha-pelo-capivariano.html\">Link do Artigo <\/a><\/p>\n","protected":false},"excerpt":{"rendered":"<p>Sub-20 do Vasco faz boa campanha em 2019 (Foto: Vasco\/Divulga\u00e7\u00e3o) A Copa S\u00e3o Paulo de Futebol J\u00fanior 2019 serviu ao Vasco n\u00e3o apenas para a revelar jogadores para os profissionais, como os casos de Tiago Reis e Lucas Santos, que v\u00eam sendo aproveitados pelo t\u00e9cnico Alberto Valentim na equipe principal, mas tamb\u00e9m para garimpar o [&hellip;]<\/p>\n","protected":false},"author":1,"featured_media":16007,"comment_status":"open","ping_status":"open","sticky":false,"template":"","format":"standard","meta":{"footnotes":""},"categories":[372],"tags":[],"class_list":["post-16006","post","type-post","status-publish","format-standard","has-post-thumbnail","hentry","category-futebol"],"_links":{"self":[{"href":"https:\/\/wiy.com.br\/noticias\/wp-json\/wp\/v2\/posts\/16006","targetHints":{"allow":["GET"]}}],"collection":[{"href":"https:\/\/wiy.com.br\/noticias\/wp-json\/wp\/v2\/posts"}],"about":[{"href":"https:\/\/wiy.com.br\/noticias\/wp-json\/wp\/v2\/types\/post"}],"author":[{"embeddable":true,"href":"https:\/\/wiy.com.br\/noticias\/wp-json\/wp\/v2\/users\/1"}],"replies":[{"embeddable":true,"href":"https:\/\/wiy.com.br\/noticias\/wp-json\/wp\/v2\/comments?post=16006"}],"version-history":[{"count":0,"href":"https:\/\/wiy.com.br\/noticias\/wp-json\/wp\/v2\/posts\/16006\/revisions"}],"wp:featuredmedia":[{"embeddable":true,"href":"https:\/\/wiy.com.br\/noticias\/wp-json\/wp\/v2\/media\/16007"}],"wp:attachment":[{"href":"https:\/\/wiy.com.br\/noticias\/wp-json\/wp\/v2\/media?parent=16006"}],"wp:term":[{"taxonomy":"category","embeddable":true,"href":"https:\/\/wiy.com.br\/noticias\/wp-json\/wp\/v2\/categories?post=16006"},{"taxonomy":"post_tag","embeddable":true,"href":"https:\/\/wiy.com.br\/noticias\/wp-json\/wp\/v2\/tags?post=16006"}],"curies":[{"name":"wp","href":"https:\/\/api.w.org\/{rel}","templated":true}]}}