{"id":15938,"date":"2023-02-26T15:37:22","date_gmt":"2023-02-26T18:37:22","guid":{"rendered":"https:\/\/wiy.com.br\/noticias\/brasil-quer-contribuir-para-a-reforma-da-omc-diz-ernesto-araujo\/"},"modified":"2019-04-08T14:30:08","modified_gmt":"2019-04-08T17:30:08","slug":"brasil-quer-contribuir-para-a-reforma-da-omc-diz-ernesto-araujo","status":"publish","type":"post","link":"https:\/\/wiy.com.br\/noticias\/brasil-quer-contribuir-para-a-reforma-da-omc-diz-ernesto-araujo\/","title":{"rendered":"Brasil quer contribuir para a reforma da OMC, diz Ernesto Ara\u00fajo"},"content":{"rendered":"<p> <br \/>\n<\/p>\n<p>S\u00e3o Paulo \u2014 O ministro de Rela\u00e7\u00f5es Exteriores, <strong><a href=\"https:\/\/exame.abril.com.br\/noticias-sobre\/ernesto-araujo\/\" target=\"_blank\" rel=\"noopener noreferrer\">Ernesto Ara\u00fajo<\/a><\/strong>, disse nesta segunda-feira, 8, a empres\u00e1rios na Federa\u00e7\u00e3o das Ind\u00fastrias do Estado de S\u00e3o Paulo (Fiesp) que a diplomacia brasileira quer contribuir para a reforma da Organiza\u00e7\u00e3o Mundial do Com\u00e9rcio (OMC). A reforma da OMC \u00e9 uma das principais demandas do presidente dos Estados Unidos, Donald Trump.<\/p>\n<p>De acordo com Ara\u00fajo, j\u00e1 foram debatidos no \u00e2mbito da reforma da <strong><a href=\"https:\/\/exame.abril.com.br\/noticias-sobre\/omc\/\" target=\"_blank\" rel=\"noopener noreferrer\">OMC<\/a><\/strong> a &#8220;quest\u00e3o agr\u00edcola e solu\u00e7\u00e3o de controv\u00e9rsias&#8221;.<\/p>\n<p><strong>Acordo de Paris<\/strong><\/p>\n<p>O ministro das Rela\u00e7\u00f5es Exteriores fez cr\u00edticas ao Acordo de Paris. Para ele, os compromissos assumidos pela agenda clim\u00e1tica podem prejudicar o agroneg\u00f3cio brasileiro. &#8220;O Acordo de Paris tem em si um vi\u00e9s antiagr\u00edcola. Se n\u00e3o tomarmos cuidado, ele pode punir o agroneg\u00f3cio brasileiro&#8221;, afirmou.<\/p>\n<p>De acordo com Ara\u00fajo, ele j\u00e1 manifestou a preocupa\u00e7\u00e3o ao ministro do Meio Ambiente, Ricardo Salles. &#8220;Estamos na mesma p\u00e1gina em rela\u00e7\u00e3o a isso&#8221;, disse.<\/p>\n<div class=\"widget-news widget-box no-margin no-border\"><span class=\"widget-news-title content-box-title\">Veja tamb\u00e9m<\/span><\/p>\n<ul class=\"widget-news-list\">\n<li class=\"widget-news-item without-thumb with-border\">\n<div class=\"widget-news-info\"><a href=\"http:\/\/exame.abril.com.br\/economia\">ECONOMIA<\/a><span class=\"widget-news-item-title\"><a href=\"https:\/\/exame.abril.com.br\/economia\/a-atual-guerra-comercial-e-preocupante-diz-diretor-geral-da-omc\/\">A atual guerra comercial \u00e9 \u201cpreocupante\u201d, diz diretor-geral da OMC<\/a><\/span><span class=\"widget-news-item-date\">15 mar 2019 &#8211; 06h03<\/span><\/div>\n<\/li>\n<\/ul>\n<\/div>\n<p><strong>Organismos multilaterais<\/strong><\/p>\n<p>Na sequ\u00eancia, o chanceler criticou organismos multilaterais. Ele disse ser &#8220;muito cr\u00edtico \u00e0 perspectiva do Itamaraty como representante da ONU no Brasil&#8221;. &#8220;N\u00f3s (diplomacia) estamos aqui para trabalhar pelo Brasil&#8221;, afirmou.<\/p>\n<p>O ministro tamb\u00e9m defendeu que a diplomacia brasileira est\u00e1 &#8220;agindo plenamente dentro do direito internacional&#8221; em rela\u00e7\u00e3o \u00e0 Venezuela.\u00a0O governo do presidente Jair Bolsonaro reconhece o autoproclamado presidente interino venezuelano, Juan Guaid\u00f3, em detrimento ao regime de Nicol\u00e1s Maduro.<\/p>\n<p>&#8220;Tenho cada dia mais certeza que a transi\u00e7\u00e3o democr\u00e1tica na Venezuela vai ocorrer&#8221;, disse o ministro.<\/p>\n<p><br \/>\n<br \/><a href=\"https:\/\/exame.abril.com.br\/economia\/brasil-quer-contribuir-para-a-reforma-da-omc-diz-ernesto-araujo\/\">Fonte do Artigo <\/a><\/p>\n<p>#noticias #news #o #brasil #venezuela #n #jornalismo #a #love #like #bbb #musica #colombia #tv #blog #fofoca #mexico #gay #caracas #saopaulo #instagram #follow #not #cias #famosos #m #brazil #politica #pol #jeansobrinho<\/p>\n","protected":false},"excerpt":{"rendered":"<p>S\u00e3o Paulo \u2014 O ministro de Rela\u00e7\u00f5es Exteriores, Ernesto Ara\u00fajo, disse nesta segunda-feira, 8, a empres\u00e1rios na Federa\u00e7\u00e3o das Ind\u00fastrias do Estado de S\u00e3o Paulo (Fiesp) que a diplomacia brasileira quer contribuir para a reforma da Organiza\u00e7\u00e3o Mundial do Com\u00e9rcio (OMC). A reforma da OMC \u00e9 uma das principais demandas do presidente dos Estados Unidos, [&hellip;]<\/p>\n","protected":false},"author":1,"featured_media":15939,"comment_status":"open","ping_status":"open","sticky":false,"template":"","format":"standard","meta":{"footnotes":""},"categories":[339],"tags":[],"class_list":["post-15938","post","type-post","status-publish","format-standard","has-post-thumbnail","hentry","category-negocios"],"_links":{"self":[{"href":"https:\/\/wiy.com.br\/noticias\/wp-json\/wp\/v2\/posts\/15938","targetHints":{"allow":["GET"]}}],"collection":[{"href":"https:\/\/wiy.com.br\/noticias\/wp-json\/wp\/v2\/posts"}],"about":[{"href":"https:\/\/wiy.com.br\/noticias\/wp-json\/wp\/v2\/types\/post"}],"author":[{"embeddable":true,"href":"https:\/\/wiy.com.br\/noticias\/wp-json\/wp\/v2\/users\/1"}],"replies":[{"embeddable":true,"href":"https:\/\/wiy.com.br\/noticias\/wp-json\/wp\/v2\/comments?post=15938"}],"version-history":[{"count":0,"href":"https:\/\/wiy.com.br\/noticias\/wp-json\/wp\/v2\/posts\/15938\/revisions"}],"wp:featuredmedia":[{"embeddable":true,"href":"https:\/\/wiy.com.br\/noticias\/wp-json\/wp\/v2\/media\/15939"}],"wp:attachment":[{"href":"https:\/\/wiy.com.br\/noticias\/wp-json\/wp\/v2\/media?parent=15938"}],"wp:term":[{"taxonomy":"category","embeddable":true,"href":"https:\/\/wiy.com.br\/noticias\/wp-json\/wp\/v2\/categories?post=15938"},{"taxonomy":"post_tag","embeddable":true,"href":"https:\/\/wiy.com.br\/noticias\/wp-json\/wp\/v2\/tags?post=15938"}],"curies":[{"name":"wp","href":"https:\/\/api.w.org\/{rel}","templated":true}]}}