{"id":15916,"date":"2023-02-26T15:48:35","date_gmt":"2023-02-26T18:48:35","guid":{"rendered":"https:\/\/wiy.com.br\/noticias\/novo-presidente-da-cbf-caboclo-engatilha-reducao-dos-estaduais-em-2020\/"},"modified":"2019-04-08T12:32:26","modified_gmt":"2019-04-08T15:32:26","slug":"novo-presidente-da-cbf-caboclo-engatilha-reducao-dos-estaduais-em-2020","status":"publish","type":"post","link":"https:\/\/wiy.com.br\/noticias\/novo-presidente-da-cbf-caboclo-engatilha-reducao-dos-estaduais-em-2020\/","title":{"rendered":"Novo presidente da CBF, Caboclo engatilha redu\u00e7\u00e3o dos estaduais em 2020"},"content":{"rendered":"<p> <br \/>\n<\/p>\n<div>\n<p>\n<strong>Rog\u00e9rio Caboclo <\/strong><br \/>\ntomar\u00e1 posse nesta ter\u00e7a-feira como presidente da<br \/>\n<strong>CBF.<\/strong><br \/>\nPor j\u00e1 estar dentro da entidade na fun\u00e7\u00e3o de diretor executivo de gest\u00e3o, o novo mandat\u00e1rio do futebol brasileiro j\u00e1 articulou um pacote de medidas a ser anunciado no dia em que se sentar\u00e1 oficialmente na cadeira de comando. Entre os itens engatilhados est\u00e3o, por exemplo, a redu\u00e7\u00e3o de datas dos<br \/>\n<strong>estaduais,<\/strong><br \/>\na mudan\u00e7a no comando da<br \/>\n<strong>arbitragem<\/strong><br \/>\ne quest\u00f5es relacionadas \u00e0<br \/>\n<strong>governan\u00e7a.<\/strong><br \/>\nEm suma, a ideia de Caboclo \u00e9 mostrar desde o in\u00edcio uma mudan\u00e7a de rumo na gest\u00e3o da CBF, desvencilhando-se do conturbado passado recente da entidade.\n<\/p>\n<p>\nA decis\u00e3o de reduzir os estaduais \u00e9 fruto de um debate feito por uma comiss\u00e3o com presidentes de algumas federa\u00e7\u00f5es, da qual participou tamb\u00e9m o diretor de competi\u00e7\u00f5es da CBF, Manoel Flores. O entendimento \u00e9 que \u00e9 preciso diminuir em duas datas \u2014 caindo das atuais 18 para 16, a partir de 2020. O &#8220;UOL&#8221; informou inicialmente.\n<\/p>\n<aside class=\"article-related-links \">\n<\/aside>\n<p>\nA pretens\u00e3o da CBF n\u00e3o \u00e9 estabelecer um mesmo formato de estadual para todos os filiados, mas criar um padr\u00e3o m\u00ednimo de datas para todos e permitir que cada estado fa\u00e7a as suas adequa\u00e7\u00f5es. At\u00e9 a Federa\u00e7\u00e3o Paulista, que tem o Estadual mais robusto do pa\u00eds, j\u00e1 topou a ideia. A resist\u00eancia mais forte \u00e9 do presidente da Ferj, Rubens Lopes. Caboclo j\u00e1 entrou em contato com ele para falar sobre a ideia.\n<\/p>\n<p>\n\u2014 Teve, sim (conversa). N\u00e3o concordo. J\u00e1 disse \u2014 reclamou Rubinho ao GLOBO.\n<\/p>\n<p>\nO novo presidente da CBF sabe que esse \u00e9 um tema sens\u00edvel, que poderia colocar em risco a rela\u00e7\u00e3o com as federa\u00e7\u00f5es. Mas, at\u00e9 o momento, ganhou apoio suficiente para levar a proposta \u00e0 frente.\n<\/p>\n<h2>Novo chefe de arbitragem<\/h2>\n<p>\nOutro passo a ser tomado pela nova gest\u00e3o Caboclo \u00e9 a troca de comando na arbitragem nacional. O coronel Marcos Marinho dar\u00e1 lugar ao ga\u00facho Leonardo Gaciba, que deixa a fun\u00e7\u00e3o de comentarista de arbitragem da Globo, conforme informou inicialmente o site &#8220;Globoesporte.com&#8221;.\n<\/p>\n<section class=\"block block--advertising\">\n<\/section>\n<p>\nMarinho foi trazido ao cargo pelo ex-presidente da CBF, Marco Polo Del Nero, de quem tamb\u00e9m foi subordinado na Federa\u00e7\u00e3o Paulista. O coronel est\u00e1 na sede da entidade nesta segunda-feira. Outros integrantes da comiss\u00e3o ainda aguardam uma sinaliza\u00e7\u00e3o oficial sobre o futuro do departamento.\n<\/p>\n<h2>Itens de governan\u00e7a<\/h2>\n<p>\nCom um perfil t\u00e9cnico e empresarial, Caboclo quer mostrar que haver\u00e1 ainda mais transpar\u00eancia nos processos da CBF. Por isso, itens de compliance fazem parte do pacote de medidas.\n<\/p>\n<p>\nAo mesmo tempo, a nova gest\u00e3o quer se mostrar mais plural. Est\u00e1 nos planos uma esp\u00e9cie de conselho de not\u00e1veis com ex-jogadores da sele\u00e7\u00e3o.\n<\/p>\n<p>\nMuitas das mudan\u00e7as que est\u00e3o na mente do novo presidente ficar\u00e3o para depois. A lista que ele apresentar\u00e1 na ter\u00e7a-feira seria muito maior. Mas, estrategicamente, entendeu-se que seria mais interessante &#8220;segurar&#8221; algumas ideias.\n<\/p>\n<\/div>\n<p><br \/>\n<br \/><a href=\"https:\/\/oglobo.globo.com\/esportes\/novo-presidente-da-cbf-caboclo-engatilha-reducao-dos-estaduais-em-2020-23582261\">Fonte do Artigo <\/a><\/p>\n","protected":false},"excerpt":{"rendered":"<p>Rog\u00e9rio Caboclo tomar\u00e1 posse nesta ter\u00e7a-feira como presidente da CBF. Por j\u00e1 estar dentro da entidade na fun\u00e7\u00e3o de diretor executivo de gest\u00e3o, o novo mandat\u00e1rio do futebol brasileiro j\u00e1 articulou um pacote de medidas a ser anunciado no dia em que se sentar\u00e1 oficialmente na cadeira de comando. Entre os itens engatilhados est\u00e3o, por [&hellip;]<\/p>\n","protected":false},"author":1,"featured_media":0,"comment_status":"open","ping_status":"open","sticky":false,"template":"","format":"standard","meta":{"footnotes":""},"categories":[337],"tags":[],"class_list":["post-15916","post","type-post","status-publish","format-standard","hentry","category-noticias"],"_links":{"self":[{"href":"https:\/\/wiy.com.br\/noticias\/wp-json\/wp\/v2\/posts\/15916","targetHints":{"allow":["GET"]}}],"collection":[{"href":"https:\/\/wiy.com.br\/noticias\/wp-json\/wp\/v2\/posts"}],"about":[{"href":"https:\/\/wiy.com.br\/noticias\/wp-json\/wp\/v2\/types\/post"}],"author":[{"embeddable":true,"href":"https:\/\/wiy.com.br\/noticias\/wp-json\/wp\/v2\/users\/1"}],"replies":[{"embeddable":true,"href":"https:\/\/wiy.com.br\/noticias\/wp-json\/wp\/v2\/comments?post=15916"}],"version-history":[{"count":0,"href":"https:\/\/wiy.com.br\/noticias\/wp-json\/wp\/v2\/posts\/15916\/revisions"}],"wp:attachment":[{"href":"https:\/\/wiy.com.br\/noticias\/wp-json\/wp\/v2\/media?parent=15916"}],"wp:term":[{"taxonomy":"category","embeddable":true,"href":"https:\/\/wiy.com.br\/noticias\/wp-json\/wp\/v2\/categories?post=15916"},{"taxonomy":"post_tag","embeddable":true,"href":"https:\/\/wiy.com.br\/noticias\/wp-json\/wp\/v2\/tags?post=15916"}],"curies":[{"name":"wp","href":"https:\/\/api.w.org\/{rel}","templated":true}]}}