{"id":15907,"date":"2023-02-26T15:16:23","date_gmt":"2023-02-26T18:16:23","guid":{"rendered":"https:\/\/wiy.com.br\/noticias\/notredame-adquire-hospital-amiu-no-rio-de-janeiro-por-r-40-milhoes\/"},"modified":"2019-04-08T11:37:48","modified_gmt":"2019-04-08T14:37:48","slug":"notredame-adquire-hospital-amiu-no-rio-de-janeiro-por-r-40-milhoes","status":"publish","type":"post","link":"https:\/\/wiy.com.br\/noticias\/notredame-adquire-hospital-amiu-no-rio-de-janeiro-por-r-40-milhoes\/","title":{"rendered":"NotreDame adquire Hospital Amiu, no Rio de Janeiro, por R$ 40 milh\u00f5es"},"content":{"rendered":"<p> <br \/>\n<\/p>\n<div id=\"post-3343591\">\n<header class=\"article-header\">\n<h2 class=\"article-subtitle\">Conclus\u00e3o da transa\u00e7\u00e3o n\u00e3o est\u00e1 sujeita \u00e0 aprova\u00e7\u00e3o pr\u00e9via da ANS e nem do Cade<\/h2>\n<p>Por<br \/>\n                              <span>Estad\u00e3o Conte\u00fado<\/span>                          <\/p>\n<p>\n              <i class=\"material-icons\">access_time<\/i><br \/>\n              <span><br \/>\n                8 abr 2019, 11h06              <\/span>\n            <\/p>\n<\/header>\n<section class=\"share\"><a href=\"whatsapp:\/\/send?text=NotreDame adquire Hospital Amiu, no Rio de Janeiro, por R$ 40 milh\u00f5es https:\/\/exame.abril.com.br\/negocios\/notredame-adquire-hospital-amiu-no-rio-de-janeiro-por-r-40-milhoes\/?utm_source=whatsapp&amp;utm_medium=social&amp;utm_campaign=barra-compartilhamento EXAME\" data-action=\"share\/whatsapp\/share\" class=\"whatsapp  hidden-md hidden-lg\"><i class=\"icon-whatsapp\"\/><\/a><\/p>\n<p>      <a href=\"https:\/\/facebook.com\/sharer\/sharer.php?u=https:\/\/exame.abril.com.br\/negocios\/notredame-adquire-hospital-amiu-no-rio-de-janeiro-por-r-40-milhoes\/\" target=\"_blank\" class=\"\" rel=\"noopener noreferrer\"><i class=\"icon-facebook\"\/><\/a><\/p>\n<p>      <a href=\"https:\/\/twitter.com\/intent\/tweet?url=https%3A%2F%2Fexame.abril.com.br%2Fnegocios%2Fnotredame-adquire-hospital-amiu-no-rio-de-janeiro-por-r-40-milhoes%2F&amp;text=NotreDame adquire Hospital Amiu, no Rio de Janeiro, por R$ 40 milh\u00f5es&amp;via=exame\" target=\"_blank\" class=\"\" rel=\"noopener noreferrer\"><i class=\"icon-twitter\"\/><\/a><\/p>\n<p>      <a href=\"fb-messenger:\/\/share\/?link=https:\/\/exame.abril.com.br\/negocios\/notredame-adquire-hospital-amiu-no-rio-de-janeiro-por-r-40-milhoes\/&amp;app_id=\" class=\"whatsapp  hidden-sm hidden-xs hidden-md hidden-lg\"><i class=\"icon-Facebook-Messenger\"\/><\/a><\/p>\n<p>      <a href=\"https:\/\/www.linkedin.com\/shareArticle?mini=true&amp;url=https%3A%2F%2Fexame.abril.com.br%2Fnegocios%2Fnotredame-adquire-hospital-amiu-no-rio-de-janeiro-por-r-40-milhoes%2F&amp;summary=&amp;source=LinkedIn\" target=\"_blank\" class=\" hidden-sm hidden-xs\" rel=\"noopener noreferrer\"><i class=\"icon-linkedin\"\/><\/a><\/p>\n<p>      <a href=\"https:\/\/plus.google.com\/share?url=https%3A%2F%2Fexame.abril.com.br%2Fnegocios%2Fnotredame-adquire-hospital-amiu-no-rio-de-janeiro-por-r-40-milhoes%2F\" target=\"_blank\" class=\" hidden-sm hidden-xs hidden-md hidden-lg\" rel=\"noopener noreferrer\"><i class=\"icon-google-plus\"\/><\/a><\/p>\n<p>      <a href=\"#respond\" class=\" hidden-sm hidden-xs hidden-md hidden-lg\"><i class=\"material-icons\">chat_bubble_outline<\/i><\/a><\/p>\n<p>      <a href=\"mailto:?subject=NotreDame adquire Hospital Amiu, no Rio de Janeiro, por R$ 40 milh\u00f5es&amp;body=NotreDame adquire Hospital Amiu, no Rio de Janeiro, por R$ 40 milh\u00f5es https:\/\/exame.abril.com.br\/negocios\/notredame-adquire-hospital-amiu-no-rio-de-janeiro-por-r-40-milhoes\/?utm_source=email&amp;utm_medium=email&amp;utm_campaign=barra-compartilhamento via EXAME\" class=\"\"><i class=\"icon-envelope-o\"\/><\/a><\/p>\n<p>            <a href=\"\/\/pinterest.com\/pin\/create\/link\/?url=https:\/\/exame.abril.com.br\/negocios\/notredame-adquire-hospital-amiu-no-rio-de-janeiro-por-r-40-milhoes\/&amp;description=NotreDame adquire Hospital Amiu, no Rio de Janeiro, por R$ 40 milh\u00f5es&amp;media=https:\/\/abrilexame.files.wordpress.com\/2018\/04\/inter.jpg?quality=70&amp;strip=info&amp;w=680&amp;h=453&amp;crop=1\" class=\" hidden-sm hidden-xs hidden-md hidden-lg\" target=\"_blank\" rel=\"noopener noreferrer\"><i class=\"icon-pinterest\"\/><\/a><\/p>\n<p>      <i class=\"material-icons\" onclick=\"toggle(this,'.share','more_horiz','close')\">more_horiz<\/i><br \/>\n          <\/section>\n<section class=\"article-content\">\n<div class=\"featured-image\">\n<div class=\"image\">\n              <img decoding=\"async\" src=\"https:\/\/abrilexame.files.wordpress.com\/2018\/04\/inter.jpg\" class=\"abril-image optimized lazyload\" abril-data-id=\"3343591\"  alt = \"inter NotreDame adquire Hospital Amiu, no Rio de Janeiro, por R$ 40 milh\u00f5es\"title = \"[Tags]\"\/><\/div>\n<p class=\"caption\">NotreDame: hospital comprado pela companhia apresentou um faturamento l\u00edquido de R$ 34 milh\u00f5es em 2018\u00a0(Interm\u00e9dica Notredame\/Divulga\u00e7\u00e3o)<\/p>\n<\/p><\/div>\n<p>S\u00e3o Paulo \u2014 A <strong><a href=\"https:\/\/exame.abril.com.br\/noticias-sobre\/notredame-intermedica\/\">NotreDame Interm\u00e9dica Participa\u00e7\u00f5es<\/a><\/strong> anunciou na manh\u00e3 desta segunda-feira, 8, a aquisi\u00e7\u00e3o de 100% das cotas do Hospital Amiu (Assist\u00eancia M\u00e9dico Pedi\u00e1trica de Urg\u00eancia Ltda), por R$ 40 milh\u00f5es (enterprise value), atrav\u00e9s da subsidi\u00e1ria BCBF Participa\u00e7\u00f5es. De acordo com fato relevante divulgado no per\u00edodo da manh\u00e3, o valor ser\u00e1 pago \u00e0 vista, sendo descontado do endividamento do Hospital Amiu na data do fechamento do neg\u00f3cio \u2013 em 5 de abril \u2013 e de \u201creten\u00e7\u00e3o para conting\u00eancias\u201d.<\/p>\n<p>Localizado em Jacarepagu\u00e1, na zona oeste da cidade do Rio de Janeiro, o Hospital Amiu opera com 67 leitos, sendo 20 de UTI, al\u00e9m de um ambulat\u00f3rio com 20 consult\u00f3rios.<\/p>\n<p>Em 2018, o Hospital Amiu apresentou um faturamento l\u00edquido de R$ 34 milh\u00f5es.<\/p>\n<p>Conforme a companhia, a conclus\u00e3o da transa\u00e7\u00e3o n\u00e3o est\u00e1 sujeita \u00e0 aprova\u00e7\u00e3o pr\u00e9via da Ag\u00eancia Nacional de Sa\u00fade Suplementar (ANS) e nem do Conselho Administrativo de Defesa Econ\u00f4mica (Cade).<\/p>\n<\/section>\n<section class=\"article-tags\"><span><br \/>\n                Not\u00edcias sobre              <\/span><br \/>\n              <a href=\"https:\/\/exame.abril.com.br\/noticias-sobre\/notredame-intermedica\/\" rel=\"tag\">NotreDame Interm\u00e9dica<\/a>            <\/section>\n<\/p><\/div>\n<p><script async src=\"http:\/\/platform.twitter.com\/widgets.js\" charset=\"utf-8\"><\/script><script type=\"text\/javascript\">(function(d){var id=\"facebook-jssdk\";if(!d.getElementById(id)){var js=d.createElement(\"script\"),ref=d.getElementsByTagName(\"script\")[0];js.id=id,js.async=true,js.src=\"https:\/\/connect.facebook.net\/pt_BR\/all.js\",ref.parentNode.insertBefore(js,ref)}})(document)<\/script><br \/>\n<br \/><br \/>\n<br \/><a href=\"https:\/\/exame.abril.com.br\/negocios\/notredame-adquire-hospital-amiu-no-rio-de-janeiro-por-r-40-milhoes\/\">Fonte do Artigo<\/a><\/p>\n<p>#marketingdigital #marketing #seo #digitalmarketing #socialmedia #socialmediamarketing #business #contentmarketing #onlinemarketing #empreendedorismo #branding #entrepreneur #o #marketingtips #startup #smallbusiness #advertising #entrepreneurship #marketingonline #marketingstrategy #sucesso #success #webdesign #instagram #follow #like #sales #design #socialmediatips <\/p>\n","protected":false},"excerpt":{"rendered":"<p>Conclus\u00e3o da transa\u00e7\u00e3o n\u00e3o est\u00e1 sujeita \u00e0 aprova\u00e7\u00e3o pr\u00e9via da ANS e nem do Cade Por Estad\u00e3o Conte\u00fado access_time 8 abr 2019, 11h06 chat_bubble_outline more_horiz NotreDame: hospital comprado pela companhia apresentou um faturamento l\u00edquido de R$ 34 milh\u00f5es em 2018\u00a0(Interm\u00e9dica Notredame\/Divulga\u00e7\u00e3o) S\u00e3o Paulo \u2014 A NotreDame Interm\u00e9dica Participa\u00e7\u00f5es anunciou na manh\u00e3 desta segunda-feira, 8, a [&hellip;]<\/p>\n","protected":false},"author":1,"featured_media":15908,"comment_status":"open","ping_status":"open","sticky":false,"template":"","format":"standard","meta":{"footnotes":""},"categories":[339],"tags":[],"class_list":["post-15907","post","type-post","status-publish","format-standard","has-post-thumbnail","hentry","category-negocios"],"_links":{"self":[{"href":"https:\/\/wiy.com.br\/noticias\/wp-json\/wp\/v2\/posts\/15907","targetHints":{"allow":["GET"]}}],"collection":[{"href":"https:\/\/wiy.com.br\/noticias\/wp-json\/wp\/v2\/posts"}],"about":[{"href":"https:\/\/wiy.com.br\/noticias\/wp-json\/wp\/v2\/types\/post"}],"author":[{"embeddable":true,"href":"https:\/\/wiy.com.br\/noticias\/wp-json\/wp\/v2\/users\/1"}],"replies":[{"embeddable":true,"href":"https:\/\/wiy.com.br\/noticias\/wp-json\/wp\/v2\/comments?post=15907"}],"version-history":[{"count":0,"href":"https:\/\/wiy.com.br\/noticias\/wp-json\/wp\/v2\/posts\/15907\/revisions"}],"wp:featuredmedia":[{"embeddable":true,"href":"https:\/\/wiy.com.br\/noticias\/wp-json\/wp\/v2\/media\/15908"}],"wp:attachment":[{"href":"https:\/\/wiy.com.br\/noticias\/wp-json\/wp\/v2\/media?parent=15907"}],"wp:term":[{"taxonomy":"category","embeddable":true,"href":"https:\/\/wiy.com.br\/noticias\/wp-json\/wp\/v2\/categories?post=15907"},{"taxonomy":"post_tag","embeddable":true,"href":"https:\/\/wiy.com.br\/noticias\/wp-json\/wp\/v2\/tags?post=15907"}],"curies":[{"name":"wp","href":"https:\/\/api.w.org\/{rel}","templated":true}]}}