{"id":15827,"date":"2023-02-26T15:07:13","date_gmt":"2023-02-26T18:07:13","guid":{"rendered":"https:\/\/wiy.com.br\/noticias\/marcos-diz-que-em-decisao-tem-uns-maluco-que-some-sic-no-palmeiras\/"},"modified":"2019-04-08T00:29:08","modified_gmt":"2019-04-08T03:29:08","slug":"marcos-diz-que-em-decisao-tem-uns-maluco-que-some-sic-no-palmeiras","status":"publish","type":"post","link":"https:\/\/wiy.com.br\/noticias\/marcos-diz-que-em-decisao-tem-uns-maluco-que-some-sic-no-palmeiras\/","title":{"rendered":"Marcos diz que em &#8216;decis\u00e3o tem uns maluco que some (sic)&#8217; no Palmeiras"},"content":{"rendered":"<p> <br \/>\n<\/p>\n<div>\n<p class=\"paragraph\" id=\"p489374-m291-290-292\">\u00cddolo do Palmeiras, Marcos fez cr\u00edticas ap\u00f3s a elimina\u00e7\u00e3o do time para o S\u00e3o Paulo, na semifinal do Campeonato Paulista. Respondendo a uma postagem no Instagram, o ex-camisa 12 n\u00e3o citou nomes, mas disse que em &#8220;decis\u00e3o tem uns maluco que some (sic)&#8221;.<\/p>\n<p>Depois de dois empates em 0 a 0, no Morumbi e no Allianz Parque, os rivais decidiram a vaga na final do Paulista nos p\u00eanaltis.\u00a0Bruno Henrique, Gustavo G\u00f3mez, Luan e Diogo Barbosa converteram, enquanto Ricardo Goulart e Z\u00e9 Rafael erraram suas batidas.<\/p>\n<p>Dudu, Deyverson, Felipe Melo, Mayke e Fernando Prass foram os que estavam dispon\u00edveis e n\u00e3o cobraram.\u00a0<\/p>\n<p>O Palmeiras segue sem conquistar o Campeonato Paulista &#8211; a \u00faltima vez foi em 2008, quando eliminou na semifinal justamente o S\u00e3o Paulo. Marcos estava no gol naquele t\u00edtulo, seu \u00faltimo com a camisa alviverde.<\/p>\n<div class=\"captioned-image\" id=\"p489374-m335-1-336\">\n<div class=\"image\" id=\"m339-338-340\"><img title = \"[Tags]\"decoding=\"async\" src=\"http:\/\/www.lance.com.br\/files\/article_content\/uploads\/2019\/04\/07\/5caaa5d287be9.jpeg\"alt = \"5caaa5d287be9 Marcos diz que em &#039;decis\u00e3o tem uns maluco que some (sic)&#039; no Palmeiras\" style=\"display: inline;\"\/><\/div>\n<p>Coment\u00e1rio de Marcos na internet (Foto: Reprodu\u00e7\u00e3o\/Instagram)<\/p>\n<\/div>\n<\/div>\n<p><script>(function(d, s, id) {\n    var js, fjs = d.getElementsByTagName(s)[0];\n    if (d.getElementById(id)) return;\n    js = d.createElement(s); js.id = id;\n    js.src = 'https:\/\/connect.facebook.net\/pt_BR\/sdk.js#xfbml=1&version=v2.12&appId=1124817024230602';\n    fjs.parentNode.insertBefore(js, fjs);\n    }(document, 'script', 'facebook-jssdk'));<\/script><br \/>\n<br \/><br \/>\n<br \/><a href=\"http:\/\/www.lance.com.br\/palmeiras\/marcos-diz-que-decisao-tem-uns-maluco-sic-que-some.html\">Link do Artigo <\/a><\/p>\n","protected":false},"excerpt":{"rendered":"<p>\u00cddolo do Palmeiras, Marcos fez cr\u00edticas ap\u00f3s a elimina\u00e7\u00e3o do time para o S\u00e3o Paulo, na semifinal do Campeonato Paulista. Respondendo a uma postagem no Instagram, o ex-camisa 12 n\u00e3o citou nomes, mas disse que em &#8220;decis\u00e3o tem uns maluco que some (sic)&#8221;. Depois de dois empates em 0 a 0, no Morumbi e no [&hellip;]<\/p>\n","protected":false},"author":1,"featured_media":15828,"comment_status":"open","ping_status":"open","sticky":false,"template":"","format":"standard","meta":{"footnotes":""},"categories":[372],"tags":[],"class_list":["post-15827","post","type-post","status-publish","format-standard","has-post-thumbnail","hentry","category-futebol"],"_links":{"self":[{"href":"https:\/\/wiy.com.br\/noticias\/wp-json\/wp\/v2\/posts\/15827","targetHints":{"allow":["GET"]}}],"collection":[{"href":"https:\/\/wiy.com.br\/noticias\/wp-json\/wp\/v2\/posts"}],"about":[{"href":"https:\/\/wiy.com.br\/noticias\/wp-json\/wp\/v2\/types\/post"}],"author":[{"embeddable":true,"href":"https:\/\/wiy.com.br\/noticias\/wp-json\/wp\/v2\/users\/1"}],"replies":[{"embeddable":true,"href":"https:\/\/wiy.com.br\/noticias\/wp-json\/wp\/v2\/comments?post=15827"}],"version-history":[{"count":0,"href":"https:\/\/wiy.com.br\/noticias\/wp-json\/wp\/v2\/posts\/15827\/revisions"}],"wp:featuredmedia":[{"embeddable":true,"href":"https:\/\/wiy.com.br\/noticias\/wp-json\/wp\/v2\/media\/15828"}],"wp:attachment":[{"href":"https:\/\/wiy.com.br\/noticias\/wp-json\/wp\/v2\/media?parent=15827"}],"wp:term":[{"taxonomy":"category","embeddable":true,"href":"https:\/\/wiy.com.br\/noticias\/wp-json\/wp\/v2\/categories?post=15827"},{"taxonomy":"post_tag","embeddable":true,"href":"https:\/\/wiy.com.br\/noticias\/wp-json\/wp\/v2\/tags?post=15827"}],"curies":[{"name":"wp","href":"https:\/\/api.w.org\/{rel}","templated":true}]}}