{"id":15817,"date":"2023-02-26T14:57:33","date_gmt":"2023-02-26T17:57:33","guid":{"rendered":"https:\/\/wiy.com.br\/noticias\/dois-amigos-desaparecem-na-zona-oeste-enquanto-voltavam-para-casa-apos-trabalho\/"},"modified":"2019-04-07T22:13:08","modified_gmt":"2019-04-08T01:13:08","slug":"dois-amigos-desaparecem-na-zona-oeste-enquanto-voltavam-para-casa-apos-trabalho","status":"publish","type":"post","link":"https:\/\/wiy.com.br\/noticias\/dois-amigos-desaparecem-na-zona-oeste-enquanto-voltavam-para-casa-apos-trabalho\/","title":{"rendered":"Dois amigos desaparecem na Zona Oeste enquanto voltavam para casa ap\u00f3s trabalho"},"content":{"rendered":"<p> <br \/>\n<\/p>\n<div>\n<p>\nRIO \u2014 Dois amigos, identificados como Edgard Araujo e Rodrigo da Cruz Grij\u00f3, est\u00e3o desaparecidos desde a noite de sexta-feira. Segundo parentes e amigos, eles foram vistos pela \u00faltima vez na Estrada do Mendanha, altura do n\u00famero 1.410, em Campo Grande, na Zona Oeste do Rio.\n<\/p>\n<p>\nAmbos s\u00e3o servidores p\u00fablicos, sendo que Rodrigo trabalha na Universidade Federal do Rio de Janeiro (UFRJ), enquanto Edgard \u00e9 do Instituto Federal do Rio de Janeiro (IFRJ). Cada um estava em seu pr\u00f3prio carro ap\u00f3s terem deixado o servi\u00e7o. Os dois ve\u00edculos, um \u00d4nix branco (LRM-3386) e um Palio (KVA-3142), tamb\u00e9m ainda n\u00e3o foram localizados.\n<\/p>\n<p>\nDe acordo com Thiago Mour\u00e3o, de 36 anos, que divide um apartamento com Rodrigo, na Barra da Tijuca, tamb\u00e9m na Zona Oeste, o amigo voltava do trabalho quando passou a ficar incomunic\u00e1vel. Thiago contou que a \u00faltima vez que Rodrigo visualizou uma mensagem em aplicativo de conversas foi por volta das 21h30 de sexta-feira.\n<\/p>\n<p>\n\u2014 Rodrigo costuma avisar quando vai fazer algo depois do trabalho, seja tomar um chope com amigos ou sair com a namorada. A partir do momento em que n\u00e3o conseguimos mais contato, ficamos preocupados.\n<\/p>\n<p>\nAinda segundo ele, Edgard, que mora em Quintino, na Zona Norte, tamb\u00e9m estaria indo para casa.\n<\/p>\n<p>\nDois n\u00fameros de celular foram disponibilizados para colher informa\u00e7\u00f5es sobre o paradeiro de Rodrigo ou de Edgard: (21) 975577422 e (21) 999595370.\n<\/p>\n<p>\nThiago afirmou ter registrado ocorr\u00eancia sobre o desaparecimento de Rodrigo na 19\u00aa DP (Tijuca). J\u00e1 o caso referente a Edgard foi registrado na 24\u00aa DP (Piedade).\n<\/p>\n<section class=\"block block--advertising\">\n<\/section>\n<p>\n\u2014 Os policiais falaram que os hositais j\u00e1 foram notificados e em caso de qualquer registro de entrada, as unidades j\u00e1 v\u00e3o ter ci\u00eancia de que eles est\u00e3o desaparecidos \u2014 acrescentou.\n<\/p>\n<\/div>\n<p><br \/>\n<br \/><a href=\"https:\/\/oglobo.globo.com\/rio\/dois-amigos-desaparecem-na-zona-oeste-enquanto-voltavam-para-casa-apos-trabalho-23581356\">Fonte do Artigo <\/a><\/p>\n","protected":false},"excerpt":{"rendered":"<p>RIO \u2014 Dois amigos, identificados como Edgard Araujo e Rodrigo da Cruz Grij\u00f3, est\u00e3o desaparecidos desde a noite de sexta-feira. Segundo parentes e amigos, eles foram vistos pela \u00faltima vez na Estrada do Mendanha, altura do n\u00famero 1.410, em Campo Grande, na Zona Oeste do Rio. Ambos s\u00e3o servidores p\u00fablicos, sendo que Rodrigo trabalha na [&hellip;]<\/p>\n","protected":false},"author":1,"featured_media":0,"comment_status":"open","ping_status":"open","sticky":false,"template":"","format":"standard","meta":{"footnotes":""},"categories":[337],"tags":[],"class_list":["post-15817","post","type-post","status-publish","format-standard","hentry","category-noticias"],"_links":{"self":[{"href":"https:\/\/wiy.com.br\/noticias\/wp-json\/wp\/v2\/posts\/15817","targetHints":{"allow":["GET"]}}],"collection":[{"href":"https:\/\/wiy.com.br\/noticias\/wp-json\/wp\/v2\/posts"}],"about":[{"href":"https:\/\/wiy.com.br\/noticias\/wp-json\/wp\/v2\/types\/post"}],"author":[{"embeddable":true,"href":"https:\/\/wiy.com.br\/noticias\/wp-json\/wp\/v2\/users\/1"}],"replies":[{"embeddable":true,"href":"https:\/\/wiy.com.br\/noticias\/wp-json\/wp\/v2\/comments?post=15817"}],"version-history":[{"count":0,"href":"https:\/\/wiy.com.br\/noticias\/wp-json\/wp\/v2\/posts\/15817\/revisions"}],"wp:attachment":[{"href":"https:\/\/wiy.com.br\/noticias\/wp-json\/wp\/v2\/media?parent=15817"}],"wp:term":[{"taxonomy":"category","embeddable":true,"href":"https:\/\/wiy.com.br\/noticias\/wp-json\/wp\/v2\/categories?post=15817"},{"taxonomy":"post_tag","embeddable":true,"href":"https:\/\/wiy.com.br\/noticias\/wp-json\/wp\/v2\/tags?post=15817"}],"curies":[{"name":"wp","href":"https:\/\/api.w.org\/{rel}","templated":true}]}}