{"id":15807,"date":"2023-02-26T15:17:02","date_gmt":"2023-02-26T18:17:02","guid":{"rendered":"https:\/\/wiy.com.br\/noticias\/vasco-aponta-censura-do-consorcio-em-video-sobre-maracana-entenda\/"},"modified":"2019-04-07T19:24:07","modified_gmt":"2019-04-07T22:24:07","slug":"vasco-aponta-censura-do-consorcio-em-video-sobre-maracana-entenda","status":"publish","type":"post","link":"https:\/\/wiy.com.br\/noticias\/vasco-aponta-censura-do-consorcio-em-video-sobre-maracana-entenda\/","title":{"rendered":"Vasco aponta censura do Cons\u00f3rcio em v\u00eddeo sobre Maracan\u00e3; entenda"},"content":{"rendered":"<p> <br \/>\n<br \/><img title = \"[Tags]\"alt = \"5caa6cf435bcf Vasco aponta censura do Cons\u00f3rcio em v\u00eddeo sobre Maracan\u00e3; entenda\"decoding=\"async\" src=\"http:\/\/www.lance.com.br\/\/files\/\/uploads\/2019\/04\/07\/5caa6cf435bcf.jpeg\" \/><\/p>\n<div>\n<p class=\"paragraph\" id=\"p489346-m61-60-62\">Insatisfeita com o fato de que o Maracan\u00e3 ser\u00e1 gerido pelos rivais Flamengo e Fluminense a partir do dia 18 deste m\u00eas &#8211; com contrato valendo por seis meses -, a diretoria do Vasco realizou algumas a\u00e7\u00f5es no duelo com o Bangu, neste domingo, mas alega que houve censura por parte do Complexo Maracan\u00e3 S.A. <\/p>\n<p>O time entrou em campo com os dizeres &#8220;O Maraca \u00e9 de todos&#8221; na manga da camisa e, al\u00e9m disso, o clube preparou um v\u00eddeo para ser exibido no tel\u00e3o do est\u00e1dio. Nele, alguns lances de jogos da equipe cruz-maltina ao longo da hist\u00f3ria do Maracan\u00e3, mas a pe\u00e7a foi cortada pela produtora respons\u00e1vel pela transmiss\u00e3o nos tel\u00f5es do est\u00e1dio.<\/p>\n<p class=\"paragraph\" id=\"p489346-m81-2-82\">Ap\u00f3s um primeiro contato, segundo o <b>LANCE!<\/b> apurou, o vice-presidente de marketing Bruno Maia e Alexandre Campello, mandat\u00e1rio do clube, buscaram solu\u00e7\u00f5es para o caso junto ao Complexo Maracan\u00e3 S.A.\u00a0 e tamb\u00e9m \u00e0\u00a0&#8220;Esportecom&#8221;, empresa que atualmente \u00e9 a patrocinadora do Campeonato Carioca, mas n\u00e3o obtiveram sucesso.<\/p>\n<p>Nas redes sociais, logo ap\u00f3s garantir a classifica\u00e7\u00e3o \u00e0 final do Estadual, o Vasco divulgou o v\u00eddeo que alega ter sido censurado.<\/p>\n<p>&#8220;Hoje relembrar\u00edamos algumas das grandes conquistas do Vasco no Maracan\u00e3. Mas este v\u00eddeo foi censurado pela atual administra\u00e7\u00e3o do est\u00e1dio. N\u00e3o v\u00e3o nos calar: o Maraca \u00e9 de todos! #OMaraca\u00c9deTodos&#8221;, dizia a mensagem.<\/p>\n<p>O <b>LANCE!<\/b> entrou em contato com a assessoria do Complexo Maracan\u00e3 S.A., mas n\u00e3o obteve resposta at\u00e9 o fechamento desta reportagem.<\/p>\n<p class=\"paragraph\" id=\"p489346-m135-4-136\">Flamengo e Fluminense apresentaram, na \u00faltima quinta-feira, uma proposta para administra\u00e7\u00e3o conjunta do est\u00e1dio. O resultado foi anunciado na \u00faltima sexta-feira, em v\u00eddeo do governador Wilson Witzel (PSC-RJ). Os clubes estar\u00e3o \u00e0 frente do Maracan\u00e3 por 180 dias (podendo ser renovado por mais 180), at\u00e9 a abertura de uma nova licita\u00e7\u00e3o.<\/p>\n<p>O contrato entre o Governo do Estado do Rio com o Complexo Maracan\u00e3 S.A. em mar\u00e7o deste ano, sob a alega\u00e7\u00e3o de que a empresa teria d\u00edvidas.<\/p>\n<\/div>\n<p><script>(function(d, s, id) {\n    var js, fjs = d.getElementsByTagName(s)[0];\n    if (d.getElementById(id)) return;\n    js = d.createElement(s); js.id = id;\n    js.src = 'https:\/\/connect.facebook.net\/pt_BR\/sdk.js#xfbml=1&version=v2.12&appId=1124817024230602';\n    fjs.parentNode.insertBefore(js, fjs);\n    }(document, 'script', 'facebook-jssdk'));<\/script><br \/>\n<br \/><br \/>\n<br \/><a href=\"http:\/\/www.lance.com.br\/vasco\/aponta-censura-consorcio-video-com-lances-maracana.html\">Link do Artigo <\/a><\/p>\n","protected":false},"excerpt":{"rendered":"<p>Insatisfeita com o fato de que o Maracan\u00e3 ser\u00e1 gerido pelos rivais Flamengo e Fluminense a partir do dia 18 deste m\u00eas &#8211; com contrato valendo por seis meses -, a diretoria do Vasco realizou algumas a\u00e7\u00f5es no duelo com o Bangu, neste domingo, mas alega que houve censura por parte do Complexo Maracan\u00e3 S.A. [&hellip;]<\/p>\n","protected":false},"author":1,"featured_media":15808,"comment_status":"open","ping_status":"open","sticky":false,"template":"","format":"standard","meta":{"footnotes":""},"categories":[372],"tags":[],"class_list":["post-15807","post","type-post","status-publish","format-standard","has-post-thumbnail","hentry","category-futebol"],"_links":{"self":[{"href":"https:\/\/wiy.com.br\/noticias\/wp-json\/wp\/v2\/posts\/15807","targetHints":{"allow":["GET"]}}],"collection":[{"href":"https:\/\/wiy.com.br\/noticias\/wp-json\/wp\/v2\/posts"}],"about":[{"href":"https:\/\/wiy.com.br\/noticias\/wp-json\/wp\/v2\/types\/post"}],"author":[{"embeddable":true,"href":"https:\/\/wiy.com.br\/noticias\/wp-json\/wp\/v2\/users\/1"}],"replies":[{"embeddable":true,"href":"https:\/\/wiy.com.br\/noticias\/wp-json\/wp\/v2\/comments?post=15807"}],"version-history":[{"count":0,"href":"https:\/\/wiy.com.br\/noticias\/wp-json\/wp\/v2\/posts\/15807\/revisions"}],"wp:featuredmedia":[{"embeddable":true,"href":"https:\/\/wiy.com.br\/noticias\/wp-json\/wp\/v2\/media\/15808"}],"wp:attachment":[{"href":"https:\/\/wiy.com.br\/noticias\/wp-json\/wp\/v2\/media?parent=15807"}],"wp:term":[{"taxonomy":"category","embeddable":true,"href":"https:\/\/wiy.com.br\/noticias\/wp-json\/wp\/v2\/categories?post=15807"},{"taxonomy":"post_tag","embeddable":true,"href":"https:\/\/wiy.com.br\/noticias\/wp-json\/wp\/v2\/tags?post=15807"}],"curies":[{"name":"wp","href":"https:\/\/api.w.org\/{rel}","templated":true}]}}