{"id":15796,"date":"2023-02-26T15:29:30","date_gmt":"2023-02-26T18:29:30","guid":{"rendered":"https:\/\/wiy.com.br\/noticias\/eleicao-em-israel-e-vista-como-referendo-sobre-netanyahu\/"},"modified":"2019-04-07T17:11:20","modified_gmt":"2019-04-07T20:11:20","slug":"eleicao-em-israel-e-vista-como-referendo-sobre-netanyahu","status":"publish","type":"post","link":"https:\/\/wiy.com.br\/noticias\/eleicao-em-israel-e-vista-como-referendo-sobre-netanyahu\/","title":{"rendered":"Elei\u00e7\u00e3o em Israel \u00e9 vista como referendo sobre Netanyahu"},"content":{"rendered":"<p> <br \/>\n<\/p>\n<div id=\"\">\n<h2 class=\"article-subtitle\">Netanyahu, que atuou 13 anos como primeiro-ministro, mudou o cen\u00e1rio pol\u00edtico de Israel e seu papel no cen\u00e1rio mundial<\/h2>\n<p>Por<br \/>\n                              <span>Estad\u00e3o Conte\u00fado<\/span>                          <\/p>\n<p>\n              <i class=\"material-icons\">access_time<\/i><br \/>\n              <span><br \/>\n                7 abr 2019, 16h03              <\/span>\n            <\/p>\n<\/p><\/div>\n<div id=\"\">\n<div class=\"featured-image\">\n<div class=\"image\">\n              <img decoding=\"async\" src=\"https:\/\/abrilexame.files.wordpress.com\/2018\/12\/2018-12-19T105115Z_1703994977_RC165CABD1F0_RTRMADP_3_ISRAEL-LEBANON-HEZBOLLAH-MISSILES.jpg\" class=\"abril-image optimized lazyload\" abril-data-id=\"3343019\"  alt = \"2018-12-19T105115Z_1703994977_RC165CABD1F0_RTRMADP_3_ISRAEL-LEBANON-HEZBOLLAH-MISSILES Elei\u00e7\u00e3o em Israel \u00e9 vista como referendo sobre Netanyahu\"title = \"[Tags]\"\/><\/div>\n<p class=\"caption\">Primeiro ministro de Israel, Benjamin Netanyahu: &#8220;Seguiremos adiante com a pr\u00f3xima fase. Sim, estenderei a soberania&#8221;\u00a0(Abir Sultan\/Reuters)<\/p>\n<\/p><\/div>\n<p>Tel-Aviv \u2013 A busca do primeiro-ministro de <strong><a href=\"https:\/\/exame.abril.com.br\/noticias-sobre\/israel\/\">Israel<\/a><\/strong>, Benjamin Netanyahu, por um quinto mandato tornou-se um referendo sobre se os israelenses consideram ou n\u00e3o que j\u00e1 tiveram o suficiente dele depois de duas d\u00e9cadas na vida p\u00fablica e uma s\u00e9rie de alega\u00e7\u00f5es de corrup\u00e7\u00e3o. Mas, mesmo que ele perca, os israelenses seguir\u00e3o vivendo em um pa\u00eds irrevogavelmente transformado por suas pol\u00edticas.<\/p>\n<p>A maioria das pesquisas eleitorais mostra uma situa\u00e7\u00e3o fluida antes da elei\u00e7\u00e3o de ter\u00e7a-feira, com o principal desafiante de Netanyahu, o ex-general Benny Gantz, propenso a conquistar mais assentos com uma mensagem focada na fadiga dos eleitores e alega\u00e7\u00f5es de corrup\u00e7\u00e3o. Mas os pequenos partidos de direita devem se sair bem o suficiente para colocar Netanyahu em melhor posi\u00e7\u00e3o para montar uma coaliz\u00e3o governamental, permitindo que ele supere David Ben-Gurion como o premi\u00ea que mais tempo ficou no poder no pa\u00eds.<\/p>\n<p>Netanyahu, que atuou 13 anos como primeiro-ministro, mudou o cen\u00e1rio pol\u00edtico de Israel e seu papel no cen\u00e1rio mundial, contribuindo para e se beneficiando de uma guinada para a direita no pa\u00eds. Com o apoio judaico-israelense a um Estado palestino nos n\u00edveis mais baixos em 20 anos, seus oponentes t\u00eam pouco interesse em uma grande mudan\u00e7a de dire\u00e7\u00e3o.<\/p>\n<p>Uma vit\u00f3ria fortaleceria seu status como l\u00edder mundial e hist\u00f3rica figura pol\u00edtica israelense. O premi\u00ea fez campanha como estadista, encontrando-se com o presidente dos Estados Unidos, Donald Trump, e o presidente da R\u00fassia, Vladimir Putin, para insistir que ele \u00e9 indispens\u00e1vel. \u201cIsso vai acabar sendo um referendo sobre Netanyahu porque ele fez isso; ele est\u00e1 dizendo: \u2018Eu sou o \u00fanico que pode jogar nesse n\u00edvel internacionalmente&#8217;\u201d, disse Reuven Hazan, professor de ci\u00eancia pol\u00edtica na Universidade Hebraica.<\/p>\n<p>A agulha moveu-se tanto durante seus 13 anos como premi\u00ea que pol\u00edticas antes pol\u00eamicas n\u00e3o s\u00e3o quest\u00f5es importantes em sua tentativa de reelei\u00e7\u00e3o. Pesquisas mostram que a maioria dos eleitores judeus concorda com ele quando diz que Jerusal\u00e9m ser\u00e1 a capital indivisa de Israel, o Vale do Jord\u00e3o reivindicado pelos palestinos permanecer\u00e1 sob o controle de Israel e que Israel manter\u00e1 grandes blocos de assentamentos.<\/p>\n<p>No s\u00e1bado, ele disse em uma entrevista que estenderia a soberania israelense sobre partes da Cisjord\u00e2nia se for reeleito, uma mudan\u00e7a pol\u00edtica importante que agitaria a oposi\u00e7\u00e3o \u00e1rabe e representaria um teste para a press\u00e3o do presidente Trump pela paz regional.<\/p>\n<p>Gantz, ex-chefe de gabinete do Ex\u00e9rcito de Netanyahu, disparou nas pesquisas de opini\u00e3o oferecendo-se como uma alternativa, embora as \u00faltimas pesquisas divulgadas na sexta-feira mostrem disputa acirrada. Ele atacou Netanyahu por causa de acusa\u00e7\u00f5es de subornos e fraude que o premi\u00ea enfrenta em tr\u00eas investiga\u00e7\u00f5es sobre corrup\u00e7\u00e3o e disse que o governo n\u00e3o trabalha mais para seus cidad\u00e3os. Netanyahu nega as acusa\u00e7\u00f5es e as chama politicamente motivadas. \u201cChega de Bibi\u201d, \u00e9 o slogan por tr\u00e1s do mais recente an\u00fancio televisivo de Gantz, lan\u00e7ado na semana passada. O an\u00fancio apresenta queixas israelenses comuns sobre cuidados de sa\u00fade e tr\u00e1fego \u2013 quest\u00f5es que os oponentes dizem ser ignoradas por Netanyahu.<\/p>\n<p>Sob press\u00e3o do ent\u00e3o presidente dos EUA Barack Obama em 2009, Netanyahu concordou com o congelamento de assentamentos palestinos e manifestou apoio a um Estado palestino, mas desde as elei\u00e7\u00f5es de 2015 prometeu que n\u00e3o permitir\u00e1 a exist\u00eancia de um. Gantz evitou discutir um Estado palestino, mas tentou injetar esperan\u00e7as no processo dizendo que conversaria com l\u00edderes \u00e1rabes sobre estabilidade e \u201co processo de separa\u00e7\u00e3o dos palestinos\u201d. Ele havia dito que emendaria uma lei controversa aprovada no ano passado que consagra que Israel \u00e9 um Estado-na\u00e7\u00e3o judeu, uma medida que os \u00e1rabes-israelenses \u2013 20% da popula\u00e7\u00e3o \u2013 dizem que os torna cidad\u00e3os de segunda classe.<\/p>\n<p>Alguns eleitores do Likud disseram que est\u00e3o considerando apoiar Gantz ou partidos menores \u2013 n\u00e3o para expulsar Netanyahu, mas para tentar enviar uma mensagem que ele deveria ser mais moderado. Hank Citron, 82 anos, um partid\u00e1rio de Netanyahu da cidade de Netanya, na costa central israelense, disse esperar que Gantz se saia bem o suficiente para que Netanyahu o coloque no governo e mude de rumo. Citron disse que partes da vida de Israel foram negligenciadas. \u201cA quest\u00e3o principal sempre foi a defesa\u201d, disse Citron. \u201cAgora \u00e9 hora de pensar em educa\u00e7\u00e3o e outras coisas.\u201d Fonte: Dow Jones Newswires.<\/p>\n<\/p><\/div>\n<p><script type=\"text\/javascript\">(function(d){var id=\"facebook-jssdk\";if(!d.getElementById(id)){var js=d.createElement(\"script\"),ref=d.getElementsByTagName(\"script\")[0];js.id=id,js.async=true,js.src=\"https:\/\/connect.facebook.net\/pt_BR\/all.js\",ref.parentNode.insertBefore(js,ref)}})(document)<\/script><br \/>\n<br \/><br \/>\n<br \/><a href=\"https:\/\/exame.abril.com.br\/mundo\/eleicao-em-israel-e-vista-como-referendo-sobre-netanyahu\/\">Fonte do Artigo <\/a><\/p>\n","protected":false},"excerpt":{"rendered":"<p>Netanyahu, que atuou 13 anos como primeiro-ministro, mudou o cen\u00e1rio pol\u00edtico de Israel e seu papel no cen\u00e1rio mundial Por Estad\u00e3o Conte\u00fado access_time 7 abr 2019, 16h03 Primeiro ministro de Israel, Benjamin Netanyahu: &#8220;Seguiremos adiante com a pr\u00f3xima fase. Sim, estenderei a soberania&#8221;\u00a0(Abir Sultan\/Reuters) Tel-Aviv \u2013 A busca do primeiro-ministro de Israel, Benjamin Netanyahu, por [&hellip;]<\/p>\n","protected":false},"author":1,"featured_media":15673,"comment_status":"open","ping_status":"open","sticky":false,"template":"","format":"standard","meta":{"footnotes":""},"categories":[337],"tags":[],"class_list":["post-15796","post","type-post","status-publish","format-standard","has-post-thumbnail","hentry","category-noticias"],"_links":{"self":[{"href":"https:\/\/wiy.com.br\/noticias\/wp-json\/wp\/v2\/posts\/15796","targetHints":{"allow":["GET"]}}],"collection":[{"href":"https:\/\/wiy.com.br\/noticias\/wp-json\/wp\/v2\/posts"}],"about":[{"href":"https:\/\/wiy.com.br\/noticias\/wp-json\/wp\/v2\/types\/post"}],"author":[{"embeddable":true,"href":"https:\/\/wiy.com.br\/noticias\/wp-json\/wp\/v2\/users\/1"}],"replies":[{"embeddable":true,"href":"https:\/\/wiy.com.br\/noticias\/wp-json\/wp\/v2\/comments?post=15796"}],"version-history":[{"count":0,"href":"https:\/\/wiy.com.br\/noticias\/wp-json\/wp\/v2\/posts\/15796\/revisions"}],"wp:featuredmedia":[{"embeddable":true,"href":"https:\/\/wiy.com.br\/noticias\/wp-json\/wp\/v2\/media\/15673"}],"wp:attachment":[{"href":"https:\/\/wiy.com.br\/noticias\/wp-json\/wp\/v2\/media?parent=15796"}],"wp:term":[{"taxonomy":"category","embeddable":true,"href":"https:\/\/wiy.com.br\/noticias\/wp-json\/wp\/v2\/categories?post=15796"},{"taxonomy":"post_tag","embeddable":true,"href":"https:\/\/wiy.com.br\/noticias\/wp-json\/wp\/v2\/tags?post=15796"}],"curies":[{"name":"wp","href":"https:\/\/api.w.org\/{rel}","templated":true}]}}