{"id":15732,"date":"2023-02-26T15:24:02","date_gmt":"2023-02-26T18:24:02","guid":{"rendered":"https:\/\/wiy.com.br\/noticias\/como-declaro-um-bem-que-tenho-ha-anos-mas-nunca-informei-a-receita\/"},"modified":"2019-04-07T07:54:15","modified_gmt":"2019-04-07T10:54:15","slug":"como-declaro-um-bem-que-tenho-ha-anos-mas-nunca-informei-a-receita","status":"publish","type":"post","link":"https:\/\/wiy.com.br\/noticias\/como-declaro-um-bem-que-tenho-ha-anos-mas-nunca-informei-a-receita\/","title":{"rendered":"Como declaro um bem que tenho h\u00e1 anos, mas nunca informei \u00e0 Receita?"},"content":{"rendered":"<p> <br \/>\n<\/p>\n<p><strong>Pergunta do leitor: Vou fazer a declara\u00e7\u00e3o do <a href=\"https:\/\/exame.abril.com.br\/noticias-sobre\/imposto-de-renda\/\" target=\"_blank\" rel=\"noopener noreferrer\">Imposto de Renda 2019<\/a> da minha neta. Ela tem um <a href=\"https:\/\/exame.abril.com.br\/noticias-sobre\/carros\/\" target=\"_blank\" rel=\"noopener noreferrer\">carro<\/a> desde 2014, mas nunca o declarou \u00e0 Receita Federal. E agora? <\/strong><\/p>\n<p><strong>Eu lan\u00e7o o bem na declara\u00e7\u00e3o deste ano como se ele fosse novo, comprado no ano passado, ou retifico as declara\u00e7\u00f5es dos anos anteriores? Se eu lan\u00e7ar neste ano, devo mudar os valores do financiamento para se adequar \u00e0 realidade financeira dela?<\/strong><\/p>\n<p><em>Resposta de Eduardo Costa da Silva*:<\/em><\/p>\n<p>Primeiramente, deve-se sempre estar atento aos crit\u00e9rios que tornam obrigat\u00f3ria a apresenta\u00e7\u00e3o da declara\u00e7\u00e3o anual de ajuste, cujos par\u00e2metros em 2018, s\u00e3o os seguintes: (i) R$ 28.559,70 (vinte e oito mil e quinhentos e cinquenta e nove reais e setenta centavos), para rendimentos tribut\u00e1veis ou (ii) R$ 40.000,00 (quarenta mil reais) nas hip\u00f3teses de rendimentos isentos, n\u00e3o tribut\u00e1veis ou tribut\u00e1veis exclusivamente na fonte, ou, ainda (iii) na hip\u00f3tese de o contribuinte possuir bens em valor superior a R$ 300.000,00 ( trezentos mil reais), ser\u00e1 obrigat\u00f3rias a apresenta\u00e7\u00e3o da declara\u00e7\u00e3o anual de ajuste.<\/p>\n<div class=\"widget-news widget-box no-margin no-border\"><span class=\"widget-news-title content-box-title\">Veja tamb\u00e9m<\/span><\/p>\n<ul class=\"widget-news-list\">\n<li class=\"widget-news-item without-thumb with-border\">\n<div class=\"widget-news-info\"><a href=\"http:\/\/exame.abril.com.br\/seu-dinheiro\">SEU DINHEIRO<\/a><span class=\"widget-news-item-title\"><a href=\"https:\/\/exame.abril.com.br\/seu-dinheiro\/como-declarar-carros-no-imposto-de-renda-2019\/\">Como declarar carros no Imposto de Renda 2019<\/a><\/span><span class=\"widget-news-item-date\">15 mar 2019 &#8211; 05h03<\/span><\/div>\n<\/li>\n<\/ul>\n<\/div>\n<p>Esta verifica\u00e7\u00e3o dever\u00e1 ser feita ano a ano, retroagindo-se at\u00e9 o ano de 2014 (consultar o site da Receita Federal do Brasil para este fim), considerando a hip\u00f3tese em que sua neta n\u00e3o tenha sido obrigada a apresentar declara\u00e7\u00e3o em nenhum destes anos, basta efetuar a declara\u00e7\u00e3o de ajuste 2017\/2018.<\/p>\n<p>No caso de obrigatoriedade da apresenta\u00e7\u00e3o da declara\u00e7\u00e3o em anos anteriores, as declara\u00e7\u00f5es dever\u00e3o ser apresentadas agora, e, como est\u00e3o fora do prazo, ser\u00e1 aplicada multa por atraso na entrega.<\/p>\n<p>De todo o modo o procedimento para declara\u00e7\u00e3o do autom\u00f3vel deve ser o seguinte:<\/p>\n<ol>\n<li>Acessar a Ficha de bens e direito que est\u00e1 localizada \u00e0 esquerda na tela da declara\u00e7\u00e3o; e<\/li>\n<li>Adicionar um novo bem sob o c\u00f3digo 21 \u2013 ( Ve\u00edculo automotor terrestre: caminh\u00e3o, autom\u00f3vel, moto etc. ) no campo situa\u00e7\u00e3o em 31\/12\/2017 declarar o valor do autom\u00f3vel, no campo 31\/12\/2018 declarar o valor do autom\u00f3vel, no campo discrimina\u00e7\u00e3o declarar detalhes do autom\u00f3vel como modelo, ano, cor, placa e marca assim como nome e CPF ou CNPJ do vendedor data da compra (2014) e condi\u00e7\u00e3o da compra (se foi \u00e0 vista ou \u00e0 prazo).<\/li>\n<\/ol>\n<p>Por fim, jamais se deve registrar eventos ou valores diversos da realidade, pois a declara\u00e7\u00e3o de ajuste \u00e9 documento oficial e a presta\u00e7\u00e3o de informa\u00e7\u00e3o falsa dar\u00e1 ensejo a apura\u00e7\u00e3o de crime, tais efeitos ser\u00e3o mais indesejados e onerosos do que apresentar declara\u00e7\u00f5es fora do prazo, caso seja necess\u00e1rio.<\/p>\n<p><em>*Eduardo Costa da Silva \u00e9 s\u00f3cio respons\u00e1vel pela \u00e1rea tribut\u00e1ria do<span>\u00a0<\/span><span>Costa da Silva e Fernandes Rocha Advogados<\/span>. Formado pela Faculdade de Direito da Universidade de S\u00e3o Paulo e em Tecnologia pela FATEC-SP, possui MBA em Finan\u00e7as pela FIPECAFI. Leciona mat\u00e9rias jur\u00eddico-empresariais em cursos de especializa\u00e7\u00e3o e MBA.<\/em><\/p>\n<hr \/>\n<p><strong>O site EXAME vai responder diariamente, entre 7 de mar\u00e7o e 30 de abril, as d\u00favidas de leitores sobre a Declara\u00e7\u00e3o do Imposto de Renda 2019. Envie suas perguntas para<span>\u00a0<\/span><a href=\"mailto:seudinheiro_exame@abril.com.br\" target=\"_blank\" rel=\"noopener noreferrer\">seudinheiro_exame@abril.com.br<\/a>.<\/strong><\/p>\n<p><br \/>\n<br \/><a href=\"https:\/\/exame.abril.com.br\/seu-dinheiro\/como-declaro-um-bem-que-tenho-ha-anos-mas-nunca-informei-a-receita\/\">Fonte do Artigo <\/a><\/p>\n<p>#noticias #news #o #brasil #venezuela #n #jornalismo #a #love #like #bbb #musica #colombia #tv #blog #fofoca #mexico #gay #caracas #saopaulo #instagram #follow #not #cias #famosos #m #brazil #politica #pol #jeansobrinho<\/p>\n","protected":false},"excerpt":{"rendered":"<p>Pergunta do leitor: Vou fazer a declara\u00e7\u00e3o do Imposto de Renda 2019 da minha neta. Ela tem um carro desde 2014, mas nunca o declarou \u00e0 Receita Federal. E agora? Eu lan\u00e7o o bem na declara\u00e7\u00e3o deste ano como se ele fosse novo, comprado no ano passado, ou retifico as declara\u00e7\u00f5es dos anos anteriores? Se [&hellip;]<\/p>\n","protected":false},"author":1,"featured_media":9059,"comment_status":"open","ping_status":"open","sticky":false,"template":"","format":"standard","meta":{"footnotes":""},"categories":[339],"tags":[],"class_list":["post-15732","post","type-post","status-publish","format-standard","has-post-thumbnail","hentry","category-negocios"],"_links":{"self":[{"href":"https:\/\/wiy.com.br\/noticias\/wp-json\/wp\/v2\/posts\/15732","targetHints":{"allow":["GET"]}}],"collection":[{"href":"https:\/\/wiy.com.br\/noticias\/wp-json\/wp\/v2\/posts"}],"about":[{"href":"https:\/\/wiy.com.br\/noticias\/wp-json\/wp\/v2\/types\/post"}],"author":[{"embeddable":true,"href":"https:\/\/wiy.com.br\/noticias\/wp-json\/wp\/v2\/users\/1"}],"replies":[{"embeddable":true,"href":"https:\/\/wiy.com.br\/noticias\/wp-json\/wp\/v2\/comments?post=15732"}],"version-history":[{"count":0,"href":"https:\/\/wiy.com.br\/noticias\/wp-json\/wp\/v2\/posts\/15732\/revisions"}],"wp:featuredmedia":[{"embeddable":true,"href":"https:\/\/wiy.com.br\/noticias\/wp-json\/wp\/v2\/media\/9059"}],"wp:attachment":[{"href":"https:\/\/wiy.com.br\/noticias\/wp-json\/wp\/v2\/media?parent=15732"}],"wp:term":[{"taxonomy":"category","embeddable":true,"href":"https:\/\/wiy.com.br\/noticias\/wp-json\/wp\/v2\/categories?post=15732"},{"taxonomy":"post_tag","embeddable":true,"href":"https:\/\/wiy.com.br\/noticias\/wp-json\/wp\/v2\/tags?post=15732"}],"curies":[{"name":"wp","href":"https:\/\/api.w.org\/{rel}","templated":true}]}}