{"id":15633,"date":"2023-02-26T15:27:33","date_gmt":"2023-02-26T18:27:33","guid":{"rendered":"https:\/\/wiy.com.br\/noticias\/menina-atingida-por-linha-chilena-tera-que-amputar-a-perna-diz-a-mae\/"},"modified":"2019-04-06T14:39:08","modified_gmt":"2019-04-06T17:39:08","slug":"menina-atingida-por-linha-chilena-tera-que-amputar-a-perna-diz-a-mae","status":"publish","type":"post","link":"https:\/\/wiy.com.br\/noticias\/menina-atingida-por-linha-chilena-tera-que-amputar-a-perna-diz-a-mae\/","title":{"rendered":"Menina atingida por linha chilena ter\u00e1 que amputar a perna, diz a m\u00e3e"},"content":{"rendered":"<p> <br \/>\n<\/p>\n<div>\n<p>\nRIO \u2014 A menina de 8 anos que foi atingida por uma linha chilena \u2014 usada para soltar pipa \u2014 no \u00faltimo domingo ter\u00e1 que amputar uma perna, segundo a m\u00e3e Vanessa Souza. Eloah de Oliveira de Macedo, que<br \/>\n<a href=\"https:\/\/extra.globo.com\/noticias\/rio\/ela-quase-perdeu-as-pernas-diz-mae-de-menina-cortada-por-linha-chilena-na-avenida-brasil-23567255.html\">teve as duas pernas cortadas por uma linha chilena ao atravessar uma passarela na Avenida Brasil,<\/a><br \/>\naltura de Realengo, na Zona Oeste do Rio, passou por uma cirurgia nesta sexta-feira.\n<\/p>\n<p>\n\u2014 Os m\u00e9dicos tentaram salvar a veia femoral dela na cirurgia de ontem (<br \/>\n<em>sexta-feira<\/em><br \/>\n), mas n\u00e3o conseguiram. Ela vai ter que passar por essa nova opera\u00e7\u00e3o hoje \u2014 diz a m\u00e3e, Vanessa Souza.\n<\/p>\n<p>\nDepois de ser socorrida e levada para o Hospital municipal Albert Schweitzer, tamb\u00e9m em Realengo, exames constataram que a garota tinha uma pequena trombose nas pernas. A menina encontra-se internada na UTI pedi\u00e1trica em estado grave.\n<\/p>\n<p>\nDe acordo com Vanessa, a pequena Eloah n\u00e3o se conforma com a decis\u00e3o m\u00e9dica e est\u00e1 dizendo para a fam\u00edlia que conseguir\u00e1 sair do hospital com as duas pernas.\n<\/p>\n<p>\n\u2014 Minha vida parou a partir de hoje. E a vida da minha filha parou tamb\u00e9m \u2014 lamentou a m\u00e3e.<\/p>\n<aside class=\"article-related-links article-related-links--inside\">\n<\/aside>\n<\/p>\n<\/div>\n<p><br \/>\n<br \/><a href=\"https:\/\/oglobo.globo.com\/rio\/menina-atingida-por-linha-chilena-tera-que-amputar-perna-diz-mae-23579113\">Fonte do Artigo <\/a><\/p>\n","protected":false},"excerpt":{"rendered":"<p>RIO \u2014 A menina de 8 anos que foi atingida por uma linha chilena \u2014 usada para soltar pipa \u2014 no \u00faltimo domingo ter\u00e1 que amputar uma perna, segundo a m\u00e3e Vanessa Souza. Eloah de Oliveira de Macedo, que teve as duas pernas cortadas por uma linha chilena ao atravessar uma passarela na Avenida Brasil, [&hellip;]<\/p>\n","protected":false},"author":1,"featured_media":0,"comment_status":"open","ping_status":"open","sticky":false,"template":"","format":"standard","meta":{"footnotes":""},"categories":[337],"tags":[],"class_list":["post-15633","post","type-post","status-publish","format-standard","hentry","category-noticias"],"_links":{"self":[{"href":"https:\/\/wiy.com.br\/noticias\/wp-json\/wp\/v2\/posts\/15633","targetHints":{"allow":["GET"]}}],"collection":[{"href":"https:\/\/wiy.com.br\/noticias\/wp-json\/wp\/v2\/posts"}],"about":[{"href":"https:\/\/wiy.com.br\/noticias\/wp-json\/wp\/v2\/types\/post"}],"author":[{"embeddable":true,"href":"https:\/\/wiy.com.br\/noticias\/wp-json\/wp\/v2\/users\/1"}],"replies":[{"embeddable":true,"href":"https:\/\/wiy.com.br\/noticias\/wp-json\/wp\/v2\/comments?post=15633"}],"version-history":[{"count":0,"href":"https:\/\/wiy.com.br\/noticias\/wp-json\/wp\/v2\/posts\/15633\/revisions"}],"wp:attachment":[{"href":"https:\/\/wiy.com.br\/noticias\/wp-json\/wp\/v2\/media?parent=15633"}],"wp:term":[{"taxonomy":"category","embeddable":true,"href":"https:\/\/wiy.com.br\/noticias\/wp-json\/wp\/v2\/categories?post=15633"},{"taxonomy":"post_tag","embeddable":true,"href":"https:\/\/wiy.com.br\/noticias\/wp-json\/wp\/v2\/tags?post=15633"}],"curies":[{"name":"wp","href":"https:\/\/api.w.org\/{rel}","templated":true}]}}