{"id":15566,"date":"2023-02-26T14:57:23","date_gmt":"2023-02-26T17:57:23","guid":{"rendered":"https:\/\/wiy.com.br\/noticias\/planalto-acaba-com-pesquisas-de-opiniao\/"},"modified":"2019-04-06T07:26:32","modified_gmt":"2019-04-06T10:26:32","slug":"planalto-acaba-com-pesquisas-de-opiniao","status":"publish","type":"post","link":"https:\/\/wiy.com.br\/noticias\/planalto-acaba-com-pesquisas-de-opiniao\/","title":{"rendered":"Planalto acaba com pesquisas de opini\u00e3o"},"content":{"rendered":"<p> <br \/>\n<\/p>\n<div>\n<p>\nO Pal\u00e1cio do Planalto esvaziou o departamento que contratava pesquisas de opini\u00e3o. Os cargos de confian\u00e7a, inclusive de um funcion\u00e1rio do IBGE, foram transferidos para auxiliar o porta-voz, general Ot\u00e1vio R\u00eago Barros, ou a comunica\u00e7\u00e3o digital.\n<\/p>\n<p>\nEm 100 dias, o governo Bolsonaro n\u00e3o fechou nenhum contrato de pesquisa de opini\u00e3o.\n<\/p>\n<p>\nNo ano passado, a gest\u00e3o Temer divulgou cerca de 60 pesquisas, entre telef\u00f4nicas, domiciliares, qualitativas e quantitativas. Os temas dependiam das crises do momento, como greve dos caminhoneiros e dela\u00e7\u00e3o da JBS.\n<\/p>\n<p>\n<strong>Leia mais:<br \/><\/strong><br \/>\n<a href=\"https:\/\/epoca.globo.com\/guilherme-amado\/flavio-bolsonaro-passa-no-teste-do-aeroporto-23520999\"\/><br \/>\n<a href=\"https:\/\/epoca.globo.com\/guilherme-amado\/maia-coloca-freixo-pt-psl-para-analisar-pacote-de-moro-23537218\"\/><br \/>\n<a href=\"https:\/\/epoca.globo.com\/guilherme-amado\/bolsonaro-quer-doar-moveis-do-planalto-fora-de-uso-23567053\">Bolsonaro quer doar m\u00f3veis do Planalto fora de uso<\/a><br \/>\n<br \/><a href=\"https:\/\/epoca.globo.com\/guilherme-amado\/familia-de-flavio-bolsonaro-se-muda-do-rio-de-janeiro-23547322\"\/><br \/>\n<a href=\"https:\/\/epoca.globo.com\/guilherme-amado\/caixa-perde-assento-no-bilionario-conselho-curador-do-fgts-23558899\"\/><br \/>\n<a href=\"https:\/\/epoca.globo.com\/moro-reduz-papel-de-juiz-em-pacote-anticrime-23447715\"\/><br \/>\n<a href=\"https:\/\/epoca.globo.com\/guilherme-amado\/feliciano-bolsonaro-pelo-jeito-nos-separamos-23517327\">Feliciano a Bolsonaro: &#8216;Pelo jeito nos separamos<\/a><br \/>\n&#8216;\n<\/p>\n<p>\n<strong>Acompanhe nas redes sociais: <a href=\"https:\/\/www.facebook.com\/GuilhermeAmadoJornalista\">Facebook<\/a> | <a href=\"https:\/\/twitter.com\/guilherme_amado\">Twitter<\/a> | <a href=\"https:\/\/www.instagram.com\/guilhermeamado\/\">Instagram<\/a><\/strong>\n<\/p>\n<div class=\"article__embed-container\">\n<div class=\"embed-social\">\n<div id=\"g-autores-coluna-box\" class=\"ai2html\">\n<div id=\"g-autores-coluna-desk\" class=\"g-artboard\">\n<div id=\"g-autores-coluna-desk-graphic\"><img title = \"[Tags]\"alt = \"autores-coluna-desk Planalto acaba com pesquisas de opini\u00e3o\"decoding=\"async\" class=\"g-aiImg\" id=\"g-ai0-0\" src=\"https:\/\/d37iydjzbdkvr9.cloudfront.net\/arquivos\/2019\/01\/18\/autores-coluna-desk.png\"\/><\/p>\n<div id=\"g-ai0-4\" class=\"g-Layer_1 g-aiAbs\" style=\"top:53.7867%;left:.1653%;width:46.581%\">\n<article class=\"g-aiPstyle2\">Guilherme Amado passou por O Globo, Veja e Extra. Recebeu os pr\u00eamios Esso e Tim Lopes de Jornalismo Investigativo. \u00c9 JSK Fellow na Universidade Stanford, e integrante do Cons\u00f3rcio Internacional de Jornalistas Investigativos. Fica entre Bras\u00edlia, S\u00e3o Paulo, Rio e onde mais houver uma boa hist\u00f3ria para contar.<\/article>\n<\/div>\n<div id=\"g-ai0-5\" class=\"g-Layer_1 g-aiAbs\" style=\"top:53.7867%;left:54.1705%;width:45.1613%\">\n<article class=\"g-aiPstyle2\">Eduardo Barretto passou pelo jornal O Globo e pelos sites Cruso\u00e9 e Poder360. Colaborou tamb\u00e9m para a Associated Press e O Estado de S. Paulo. Estudou na Universidade de Bras\u00edlia e na London School of Journalism. Fica baseado na Capital Federal, onde busca hist\u00f3rias sobre o poder.<\/article>\n<\/div>\n<\/div>\n<\/div>\n<div id=\"g-autores-coluna-mobi\" class=\"g-artboard\">\n<div id=\"g-autores-coluna-mobi-graphic\"><img title = \"[Tags]\"alt = \"autores-coluna-desk Planalto acaba com pesquisas de opini\u00e3o\"decoding=\"async\" class=\"g-aiImg\" id=\"g-ai1-0\" src=\"https:\/\/d37iydjzbdkvr9.cloudfront.net\/arquivos\/2019\/01\/18\/autores-coluna-mobi.png\"\/><\/p>\n<div id=\"g-ai1-3\" class=\"g-Layer_1 g-aiAbs\" style=\"top:26.4122%;left:3.1238%;width:93.3333%\">\n<article class=\"g-aiPstyle2\">Guilherme Amado passou por O Globo, Veja e Extra. Recebeu os pr\u00eamios Esso e Tim Lopes de Jornalismo Investigativo. \u00c9 JSK Fellow na Universidade Stanford, e integrante do Cons\u00f3rcio Internacional de Jornalistas Investigativos. Fica entre Bras\u00edlia, S\u00e3o Paulo, Rio e onde mais houver uma boa hist\u00f3ria para contar.<\/article>\n<\/div>\n<div id=\"g-ai1-5\" class=\"g-Layer_1 g-aiAbs\" style=\"top:76.2784%;left:3.2939%;width:93.3333%\">\n<article class=\"g-aiPstyle2\">Eduardo Barretto passou pelo jornal O Globo e pelos sites Cruso\u00e9 e Poder360. Colaborou tamb\u00e9m para a Associated Press e O Estado de S. Paulo. Estudou na Universidade de Bras\u00edlia e na London School of Journalism. Fica baseado na Capital Federal, onde busca hist\u00f3rias sobre o poder.<\/article>\n<\/div>\n<\/div>\n<\/div>\n<\/div>\n<\/div>\n<\/div>\n<\/div>\n<p><script async src=\"http:\/\/platform.twitter.com\/widgets.js\" charset=\"utf-8\"><\/script><script async defer src=\"http:\/\/platform.instagram.com\/en_US\/embeds.js\"><\/script><br \/>\n<br \/><br \/>\n<br \/><a href=\"https:\/\/epoca.globo.com\/guilherme-amado\/planalto-acaba-com-pesquisas-de-opiniao-23577513\">Fonte do Artigo <\/a><\/p>\n","protected":false},"excerpt":{"rendered":"<p>O Pal\u00e1cio do Planalto esvaziou o departamento que contratava pesquisas de opini\u00e3o. Os cargos de confian\u00e7a, inclusive de um funcion\u00e1rio do IBGE, foram transferidos para auxiliar o porta-voz, general Ot\u00e1vio R\u00eago Barros, ou a comunica\u00e7\u00e3o digital. Em 100 dias, o governo Bolsonaro n\u00e3o fechou nenhum contrato de pesquisa de opini\u00e3o. No ano passado, a gest\u00e3o [&hellip;]<\/p>\n","protected":false},"author":1,"featured_media":12399,"comment_status":"open","ping_status":"open","sticky":false,"template":"","format":"standard","meta":{"footnotes":""},"categories":[337],"tags":[],"class_list":["post-15566","post","type-post","status-publish","format-standard","has-post-thumbnail","hentry","category-noticias"],"_links":{"self":[{"href":"https:\/\/wiy.com.br\/noticias\/wp-json\/wp\/v2\/posts\/15566","targetHints":{"allow":["GET"]}}],"collection":[{"href":"https:\/\/wiy.com.br\/noticias\/wp-json\/wp\/v2\/posts"}],"about":[{"href":"https:\/\/wiy.com.br\/noticias\/wp-json\/wp\/v2\/types\/post"}],"author":[{"embeddable":true,"href":"https:\/\/wiy.com.br\/noticias\/wp-json\/wp\/v2\/users\/1"}],"replies":[{"embeddable":true,"href":"https:\/\/wiy.com.br\/noticias\/wp-json\/wp\/v2\/comments?post=15566"}],"version-history":[{"count":0,"href":"https:\/\/wiy.com.br\/noticias\/wp-json\/wp\/v2\/posts\/15566\/revisions"}],"wp:featuredmedia":[{"embeddable":true,"href":"https:\/\/wiy.com.br\/noticias\/wp-json\/wp\/v2\/media\/12399"}],"wp:attachment":[{"href":"https:\/\/wiy.com.br\/noticias\/wp-json\/wp\/v2\/media?parent=15566"}],"wp:term":[{"taxonomy":"category","embeddable":true,"href":"https:\/\/wiy.com.br\/noticias\/wp-json\/wp\/v2\/categories?post=15566"},{"taxonomy":"post_tag","embeddable":true,"href":"https:\/\/wiy.com.br\/noticias\/wp-json\/wp\/v2\/tags?post=15566"}],"curies":[{"name":"wp","href":"https:\/\/api.w.org\/{rel}","templated":true}]}}