{"id":15532,"date":"2023-02-26T15:21:16","date_gmt":"2023-02-26T18:21:16","guid":{"rendered":"https:\/\/wiy.com.br\/noticias\/com-salarios-atrasados-jogadores-do-vasco-decidem-nao-se-concentrar-antes-da-semifinal-do-carioca\/"},"modified":"2019-04-06T01:34:35","modified_gmt":"2019-04-06T04:34:35","slug":"com-salarios-atrasados-jogadores-do-vasco-decidem-nao-se-concentrar-antes-da-semifinal-do-carioca","status":"publish","type":"post","link":"https:\/\/wiy.com.br\/noticias\/com-salarios-atrasados-jogadores-do-vasco-decidem-nao-se-concentrar-antes-da-semifinal-do-carioca\/","title":{"rendered":"Com sal\u00e1rios atrasados, jogadores do Vasco decidem n\u00e3o se concentrar antes da semifinal do Carioca"},"content":{"rendered":"<p> <br \/>\n<br \/><img title = \"[Tags]\"alt = \"5c352b7f42cc2 Com sal\u00e1rios atrasados, jogadores do Vasco decidem n\u00e3o se concentrar antes da semifinal do Carioca\"decoding=\"async\" src=\"http:\/\/www.lance.com.br\/\/files\/\/uploads\/2019\/01\/08\/5c352b7f42cc2.jpeg\" \/><\/p>\n<div>\n<p class=\"paragraph\" id=\"p489118-m525-524-526\">\u00c0s v\u00e9speras da semifinal do Campeonato Carioca, os jogadores do Vasco se posicionaram de maneira a mudar a rotina do clube. Em protesto contra os sal\u00e1rios atrasados, os atletas decidiram n\u00e3o se concentrar neste s\u00e1bado para o jogo contra o Bangu, neste domingo. A informa\u00e7\u00e3o foi publicada originalmente pelo site do &#8220;Globo Esporte&#8221;.<\/p>\n<p>Os \u00faltimos sal\u00e1rios pagos foram em janeiro, mas o 13\u00ba vencimento de 2018 tamb\u00e9m n\u00e3o foram quitados. Situa\u00e7\u00e3o vivida por jogadores e funcion\u00e1rios do clube cruz-maltino. Os jogadores relataram o inc\u00f4modo e informaram a decis\u00e3o ao diretor executivo de futebol, ap\u00f3s o treino desta sexta-feira.<\/p>\n<p>O grupo ainda tem atividade prevista para este s\u00e1bado. A \u00faltima antes do duelo contra o Alvirrubro. A decis\u00e3o dos jogadores do Vasco se alinha \u00e0 dos atletas do Botafogo, que tamb\u00e9m n\u00e3o se concentraram, na \u00faltima quarta-feira, para o duelo contra o Juventude, na \u00faltima quinta.<\/p>\n<\/div>\n<p><script>(function(d, s, id) {\n    var js, fjs = d.getElementsByTagName(s)[0];\n    if (d.getElementById(id)) return;\n    js = d.createElement(s); js.id = id;\n    js.src = 'https:\/\/connect.facebook.net\/pt_BR\/sdk.js#xfbml=1&version=v2.12&appId=1124817024230602';\n    fjs.parentNode.insertBefore(js, fjs);\n    }(document, 'script', 'facebook-jssdk'));<\/script><br \/>\n<br \/><br \/>\n<br \/><a href=\"http:\/\/www.lance.com.br\/vasco\/com-salarios-atrasados-jogadores-nao-vao-concentrar-para-semifinal-campeonato-carioca.html\">Link do Artigo <\/a><\/p>\n","protected":false},"excerpt":{"rendered":"<p>\u00c0s v\u00e9speras da semifinal do Campeonato Carioca, os jogadores do Vasco se posicionaram de maneira a mudar a rotina do clube. Em protesto contra os sal\u00e1rios atrasados, os atletas decidiram n\u00e3o se concentrar neste s\u00e1bado para o jogo contra o Bangu, neste domingo. A informa\u00e7\u00e3o foi publicada originalmente pelo site do &#8220;Globo Esporte&#8221;. Os \u00faltimos [&hellip;]<\/p>\n","protected":false},"author":1,"featured_media":15533,"comment_status":"open","ping_status":"open","sticky":false,"template":"","format":"standard","meta":{"footnotes":""},"categories":[372],"tags":[],"class_list":["post-15532","post","type-post","status-publish","format-standard","has-post-thumbnail","hentry","category-futebol"],"_links":{"self":[{"href":"https:\/\/wiy.com.br\/noticias\/wp-json\/wp\/v2\/posts\/15532","targetHints":{"allow":["GET"]}}],"collection":[{"href":"https:\/\/wiy.com.br\/noticias\/wp-json\/wp\/v2\/posts"}],"about":[{"href":"https:\/\/wiy.com.br\/noticias\/wp-json\/wp\/v2\/types\/post"}],"author":[{"embeddable":true,"href":"https:\/\/wiy.com.br\/noticias\/wp-json\/wp\/v2\/users\/1"}],"replies":[{"embeddable":true,"href":"https:\/\/wiy.com.br\/noticias\/wp-json\/wp\/v2\/comments?post=15532"}],"version-history":[{"count":0,"href":"https:\/\/wiy.com.br\/noticias\/wp-json\/wp\/v2\/posts\/15532\/revisions"}],"wp:featuredmedia":[{"embeddable":true,"href":"https:\/\/wiy.com.br\/noticias\/wp-json\/wp\/v2\/media\/15533"}],"wp:attachment":[{"href":"https:\/\/wiy.com.br\/noticias\/wp-json\/wp\/v2\/media?parent=15532"}],"wp:term":[{"taxonomy":"category","embeddable":true,"href":"https:\/\/wiy.com.br\/noticias\/wp-json\/wp\/v2\/categories?post=15532"},{"taxonomy":"post_tag","embeddable":true,"href":"https:\/\/wiy.com.br\/noticias\/wp-json\/wp\/v2\/tags?post=15532"}],"curies":[{"name":"wp","href":"https:\/\/api.w.org\/{rel}","templated":true}]}}