{"id":15505,"date":"2023-02-26T15:25:25","date_gmt":"2023-02-26T18:25:25","guid":{"rendered":"https:\/\/wiy.com.br\/noticias\/morre-gervasio-baptista-o-fotografo-dos-presidentes\/"},"modified":"2019-04-05T22:07:01","modified_gmt":"2019-04-06T01:07:01","slug":"morre-gervasio-baptista-o-fotografo-dos-presidentes","status":"publish","type":"post","link":"https:\/\/wiy.com.br\/noticias\/morre-gervasio-baptista-o-fotografo-dos-presidentes\/","title":{"rendered":"Morre Gerv\u00e1sio Baptista, o \u2018fot\u00f3grafo dos presidentes\u2019"},"content":{"rendered":"<p> <br \/>\n<\/p>\n<div>\n<p>\nRIO \u2014Faleceu nesta sexta-feita, aos 95 anos, o fot\u00f3grafo Gerv\u00e1sio Baptista, autor da ic\u00f4nica imagem que mostrou o ent\u00e3o presidente Juscelino Kubitschek, em 1960, erguendo sua cartola tendo ao fundo Bras\u00edlia, a capital federal que construiu. Gerv\u00e1sio, que ganhou a alcunha de \u201cfot\u00f3grafos dos presidentes&#8221;, capturou imagens dos chefes de Estado por mais de seis d\u00e9cadas, de Get\u00falio Vargas a Luiz In\u00e1cio Lula da Silva.\n<\/p>\n<p>\nNatural de Salvador (BA), Gerv\u00e1sio se mudou para o Rio de Janeiro para trabalhar como fot\u00f3grafo a pedido de Assis Chateaubriand, fundador dos Di\u00e1rios Associados. O baiano trabalhou nas extintas revistas Cruzeiro e Manchete e para os presidentes Tancredo Neves e Jos\u00e9 Sarney.\n<\/p>\n<p>\nGerv\u00e1sio tamb\u00e9m foi autor da \u00faltima imagem de Tancredo, ladeado por m\u00e9dicos durante a interna\u00e7\u00e3o no Hospital de Base. Eleito em 1985, Tancredo morreu antes de tomar posse.\n<\/p>\n<p>\nAl\u00e9m da destacada atua\u00e7\u00e3o como fotojornalista pol\u00edtico no Brasil, Baptista rodou o mundo. Fez coberturas da Revolu\u00e7\u00e3o Cubana \u2014 quando fotografou Fidel Castro e Che Guevara \u2014, da Revolu\u00e7\u00e3o dos Cravos e at\u00e9 da Guerra do Vietn\u00e3. Em outras \u00e1reas, fotografou 16 concursos de Miss Universo e sete Copas do Mundo.\n<\/p>\n<p>\nAristides Baptista, filho do fot\u00f3grafo, define Gerv\u00e1sio como um pai &#8220;bacana&#8221; que conseguia traduzir \u00e9pocas em suas fotos.\n<\/p>\n<p>\n\u2014 Aquela imagem que ele conseguiu captar de Juscelino ficou marcada na hist\u00f3ria \u2014 lembrou.\n<\/p>\n<p>\nAl\u00e9m de Aristides, que mora em Salvador, o &#8220;fot\u00f3grafo dos presidentes&#8221; deixa outros dois filhos, J\u00falio e Selina Baptista, que moram na capital federal.\n<\/p>\n<p>\nOrlando Brito, fot\u00f3grafo amigo de Gerv\u00e1sio, registrou numa rede social que o soteropolitano se tornou &#8220;uma lenda da fotografia, numa bela carreira no jornalismo que construiu clic a clic, com fotos que marcaram a hist\u00f3ria do Brasil&#8221;.\n<\/p>\n<section class=\"block block--advertising\">\n<\/section>\n<p>\nDe acordo com o lar para idosos em que morava, localizado em Vicente Pires, cidade ao lado de Bras\u00edlia, a morte ocorreu por causas naturais.\n<\/p>\n<\/div>\n<p><br \/>\n<br \/><a href=\"https:\/\/oglobo.globo.com\/brasil\/morre-gervasio-baptista-fotografo-dos-presidentes-23578329\">Fonte do Artigo <\/a><\/p>\n","protected":false},"excerpt":{"rendered":"<p>RIO \u2014Faleceu nesta sexta-feita, aos 95 anos, o fot\u00f3grafo Gerv\u00e1sio Baptista, autor da ic\u00f4nica imagem que mostrou o ent\u00e3o presidente Juscelino Kubitschek, em 1960, erguendo sua cartola tendo ao fundo Bras\u00edlia, a capital federal que construiu. Gerv\u00e1sio, que ganhou a alcunha de \u201cfot\u00f3grafos dos presidentes&#8221;, capturou imagens dos chefes de Estado por mais de seis [&hellip;]<\/p>\n","protected":false},"author":1,"featured_media":0,"comment_status":"open","ping_status":"open","sticky":false,"template":"","format":"standard","meta":{"footnotes":""},"categories":[337],"tags":[],"class_list":["post-15505","post","type-post","status-publish","format-standard","hentry","category-noticias"],"_links":{"self":[{"href":"https:\/\/wiy.com.br\/noticias\/wp-json\/wp\/v2\/posts\/15505","targetHints":{"allow":["GET"]}}],"collection":[{"href":"https:\/\/wiy.com.br\/noticias\/wp-json\/wp\/v2\/posts"}],"about":[{"href":"https:\/\/wiy.com.br\/noticias\/wp-json\/wp\/v2\/types\/post"}],"author":[{"embeddable":true,"href":"https:\/\/wiy.com.br\/noticias\/wp-json\/wp\/v2\/users\/1"}],"replies":[{"embeddable":true,"href":"https:\/\/wiy.com.br\/noticias\/wp-json\/wp\/v2\/comments?post=15505"}],"version-history":[{"count":0,"href":"https:\/\/wiy.com.br\/noticias\/wp-json\/wp\/v2\/posts\/15505\/revisions"}],"wp:attachment":[{"href":"https:\/\/wiy.com.br\/noticias\/wp-json\/wp\/v2\/media?parent=15505"}],"wp:term":[{"taxonomy":"category","embeddable":true,"href":"https:\/\/wiy.com.br\/noticias\/wp-json\/wp\/v2\/categories?post=15505"},{"taxonomy":"post_tag","embeddable":true,"href":"https:\/\/wiy.com.br\/noticias\/wp-json\/wp\/v2\/tags?post=15505"}],"curies":[{"name":"wp","href":"https:\/\/api.w.org\/{rel}","templated":true}]}}