{"id":15329,"date":"2023-02-26T15:00:14","date_gmt":"2023-02-26T18:00:14","guid":{"rendered":"https:\/\/wiy.com.br\/noticias\/assembleia-define-futuro-da-avianca-e-do-mercado-aereo-no-pais\/"},"modified":"2019-04-05T08:03:40","modified_gmt":"2019-04-05T11:03:40","slug":"assembleia-define-futuro-da-avianca-e-do-mercado-aereo-no-pais","status":"publish","type":"post","link":"https:\/\/wiy.com.br\/noticias\/assembleia-define-futuro-da-avianca-e-do-mercado-aereo-no-pais\/","title":{"rendered":"Assembleia define futuro da Avianca e do mercado a\u00e9reo no pa\u00eds"},"content":{"rendered":"<p> <br \/>\n<\/p>\n<div id=\"\">\n<h2 class=\"article-subtitle\">A companhia a\u00e9rea, em recupera\u00e7\u00e3o judicial, ir\u00e1 apresentar hoje, 5, seu plano de recupera\u00e7\u00e3o judicial na Assembleia Geral de Credores, em S\u00e3o Paulo&#13;<br \/>\n<\/h2>\n<p>Por<br \/>\n                              <span><strong>reda\u00e7\u00e3o exame<\/strong><\/span>\n                          <\/p>\n<p>\n              <i class=\"material-icons\">access_time<\/i><br \/>\n              <span><br \/>\n                5 abr 2019, 06h48 &#8211; Publicado em 5 abr 2019, 06h23              <\/span>\n            <\/p>\n<\/p><\/div>\n<div id=\"\">\n<div class=\"featured-image\">\n<div class=\"image\">\n              <img decoding=\"async\" src=\"https:\/\/abrilexame.files.wordpress.com\/2016\/10\/size_960_16_9_aviao.jpg\" class=\"abril-image optimized lazyload\" abril-data-id=\"3341082\"  alt = \"size_960_16_9_aviao Assembleia define futuro da Avianca e do mercado a\u00e9reo no pa\u00eds\"title = \"[Tags]\"\/><\/div>\n<p class=\"caption\">Avianca: O plano da empresa precisa ser aprovado em assembleia de credores\u00a0(Avianca Brasil\/Divulga\u00e7\u00e3o)<\/p>\n<\/p><\/div>\n<p>A Avianca Brasil deve decidir nesta sexta-feira o futuro de sua opera\u00e7\u00e3o e o que sobrar\u00e1 de seus neg\u00f3cios. A companhia a\u00e9rea, em recupera\u00e7\u00e3o judicial, ir\u00e1 apresentar hoje, 5, seu <strong><a href=\"https:\/\/exame.abril.com.br\/negocios\/avianca-brasil-pede-recuperacao-judicial\/\" target=\"_blank\" rel=\"noopener noreferrer\">plano de recupera\u00e7\u00e3o judicial<\/a><\/strong> na Assembleia Geral de Credores, em S\u00e3o Paulo.<\/p>\n<p>A reuni\u00e3o deveria acontecer no dia 29 de mar\u00e7o, mas n\u00e3o houve qu\u00f3rum suficiente. A segunda assembleia ser\u00e1 formada hoje independentemente do n\u00famero de pessoas presentes.<\/p>\n<p><strong><a href=\"https:\/\/exame.abril.com.br\/negocios\/divida-da-avianca-da-salto-e-agora-e-de-r-27-bilhoes\/\" target=\"_blank\" rel=\"noopener noreferrer\">Com d\u00edvidas de 2,8 bilh\u00f5es de reais<\/a><\/strong>, a companhia, que vem recorrendo a empr\u00e9stimos para se manter em atividade, prev\u00ea constituir sete UPIs (Unidades Produtivas Isoladas), que ir\u00e3o a leil\u00e3o no processo de recupera\u00e7\u00e3o judicial. O valor obtido nos leil\u00f5es deve ser usado integralmente para pagamento de d\u00edvidas. As unidades ir\u00e3o concentrar hor\u00e1rios de partida e chegada em aeroportos cheios, al\u00e9m de 100% do Programa Amigo, o programa de fidelidade da companhia.<\/p>\n<p>As autoriza\u00e7\u00f5es s\u00e3o concedidas pela Ag\u00eancia Nacional de Avia\u00e7\u00e3o Civil (Anac) e <a href=\"https:\/\/exame.abril.com.br\/negocios\/gol-entra-na-disputa-pela-aquisicao-de-ativos-da-avianca-brasil\/\" target=\"_blank\" rel=\"noopener noreferrer\"><strong>s\u00e3o cobi\u00e7adas pelas rivais<\/strong><\/a>. Como o espa\u00e7o em aeroportos de maior fluxo \u00e9 limitado, os slots s\u00e3o valiosos para aumentar a rentabilidade. \u00c9 uma oportunidade rara de ganhar mercado de maneira inorg\u00e2nica.<\/p>\n<p>Ap\u00f3s a reestrutura\u00e7\u00e3o, a Avianca continuar\u00e1 a operar com 16 autoriza\u00e7\u00f5es de voos e direitos de uso de chegadas e partidas em certos aeroportos. A companhia afirma que segue operando com pousos e decolagens mantidos dentro do cronograma.<\/p>\n<p>J\u00e1 os passageiros com bilhetes emitidos para os destinos que deixam de ser atendidos podem pedir reembolso integral do valor pago na tarifa ou, ainda, serem realocados em voos de empresas parceiras. Azul, Gol e Latam est\u00e3o interessadas nos ativos da companhia a\u00e9rea.<\/p>\n<p>A Azul anunciou interesse nos ativos em mar\u00e7o, com um acordo para adquirir 105 milh\u00f5es de d\u00f3lares dos ativos. J\u00e1 a Gol e a Latam entraram na disputa por convite da Elliott Management, os maiores credores da d\u00edvida da Avianca Brasil. As duas companhias a\u00e9reas afirmaram que ir\u00e3o participar do processo de leil\u00e3o, com uma proposta para levar pelo menos uma UPI no valor m\u00ednimo de 70 milh\u00f5es de d\u00f3lares.<\/p>\n<p>As tr\u00eas firmaram um acordo para antecipar recursos para a concorrente em dificuldade, para que ela consiga manter as opera\u00e7\u00f5es atuais. Segundo publicou nesta sexta-feira o jornal Folha de S. Paulo, pessoas pr\u00f3ximas ao Cade, o conselho de defesa da concorr\u00eancia, acreditam que um acordo com Gol ou Latam n\u00e3o seria aprovado por concentrar excessivamente o mercado.<\/p>\n<p>Ainda que tenha o mesmo nome, a Avianca Brasil \u00e9 separada da companhia a\u00e9rea colombiana Avianca. As duas empresas a\u00e9reas operam de forma completamente distinta, embora tenham o mesmo controlador, o Synergy Group, e fa\u00e7am parte da mesma alian\u00e7a global, a Star Alliance. Tamb\u00e9m t\u00eam a mesma fam\u00edlia no comando. Se o plano for aprovado nesta sexta-feira, os leil\u00f5es das UPIs devem acontecer no dia 18 de abril, mas conv\u00e9m n\u00e3o contar com cumprimentos de prazos neste tipo de processo.<\/p>\n<\/p><\/div>\n<p><script type=\"text\/javascript\">(function(d){var id=\"facebook-jssdk\";if(!d.getElementById(id)){var js=d.createElement(\"script\"),ref=d.getElementsByTagName(\"script\")[0];js.id=id,js.async=true,js.src=\"https:\/\/connect.facebook.net\/pt_BR\/all.js\",ref.parentNode.insertBefore(js,ref)}})(document)<\/script><br \/>\n<br \/><br \/>\n<br \/><a href=\"https:\/\/exame.abril.com.br\/negocios\/assembleia-define-futuro-da-avianca-e-do-mercado-aereo-no-pais\/\">Fonte do Artigo<\/a><\/p>\n<p>#marketingdigital #marketing #seo #digitalmarketing #socialmedia #socialmediamarketing #business #contentmarketing #onlinemarketing #empreendedorismo #branding #entrepreneur #o #marketingtips #startup #smallbusiness #advertising #entrepreneurship #marketingonline #marketingstrategy #sucesso #success #webdesign #instagram #follow #like #sales #design #socialmediatips <\/p>\n","protected":false},"excerpt":{"rendered":"<p>A companhia a\u00e9rea, em recupera\u00e7\u00e3o judicial, ir\u00e1 apresentar hoje, 5, seu plano de recupera\u00e7\u00e3o judicial na Assembleia Geral de Credores, em S\u00e3o Paulo&#13; Por reda\u00e7\u00e3o exame access_time 5 abr 2019, 06h48 &#8211; Publicado em 5 abr 2019, 06h23 Avianca: O plano da empresa precisa ser aprovado em assembleia de credores\u00a0(Avianca Brasil\/Divulga\u00e7\u00e3o) A Avianca Brasil deve [&hellip;]<\/p>\n","protected":false},"author":1,"featured_media":11513,"comment_status":"open","ping_status":"open","sticky":false,"template":"","format":"standard","meta":{"footnotes":""},"categories":[339],"tags":[],"class_list":["post-15329","post","type-post","status-publish","format-standard","has-post-thumbnail","hentry","category-negocios"],"_links":{"self":[{"href":"https:\/\/wiy.com.br\/noticias\/wp-json\/wp\/v2\/posts\/15329","targetHints":{"allow":["GET"]}}],"collection":[{"href":"https:\/\/wiy.com.br\/noticias\/wp-json\/wp\/v2\/posts"}],"about":[{"href":"https:\/\/wiy.com.br\/noticias\/wp-json\/wp\/v2\/types\/post"}],"author":[{"embeddable":true,"href":"https:\/\/wiy.com.br\/noticias\/wp-json\/wp\/v2\/users\/1"}],"replies":[{"embeddable":true,"href":"https:\/\/wiy.com.br\/noticias\/wp-json\/wp\/v2\/comments?post=15329"}],"version-history":[{"count":0,"href":"https:\/\/wiy.com.br\/noticias\/wp-json\/wp\/v2\/posts\/15329\/revisions"}],"wp:featuredmedia":[{"embeddable":true,"href":"https:\/\/wiy.com.br\/noticias\/wp-json\/wp\/v2\/media\/11513"}],"wp:attachment":[{"href":"https:\/\/wiy.com.br\/noticias\/wp-json\/wp\/v2\/media?parent=15329"}],"wp:term":[{"taxonomy":"category","embeddable":true,"href":"https:\/\/wiy.com.br\/noticias\/wp-json\/wp\/v2\/categories?post=15329"},{"taxonomy":"post_tag","embeddable":true,"href":"https:\/\/wiy.com.br\/noticias\/wp-json\/wp\/v2\/tags?post=15329"}],"curies":[{"name":"wp","href":"https:\/\/api.w.org\/{rel}","templated":true}]}}