{"id":15148,"date":"2023-02-26T15:36:24","date_gmt":"2023-02-26T18:36:24","guid":{"rendered":"https:\/\/wiy.com.br\/noticias\/cessao-onerosa-deve-ser-acertada-na-proxima-semana-diz-ministro\/"},"modified":"2019-04-04T13:33:45","modified_gmt":"2019-04-04T16:33:45","slug":"cessao-onerosa-deve-ser-acertada-na-proxima-semana-diz-ministro","status":"publish","type":"post","link":"https:\/\/wiy.com.br\/noticias\/cessao-onerosa-deve-ser-acertada-na-proxima-semana-diz-ministro\/","title":{"rendered":"Cess\u00e3o onerosa deve ser acertada na pr\u00f3xima semana, diz ministro"},"content":{"rendered":"<p> <br \/>\n<\/p>\n<div id=\"\">\n<h2 class=\"article-subtitle\">Segundo Bento Albuquerque, tanto a renegocia\u00e7\u00e3o com a Petrobras quanto a modelagem do leil\u00e3o ainda est\u00e3o em fase de conclus\u00e3o<\/h2>\n<p>Por<br \/>\n                              <span>Reuters<\/span>                          <\/p>\n<p>\n              <i class=\"material-icons\">access_time<\/i><br \/>\n              <span><br \/>\n                4 abr 2019, 12h56              <\/span>\n            <\/p>\n<\/p><\/div>\n<div id=\"\">\n<div class=\"featured-image\">\n<div class=\"image\">\n              <img decoding=\"async\" src=\"https:\/\/abrilexame.files.wordpress.com\/2019\/03\/br-ping-2.jpg\" class=\"abril-image optimized lazyload\" abril-data-id=\"3340133\"  alt = \"br-ping-2 Cess\u00e3o onerosa deve ser acertada na pr\u00f3xima semana, diz ministro\"title = \"[Tags]\"\/><\/div>\n<p class=\"caption\">Petrobras: contrato da cess\u00e3o onerosa foi assinado em 2010, como parte de um processo de capitaliza\u00e7\u00e3o da estatal\u00a0(Germano L\u00fcders\/EXAME)<\/p>\n<\/p><\/div>\n<p>Rio de Janeiro \u2014 O <strong><a href=\"https:\/\/exame.abril.com.br\/noticias-sobre\/governo-bolsonaro\/\">governo federal<\/a><\/strong> prev\u00ea acertar na pr\u00f3xima semana os \u00faltimos detalhes para o acordo com a Petrobras sobre a chamada cess\u00e3o onerosa, em reuni\u00e3o do Conselho Nacional de Pol\u00edtica Energ\u00e9tica (CNPE), afirmou a jornalistas nesta quinta-feira, 4, o ministro de Minas e Energia, Bento Albuquerque.<\/p>\n<p>A reuni\u00e3o tamb\u00e9m dever\u00e1 acertar o modelo para o megaleil\u00e3o dos excedentes do contrato da cess\u00e3o onerosa, regi\u00e3o que cont\u00e9m importantes campos do pr\u00e9-sal da Bacia de Santos cedidos \u00e0 Petrobras em 2010. A licita\u00e7\u00e3o est\u00e1 prevista para 28 de outubro.<\/p>\n<p>\u201cTemos CNPE em 9 de abril e estamos concluindo negocia\u00e7\u00f5es e modelos. Ainda n\u00e3o fechamos e estamos trabalhando nisso\u201d, disse Albuquerque, ap\u00f3s participar de evento no Rio de Janeiro.<\/p>\n<p>Segundo ele, tanto a renegocia\u00e7\u00e3o com a Petrobras quanto a modelagem do leil\u00e3o ainda est\u00e3o em fase de conclus\u00e3o.<\/p>\n<p>Na semana passada, o ministro Paulo Guedes chegou a anunciar que as negocia\u00e7\u00f5es com a Petrobras haviam sido conclu\u00eddas e o resultado seria anunciado nos dias seguintes.<\/p>\n<p>O contrato da cess\u00e3o onerosa foi assinado em 2010, como parte de um processo de capitaliza\u00e7\u00e3o da Petrobras, e garante \u00e0 companhia o direito de produzir at\u00e9 5 bilh\u00f5es de barris de \u00f3leo equivalente na regi\u00e3o definida pelo contrato.<\/p>\n<p>Na ocasi\u00e3o, a empresa pagou 74,8 bilh\u00f5es de reais, mas ficou acordada uma renegocia\u00e7\u00e3o do contrato depois que as \u00e1reas fossem declaradas comerciais, o que ocorreu at\u00e9 o fim de 2014, com o objetivo de rever o valor a partir de par\u00e2metros como pre\u00e7o do barril do petr\u00f3leo e c\u00e2mbio.<\/p>\n<p>Mas, ao longo dos anos, foram identificados volumes muito maiores de reservas nessas \u00e1reas, que o governo quer leiloar.<\/p>\n<p>Nas estimativas da ag\u00eancia reguladora ANP, publicadas h\u00e1 mais de um ano, s\u00e3o previstos volumes excedentes na \u00e1rea que podem variar de 6 bilh\u00f5es a 15 bilh\u00f5es de barris de \u00f3leo equivalente.<\/p>\n<p>Bento Albuquerque disse que est\u00e1 \u201cotimista\u201d com a solu\u00e7\u00e3o do impasse, que j\u00e1 dura anos.<\/p>\n<p>\u201cEstou esperando voc\u00eas no dia 28 de outubro\u201d, afirmou, referindo-se \u00e0 data para quando est\u00e1 marcado o leil\u00e3o, que deve atrair grandes petroleiras globais, al\u00e9m da pr\u00f3pria Petrobras.<\/p>\n<\/p><\/div>\n<p><script type=\"text\/javascript\">(function(d){var id=\"facebook-jssdk\";if(!d.getElementById(id)){var js=d.createElement(\"script\"),ref=d.getElementsByTagName(\"script\")[0];js.id=id,js.async=true,js.src=\"https:\/\/connect.facebook.net\/pt_BR\/all.js\",ref.parentNode.insertBefore(js,ref)}})(document)<\/script><br \/>\n<br \/><br \/>\n<br \/><a href=\"https:\/\/exame.abril.com.br\/economia\/cessao-onerosa-deve-ser-acertada-na-proxima-semana-diz-ministro\/\">Fonte do Artigo <\/a><\/p>\n","protected":false},"excerpt":{"rendered":"<p>Segundo Bento Albuquerque, tanto a renegocia\u00e7\u00e3o com a Petrobras quanto a modelagem do leil\u00e3o ainda est\u00e3o em fase de conclus\u00e3o Por Reuters access_time 4 abr 2019, 12h56 Petrobras: contrato da cess\u00e3o onerosa foi assinado em 2010, como parte de um processo de capitaliza\u00e7\u00e3o da estatal\u00a0(Germano L\u00fcders\/EXAME) Rio de Janeiro \u2014 O governo federal prev\u00ea acertar [&hellip;]<\/p>\n","protected":false},"author":1,"featured_media":15149,"comment_status":"open","ping_status":"open","sticky":false,"template":"","format":"standard","meta":{"footnotes":""},"categories":[337],"tags":[],"class_list":["post-15148","post","type-post","status-publish","format-standard","has-post-thumbnail","hentry","category-noticias"],"_links":{"self":[{"href":"https:\/\/wiy.com.br\/noticias\/wp-json\/wp\/v2\/posts\/15148","targetHints":{"allow":["GET"]}}],"collection":[{"href":"https:\/\/wiy.com.br\/noticias\/wp-json\/wp\/v2\/posts"}],"about":[{"href":"https:\/\/wiy.com.br\/noticias\/wp-json\/wp\/v2\/types\/post"}],"author":[{"embeddable":true,"href":"https:\/\/wiy.com.br\/noticias\/wp-json\/wp\/v2\/users\/1"}],"replies":[{"embeddable":true,"href":"https:\/\/wiy.com.br\/noticias\/wp-json\/wp\/v2\/comments?post=15148"}],"version-history":[{"count":0,"href":"https:\/\/wiy.com.br\/noticias\/wp-json\/wp\/v2\/posts\/15148\/revisions"}],"wp:featuredmedia":[{"embeddable":true,"href":"https:\/\/wiy.com.br\/noticias\/wp-json\/wp\/v2\/media\/15149"}],"wp:attachment":[{"href":"https:\/\/wiy.com.br\/noticias\/wp-json\/wp\/v2\/media?parent=15148"}],"wp:term":[{"taxonomy":"category","embeddable":true,"href":"https:\/\/wiy.com.br\/noticias\/wp-json\/wp\/v2\/categories?post=15148"},{"taxonomy":"post_tag","embeddable":true,"href":"https:\/\/wiy.com.br\/noticias\/wp-json\/wp\/v2\/tags?post=15148"}],"curies":[{"name":"wp","href":"https:\/\/api.w.org\/{rel}","templated":true}]}}