{"id":15138,"date":"2023-02-26T15:13:29","date_gmt":"2023-02-26T18:13:29","guid":{"rendered":"https:\/\/wiy.com.br\/noticias\/bolsonaro-errou-ao-nao-confirmar-mozart-neves-no-mec-diz-doria\/"},"modified":"2019-04-04T12:31:57","modified_gmt":"2019-04-04T15:31:57","slug":"bolsonaro-errou-ao-nao-confirmar-mozart-neves-no-mec-diz-doria","status":"publish","type":"post","link":"https:\/\/wiy.com.br\/noticias\/bolsonaro-errou-ao-nao-confirmar-mozart-neves-no-mec-diz-doria\/","title":{"rendered":"Bolsonaro errou ao n\u00e3o confirmar Mozart Neves no MEC, diz Doria"},"content":{"rendered":"<p> <br \/>\n<\/p>\n<div id=\"post-3339896\">\n<header class=\"article-header\">\n<h2 class=\"article-subtitle\">Mozart Neves \u00e9 ex-secret\u00e1rio de Educa\u00e7\u00e3o de Pernambuco e presidiu projetos federais sobre educa\u00e7\u00e3o do Instituto Ayrton Senna<\/h2>\n<p>Por<br \/>\n                              <span>Estad\u00e3o Conte\u00fado<\/span>                          <\/p>\n<p>\n              <i class=\"material-icons\">access_time<\/i><br \/>\n              <span><br \/>\n                4 abr 2019, 12h28              <\/span>\n            <\/p>\n<\/header>\n<section class=\"share\"><a href=\"whatsapp:\/\/send?text=Bolsonaro errou ao n\u00e3o confirmar Mozart Neves no MEC, diz Doria https:\/\/exame.abril.com.br\/brasil\/bolsonaro-errou-ao-nao-confirmar-mozart-neves-no-mec-diz-doria\/?utm_source=whatsapp&amp;utm_medium=social&amp;utm_campaign=barra-compartilhamento EXAME\" data-action=\"share\/whatsapp\/share\" class=\"whatsapp  hidden-md hidden-lg\"><i class=\"icon-whatsapp\"\/><\/a><\/p>\n<p>      <a href=\"https:\/\/facebook.com\/sharer\/sharer.php?u=https:\/\/exame.abril.com.br\/brasil\/bolsonaro-errou-ao-nao-confirmar-mozart-neves-no-mec-diz-doria\/\" target=\"_blank\" class=\"\" rel=\"noopener noreferrer\"><i class=\"icon-facebook\"\/><\/a><\/p>\n<p>      <a href=\"https:\/\/twitter.com\/intent\/tweet?url=https%3A%2F%2Fexame.abril.com.br%2Fbrasil%2Fbolsonaro-errou-ao-nao-confirmar-mozart-neves-no-mec-diz-doria%2F&amp;text=Bolsonaro errou ao n\u00e3o confirmar Mozart Neves no MEC, diz Doria&amp;via=exame\" target=\"_blank\" class=\"\" rel=\"noopener noreferrer\"><i class=\"icon-twitter\"\/><\/a><\/p>\n<p>      <a href=\"fb-messenger:\/\/share\/?link=https:\/\/exame.abril.com.br\/brasil\/bolsonaro-errou-ao-nao-confirmar-mozart-neves-no-mec-diz-doria\/&amp;app_id=\" class=\"whatsapp  hidden-sm hidden-xs hidden-md hidden-lg\"><i class=\"icon-Facebook-Messenger\"\/><\/a><\/p>\n<p>      <a href=\"https:\/\/www.linkedin.com\/shareArticle?mini=true&amp;url=https%3A%2F%2Fexame.abril.com.br%2Fbrasil%2Fbolsonaro-errou-ao-nao-confirmar-mozart-neves-no-mec-diz-doria%2F&amp;summary=&amp;source=LinkedIn\" target=\"_blank\" class=\" hidden-sm hidden-xs\" rel=\"noopener noreferrer\"><i class=\"icon-linkedin\"\/><\/a><\/p>\n<p>      <a href=\"https:\/\/plus.google.com\/share?url=https%3A%2F%2Fexame.abril.com.br%2Fbrasil%2Fbolsonaro-errou-ao-nao-confirmar-mozart-neves-no-mec-diz-doria%2F\" target=\"_blank\" class=\" hidden-sm hidden-xs hidden-md hidden-lg\" rel=\"noopener noreferrer\"><i class=\"icon-google-plus\"\/><\/a><\/p>\n<p>      <a href=\"#respond\" class=\" hidden-sm hidden-xs hidden-md hidden-lg\"><i class=\"material-icons\">chat_bubble_outline<\/i><\/a><\/p>\n<p>      <a href=\"mailto:?subject=Bolsonaro errou ao n\u00e3o confirmar Mozart Neves no MEC, diz Doria&amp;body=Bolsonaro errou ao n\u00e3o confirmar Mozart Neves no MEC, diz Doria https:\/\/exame.abril.com.br\/brasil\/bolsonaro-errou-ao-nao-confirmar-mozart-neves-no-mec-diz-doria\/?utm_source=email&amp;utm_medium=email&amp;utm_campaign=barra-compartilhamento via EXAME\" class=\"\"><i class=\"icon-envelope-o\"\/><\/a><\/p>\n<p>            <a href=\"\/\/pinterest.com\/pin\/create\/link\/?url=https:\/\/exame.abril.com.br\/brasil\/bolsonaro-errou-ao-nao-confirmar-mozart-neves-no-mec-diz-doria\/&amp;description=Bolsonaro errou ao n\u00e3o confirmar Mozart Neves no MEC, diz Doria&amp;media=https:\/\/abrilexame.files.wordpress.com\/2017\/05\/1078071-rvrs_abr_25-05-2017_dsc_7590.jpg?quality=70&amp;strip=info&amp;w=680&amp;h=453&amp;crop=1\" class=\" hidden-sm hidden-xs hidden-md hidden-lg\" target=\"_blank\" rel=\"noopener noreferrer\"><i class=\"icon-pinterest\"\/><\/a><\/p>\n<p>      <i class=\"material-icons\" onclick=\"toggle(this,'.share','more_horiz','close')\">more_horiz<\/i><br \/>\n          <\/section>\n<section class=\"article-content\">\n<div class=\"featured-image\">\n<div class=\"image\">\n              <img decoding=\"async\" src=\"https:\/\/abrilexame.files.wordpress.com\/2017\/05\/1078071-rvrs_abr_25-05-2017_dsc_7590.jpg\" class=\"abril-image optimized lazyload\" abril-data-id=\"3339896\"  alt = \"1078071-rvrs_abr_25-05-2017_dsc_7590 Bolsonaro errou ao n\u00e3o confirmar Mozart Neves no MEC, diz Doria\"title = \"[Tags]\"\/><\/div>\n<p class=\"caption\">O governo Bolsonaro est\u00e1 enfrentando problemas com a indica\u00e7\u00e3o do ministro Ricardo V\u00e9lez\u00a0(Rovena Rosa\/Ag\u00eancia Brasil\/Ag\u00eancia Brasil)<\/p>\n<\/p><\/div>\n<p>S\u00e3o Paulo \u2013 O governador de S\u00e3o Paulo, <strong><a href=\"https:\/\/exame.abril.com.br\/noticias-sobre\/joao-doria-junior\/\" target=\"_blank\" rel=\"noopener noreferrer\">Jo\u00e3o Doria<\/a><\/strong> (PSDB), aliado pol\u00edtico do presidente <strong><a href=\"https:\/\/exame.abril.com.br\/noticias-sobre\/jair-bolsonaro\" target=\"_blank\" rel=\"noopener noreferrer\">Jair Bolsonaro<\/a><\/strong>, criticou na manh\u00e3 desta quinta-feira, 4, o mandat\u00e1rio federal por n\u00e3o ter confirmado o ex-secret\u00e1rio de Educa\u00e7\u00e3o de Pernambuco Mozart Neves como <strong><a href=\"https:\/\/exame.abril.com.br\/noticias-sobre\/MEC\">ministro da Educa\u00e7\u00e3o<\/a><\/strong>.<\/p>\n<p>Mozart Neves presidiu diversos \u00f3rg\u00e3os e projetos federais sobre educa\u00e7\u00e3o e inova\u00e7\u00e3o do Instituto Ayrton Senna. Em detrimento de Mozart, Bolsonaro nomeou Ricardo V\u00e9lez Rodr\u00edguez, que vem protagonizando fatos pol\u00eamicos desde que assumiu o comando da pasta da Educa\u00e7\u00e3o.<\/p>\n<p>\u201cBolsonaro fez a escolha errada em n\u00e3o confirmar Mozart Neves\u201d, disse o governador de S\u00e3o Paulo, que participou nesta quinta-feira da confer\u00eancia \u201cPerspectivas para o Brasil 2020\u201d do banco Daycoval, em S\u00e3o Paulo.<\/p>\n<\/section>\n<section class=\"article-tags\"><span><br \/>\n                Not\u00edcias sobre              <\/span><br \/>\n              <a href=\"https:\/\/exame.abril.com.br\/noticias-sobre\/governo-bolsonaro\/\" rel=\"tag\">Governo Bolsonaro<\/a><a href=\"https:\/\/exame.abril.com.br\/noticias-sobre\/joao-doria-junior\/\" rel=\"tag\">Jo\u00e3o Doria J\u00fanior<\/a><a href=\"https:\/\/exame.abril.com.br\/noticias-sobre\/mec\/\" rel=\"tag\">MEC \u2013 Minist\u00e9rio da Educa\u00e7\u00e3o<\/a>            <\/section>\n<\/p><\/div>\n<p><script async src=\"http:\/\/platform.twitter.com\/widgets.js\" charset=\"utf-8\"><\/script><script type=\"text\/javascript\">(function(d){var id=\"facebook-jssdk\";if(!d.getElementById(id)){var js=d.createElement(\"script\"),ref=d.getElementsByTagName(\"script\")[0];js.id=id,js.async=true,js.src=\"https:\/\/connect.facebook.net\/pt_BR\/all.js\",ref.parentNode.insertBefore(js,ref)}})(document)<\/script><br \/>\n<br \/><br \/>\n<br \/><a href=\"https:\/\/exame.abril.com.br\/brasil\/bolsonaro-errou-ao-nao-confirmar-mozart-neves-no-mec-diz-doria\/\">Fonte do Artigo <\/a><\/p>\n","protected":false},"excerpt":{"rendered":"<p>Mozart Neves \u00e9 ex-secret\u00e1rio de Educa\u00e7\u00e3o de Pernambuco e presidiu projetos federais sobre educa\u00e7\u00e3o do Instituto Ayrton Senna Por Estad\u00e3o Conte\u00fado access_time 4 abr 2019, 12h28 chat_bubble_outline more_horiz O governo Bolsonaro est\u00e1 enfrentando problemas com a indica\u00e7\u00e3o do ministro Ricardo V\u00e9lez\u00a0(Rovena Rosa\/Ag\u00eancia Brasil\/Ag\u00eancia Brasil) S\u00e3o Paulo \u2013 O governador de S\u00e3o Paulo, Jo\u00e3o Doria (PSDB), [&hellip;]<\/p>\n","protected":false},"author":1,"featured_media":15139,"comment_status":"open","ping_status":"open","sticky":false,"template":"","format":"standard","meta":{"footnotes":""},"categories":[337],"tags":[],"class_list":["post-15138","post","type-post","status-publish","format-standard","has-post-thumbnail","hentry","category-noticias"],"_links":{"self":[{"href":"https:\/\/wiy.com.br\/noticias\/wp-json\/wp\/v2\/posts\/15138","targetHints":{"allow":["GET"]}}],"collection":[{"href":"https:\/\/wiy.com.br\/noticias\/wp-json\/wp\/v2\/posts"}],"about":[{"href":"https:\/\/wiy.com.br\/noticias\/wp-json\/wp\/v2\/types\/post"}],"author":[{"embeddable":true,"href":"https:\/\/wiy.com.br\/noticias\/wp-json\/wp\/v2\/users\/1"}],"replies":[{"embeddable":true,"href":"https:\/\/wiy.com.br\/noticias\/wp-json\/wp\/v2\/comments?post=15138"}],"version-history":[{"count":0,"href":"https:\/\/wiy.com.br\/noticias\/wp-json\/wp\/v2\/posts\/15138\/revisions"}],"wp:featuredmedia":[{"embeddable":true,"href":"https:\/\/wiy.com.br\/noticias\/wp-json\/wp\/v2\/media\/15139"}],"wp:attachment":[{"href":"https:\/\/wiy.com.br\/noticias\/wp-json\/wp\/v2\/media?parent=15138"}],"wp:term":[{"taxonomy":"category","embeddable":true,"href":"https:\/\/wiy.com.br\/noticias\/wp-json\/wp\/v2\/categories?post=15138"},{"taxonomy":"post_tag","embeddable":true,"href":"https:\/\/wiy.com.br\/noticias\/wp-json\/wp\/v2\/tags?post=15138"}],"curies":[{"name":"wp","href":"https:\/\/api.w.org\/{rel}","templated":true}]}}