{"id":14874,"date":"2023-02-26T15:29:58","date_gmt":"2023-02-26T18:29:58","guid":{"rendered":"https:\/\/wiy.com.br\/noticias\/paqueta-tem-entorse-no-tornozelo-e-pode-ser-baixa-para-a-copa-america\/"},"modified":"2019-04-03T10:08:07","modified_gmt":"2019-04-03T13:08:07","slug":"paqueta-tem-entorse-no-tornozelo-e-pode-ser-baixa-para-a-copa-america","status":"publish","type":"post","link":"https:\/\/wiy.com.br\/noticias\/paqueta-tem-entorse-no-tornozelo-e-pode-ser-baixa-para-a-copa-america\/","title":{"rendered":"Paquet\u00e1 tem entorse no tornozelo e pode ser baixa para a Copa Am\u00e9rica"},"content":{"rendered":"<p> <br \/>\n<br \/><img title = \"[Tags]\"alt = \"5ca3c9d4bdb40 Paquet\u00e1 tem entorse no tornozelo e pode ser baixa para a Copa Am\u00e9rica\"decoding=\"async\" src=\"http:\/\/www.lance.com.br\/\/files\/\/uploads\/2019\/04\/02\/5ca3c9d4bdb40.jpeg\" \/><\/p>\n<div>\n<p class=\"paragraph\" id=\"pnull-m69-68-70\">O empate em casa na \u00faltima ter\u00e7a-feira contra a Udinese n\u00e3o foi a \u00fanica not\u00edcia ruim para o Milan. De acordo com canal de TV &#8216;Sportmediaset&#8217;, exames que comprovaram que o meia Lucas Paquet\u00e1, que saiu lesionado da partida, teve uma entorse no tornozelo direito e deve ficar &#8220;um longo tempo parado&#8221;.<\/p>\n<p>Apesar do clube ainda n\u00e3o ter divulgado uma nota oficial sobre o diagn\u00f3stico da les\u00e3o do jogador, o portal afirmou que o meia sofreu uma les\u00e3o no ligamento que une a t\u00edbia e o tarso. Paquet\u00e1 se lesionou ainda no primeiro tempo, aos 36 minutos ap\u00f3s uma dividida com o su\u00ed\u00e7o Behrami e foi substitu\u00eddo.<\/p>\n<p class=\"paragraph\" id=\"pnull-m160-1-161\">Al\u00e9m de Paquet\u00e1, o goleiro Gianluigi Donnarumma tamb\u00e9m saiu machucado do jogo, com um estiramento na coxa direita, mas deve ficar no m\u00e1ximo um m\u00eas parado. A situa\u00e7\u00e3o de Paquet\u00e1, segundo o ve\u00edculo, \u00e9 &#8220;muito mais preocupante&#8221;. Se confirmada a les\u00e3o pelo clube o meia pode ser uma baixa para a convoca\u00e7\u00e3o para a Copa Am\u00e9rica, que acontece no dia 17 de maio.<\/p>\n<\/div>\n<p><script>(function(d, s, id) {\n    var js, fjs = d.getElementsByTagName(s)[0];\n    if (d.getElementById(id)) return;\n    js = d.createElement(s); js.id = id;\n    js.src = 'https:\/\/connect.facebook.net\/pt_BR\/sdk.js#xfbml=1&version=v2.12&appId=1124817024230602';\n    fjs.parentNode.insertBefore(js, fjs);\n    }(document, 'script', 'facebook-jssdk'));<\/script><br \/>\n<br \/><br \/>\n<br \/><a href=\"http:\/\/www.lance.com.br\/futebol-internacional\/paqueta-tem-entorse-tornozelo-pode-ser-baixa-para-copa-america.html\">Link do Artigo <\/a><\/p>\n","protected":false},"excerpt":{"rendered":"<p>O empate em casa na \u00faltima ter\u00e7a-feira contra a Udinese n\u00e3o foi a \u00fanica not\u00edcia ruim para o Milan. De acordo com canal de TV &#8216;Sportmediaset&#8217;, exames que comprovaram que o meia Lucas Paquet\u00e1, que saiu lesionado da partida, teve uma entorse no tornozelo direito e deve ficar &#8220;um longo tempo parado&#8221;. Apesar do clube [&hellip;]<\/p>\n","protected":false},"author":1,"featured_media":14875,"comment_status":"open","ping_status":"open","sticky":false,"template":"","format":"standard","meta":{"footnotes":""},"categories":[372],"tags":[],"class_list":["post-14874","post","type-post","status-publish","format-standard","has-post-thumbnail","hentry","category-futebol"],"_links":{"self":[{"href":"https:\/\/wiy.com.br\/noticias\/wp-json\/wp\/v2\/posts\/14874","targetHints":{"allow":["GET"]}}],"collection":[{"href":"https:\/\/wiy.com.br\/noticias\/wp-json\/wp\/v2\/posts"}],"about":[{"href":"https:\/\/wiy.com.br\/noticias\/wp-json\/wp\/v2\/types\/post"}],"author":[{"embeddable":true,"href":"https:\/\/wiy.com.br\/noticias\/wp-json\/wp\/v2\/users\/1"}],"replies":[{"embeddable":true,"href":"https:\/\/wiy.com.br\/noticias\/wp-json\/wp\/v2\/comments?post=14874"}],"version-history":[{"count":0,"href":"https:\/\/wiy.com.br\/noticias\/wp-json\/wp\/v2\/posts\/14874\/revisions"}],"wp:featuredmedia":[{"embeddable":true,"href":"https:\/\/wiy.com.br\/noticias\/wp-json\/wp\/v2\/media\/14875"}],"wp:attachment":[{"href":"https:\/\/wiy.com.br\/noticias\/wp-json\/wp\/v2\/media?parent=14874"}],"wp:term":[{"taxonomy":"category","embeddable":true,"href":"https:\/\/wiy.com.br\/noticias\/wp-json\/wp\/v2\/categories?post=14874"},{"taxonomy":"post_tag","embeddable":true,"href":"https:\/\/wiy.com.br\/noticias\/wp-json\/wp\/v2\/tags?post=14874"}],"curies":[{"name":"wp","href":"https:\/\/api.w.org\/{rel}","templated":true}]}}