{"id":14793,"date":"2023-02-26T14:55:50","date_gmt":"2023-02-26T17:55:50","guid":{"rendered":"https:\/\/wiy.com.br\/noticias\/deputados-articulam-retirar-servidores-estaduais-e-municipais-da-reforma-da-previdencia\/"},"modified":"2019-04-02T23:27:31","modified_gmt":"2019-04-03T02:27:31","slug":"deputados-articulam-retirar-servidores-estaduais-e-municipais-da-reforma-da-previdencia","status":"publish","type":"post","link":"https:\/\/wiy.com.br\/noticias\/deputados-articulam-retirar-servidores-estaduais-e-municipais-da-reforma-da-previdencia\/","title":{"rendered":"Deputados articulam retirar servidores estaduais e municipais da reforma da Previd\u00eancia"},"content":{"rendered":"<p> <br \/>\n<\/p>\n<div>\n<p>\nBRAS\u00cdLIA &#8211; Come\u00e7a a ganhar corpo na C\u00e2mara uma emenda para retirar da<br \/>\n<a href=\"reforma-da-previdencia-futuro-da-aposentadoria-23376613\">reforma da Previd\u00eancia<\/a><br \/>\nos servidores estaduais e municipais. A ideia \u00e9 que fique no texto a ser votado pelo Congresso apenas os trabalhadores da iniciativa privada e os servidores federais. O objetivo \u00e9 expor governadores, prefeitos, deputados estaduais e vereadores ao mesmo desgaste que ocorre a n\u00edvel federal. O l\u00edder do PPS, Daniel Coelho (PE), \u00e9 o respons\u00e1vel pela coleta de assinaturas, mas o tema j\u00e1 foi debatido com o secret\u00e1rio especial da Previd\u00eancia, Rog\u00e9rio Marinho, em reuni\u00e3o dele com a bancada do DEM.\n<\/p>\n<p>\nDurante esta reuni\u00e3o, o deputado Efraim Filho (PB) foi o respons\u00e1vel por defender a ideia. Ele argumentou que \u00e9 necess\u00e1rio &#8220;obrigar&#8221; os deputados estaduais a votar o m\u00e9rito da proposta para evitar que eles mantenham discurso contra a reforma e tomem o lugar dos deputados federais nas pr\u00f3ximas elei\u00e7\u00f5es. Na proposta de reforma do governo Michel Temer, relatada pelo deputado Arthur Maia (DEM-BA), o texto que saiu da comiss\u00e3o especial previa um referendo das Assembleias e C\u00e2maras Municipais em at\u00e9 seis meses, mas Efraim acha essa solu\u00e7\u00e3o insuficiente.\n<\/p>\n<aside class=\"article-related-links \">\n<\/aside>\n<p>\n\u2014 N\u00e3o iria pela regra autom\u00e1tica n\u00e3o. Deixa botar o dedinho e votar, ou os deputados estaduais vem tomar o lugar da gente aqui \u2014 disse Efraim.\n<\/p>\n<p>\nO l\u00edder do DEM, Elmar Nascimento (BA), apoiou a tese e destacou que no seu caso o governador da Bahia, Rui Costa (PT), tem inclusive feito discursos contra a reforma. Ele destacou que a press\u00e3o que mais recebe na base \u00e9 justamente dos servidores estaduais, como professores e policiais.\n<\/p>\n<p>\n\u2014\u00a0 N\u00e3o consigo andar na Bahia sem estar rodeado de professor e policial. O governador diz que \u00e9 contra. Ent\u00e3o, problema dele \u2014 disse o l\u00edder, na reuni\u00e3o.\n<\/p>\n<p>\nEfraim complementou destacando que deixar o debate para estados e munic\u00edpios seria importante para que seja poss\u00edvel analisar os resultados de quem teve responsabilidade para enfrentar o tema e sanear as contas e quem n\u00e3o teve. O deputado paraibano disse que somente assim n\u00e3o se passaria a impress\u00e3o de que o Congresso fez &#8220;maldade&#8221;. Ao fim do debate, Arthur Maia disse ter sido convencido pelos colegas e que ele pr\u00f3prio passaria a defender a ideia de que o debate nos estados e munic\u00edpios se estenda ao m\u00e9rito.\n<\/p>\n<section class=\"block block--advertising\">\n<\/section>\n<p>\n<a href=\"https:\/\/infograficos.oglobo.globo.com\/economia\/simulacao-de-aposentadoria.html\">Calcule quanto tempo falta para sua aposentadoria<\/a>\n<\/p>\n<p>\nDaniel Coelho afirmou ao GLOBO que j\u00e1 est\u00e1 perto de conseguir as 171 assinaturas necess\u00e1rias para apresentar a emenda. Ele diz que o texto proposto vai excluir totalmente os servidores de estados e munic\u00edpios que possuam regime previdenci\u00e1rio pr\u00f3prio.\n<\/p>\n<p>\n\u2014 Cabe a governador e prefeito fazer sua previd\u00eancia. N\u00e3o faz sentido empurrar estado e munic\u00edpio abaixo. Que cada um tenha a prerrogativa, at\u00e9 porque v\u00e1rios governadores est\u00e3o fazendo populismo e demagogia. N\u00e3o d\u00e1 pra jogar para a plateia e torcer para ser aprovado \u2014 afirmou Coelho.\n<\/p>\n<\/div>\n<p><br \/>\n<br \/><a href=\"https:\/\/oglobo.globo.com\/economia\/deputados-articulam-retirar-servidores-estaduais-municipais-da-reforma-da-previdencia-23569449\">Fonte do Artigo <\/a><\/p>\n","protected":false},"excerpt":{"rendered":"<p>BRAS\u00cdLIA &#8211; Come\u00e7a a ganhar corpo na C\u00e2mara uma emenda para retirar da reforma da Previd\u00eancia os servidores estaduais e municipais. A ideia \u00e9 que fique no texto a ser votado pelo Congresso apenas os trabalhadores da iniciativa privada e os servidores federais. O objetivo \u00e9 expor governadores, prefeitos, deputados estaduais e vereadores ao mesmo [&hellip;]<\/p>\n","protected":false},"author":1,"featured_media":0,"comment_status":"open","ping_status":"open","sticky":false,"template":"","format":"standard","meta":{"footnotes":""},"categories":[337],"tags":[],"class_list":["post-14793","post","type-post","status-publish","format-standard","hentry","category-noticias"],"_links":{"self":[{"href":"https:\/\/wiy.com.br\/noticias\/wp-json\/wp\/v2\/posts\/14793","targetHints":{"allow":["GET"]}}],"collection":[{"href":"https:\/\/wiy.com.br\/noticias\/wp-json\/wp\/v2\/posts"}],"about":[{"href":"https:\/\/wiy.com.br\/noticias\/wp-json\/wp\/v2\/types\/post"}],"author":[{"embeddable":true,"href":"https:\/\/wiy.com.br\/noticias\/wp-json\/wp\/v2\/users\/1"}],"replies":[{"embeddable":true,"href":"https:\/\/wiy.com.br\/noticias\/wp-json\/wp\/v2\/comments?post=14793"}],"version-history":[{"count":0,"href":"https:\/\/wiy.com.br\/noticias\/wp-json\/wp\/v2\/posts\/14793\/revisions"}],"wp:attachment":[{"href":"https:\/\/wiy.com.br\/noticias\/wp-json\/wp\/v2\/media?parent=14793"}],"wp:term":[{"taxonomy":"category","embeddable":true,"href":"https:\/\/wiy.com.br\/noticias\/wp-json\/wp\/v2\/categories?post=14793"},{"taxonomy":"post_tag","embeddable":true,"href":"https:\/\/wiy.com.br\/noticias\/wp-json\/wp\/v2\/tags?post=14793"}],"curies":[{"name":"wp","href":"https:\/\/api.w.org\/{rel}","templated":true}]}}