{"id":14781,"date":"2023-02-26T15:34:24","date_gmt":"2023-02-26T18:34:24","guid":{"rendered":"https:\/\/wiy.com.br\/noticias\/assembleia-constituinte-da-venezuela-suspende-imunidade-de-guaido\/"},"modified":"2019-04-02T22:26:12","modified_gmt":"2019-04-03T01:26:12","slug":"assembleia-constituinte-da-venezuela-suspende-imunidade-de-guaido","status":"publish","type":"post","link":"https:\/\/wiy.com.br\/noticias\/assembleia-constituinte-da-venezuela-suspende-imunidade-de-guaido\/","title":{"rendered":"Assembleia Constituinte da Venezuela suspende imunidade de Guaid\u00f3"},"content":{"rendered":"<p> <br \/>\n<\/p>\n<div>\n<p>\nCARACAS &#8211; A Assembleia Constituinte da Venezuela, controlada pelo governo do presidente Nicol\u00e1s Maduro, suspendeu nesta ter\u00e7a-feira a imunidade parlamentar do l\u00edder oposicionista Juan Guaid\u00f3, reconhecido como presidente interino da Venezuela por mais de 50 pa\u00edses.\n<\/p>\n<p>\nEm vota\u00e7\u00e3o un\u00e2nime, a assembleia tamb\u00e9m autorizou o Tribunal Supremo de Justi\u00e7a (TSJ) a dar \u201cprosseguimento do processo penal contra o deputado\u201d Guaid\u00f3 em que \u00e9 acusado de usurpa\u00e7\u00e3o de fun\u00e7\u00f5es, anunciou Diosdado Cabello, presidente do \u00f3rg\u00e3o que dirige a Venezuela com poder absoluto.\n<\/p>\n<aside class=\"article-related-links article-related-links--inside\">\n<\/aside>\n<p>\n\u00a0\n<\/p>\n<p>\nO TSJ abriiu no \u00faltimo dia 29 de janeiro uma investiga\u00e7\u00e3o contra Guaid\u00f3 por supostamente usurpar as fun\u00e7\u00f5es do mandat\u00e1rio socialista Nicol\u00e1s Maduro, que tamb\u00e9m o acusa de planejar um atentado contra ele.\n<\/p>\n<p>\n&#8211; A lei \u00e0s vezes tarda, mas neste caso vai chegar \u2013 advertiu Cabello, n\u00famero dois do chavismo, ao encerrar o debate no Pal\u00e1cio Federal Legislativo.\n<\/p>\n<p>\nGuaid\u00f3 se autoproclamou presidente interino em 23 de janeiro passado, depois que o Parlamento de maioria opositora que dirige declarar Maduro \u201cusurpador\u201d por haver iniciado um segundo mandato no dia 10 daquele m\u00eas, que na sua opini\u00e3o resultou de elei\u00e7\u00f5es \u201cfraudulentas\u201d.\n<\/p>\n<p>\n&#8211; Estamos atuando com base na Constitui\u00e7\u00e3o \u2013 assegurou Cabello.\n<\/p>\n<p>\nA Constitui\u00e7\u00e3o da Venezuela estabelece que o TSJ \u00e9 a \u201c\u00fanica autoridade que poder\u00e1 ordenar, com pr\u00e9via autoriza\u00e7\u00e3o da Assembleia Nacional\u201d, a deten\u00e7\u00e3o e continuidade de processos contra parlamentares. A corte m\u00e1xima da Venezuela, acusada de servir a Maduro, declarou o Parlamento liderado por Guaid\u00f3 em desacato em 2016, considerando nulas todas suas decis\u00f5es.\n<\/p>\n<p>\nAl\u00e9m disso, a Assembleia Constituinte, eleita em agosto de 2017 e n\u00e3o reconhecida pela oposi\u00e7\u00e3o, \u00e9 apontada como um \u00f3rg\u00e3o plenipotenci\u00e1rio ao qual devem se submeter todas as demais institui\u00e7\u00f5es do Estado, tendo, na pr\u00e1tica, assumido as fun\u00e7\u00f5es legislativas.\n<\/p>\n<\/div>\n<p><br \/>\n<br \/><a href=\"https:\/\/oglobo.globo.com\/mundo\/assembleia-constituinte-da-venezuela-suspende-imunidade-de-guaido-23569320\">Fonte do Artigo <\/a><\/p>\n","protected":false},"excerpt":{"rendered":"<p>CARACAS &#8211; A Assembleia Constituinte da Venezuela, controlada pelo governo do presidente Nicol\u00e1s Maduro, suspendeu nesta ter\u00e7a-feira a imunidade parlamentar do l\u00edder oposicionista Juan Guaid\u00f3, reconhecido como presidente interino da Venezuela por mais de 50 pa\u00edses. Em vota\u00e7\u00e3o un\u00e2nime, a assembleia tamb\u00e9m autorizou o Tribunal Supremo de Justi\u00e7a (TSJ) a dar \u201cprosseguimento do processo penal [&hellip;]<\/p>\n","protected":false},"author":1,"featured_media":0,"comment_status":"open","ping_status":"open","sticky":false,"template":"","format":"standard","meta":{"footnotes":""},"categories":[337],"tags":[],"class_list":["post-14781","post","type-post","status-publish","format-standard","hentry","category-noticias"],"_links":{"self":[{"href":"https:\/\/wiy.com.br\/noticias\/wp-json\/wp\/v2\/posts\/14781","targetHints":{"allow":["GET"]}}],"collection":[{"href":"https:\/\/wiy.com.br\/noticias\/wp-json\/wp\/v2\/posts"}],"about":[{"href":"https:\/\/wiy.com.br\/noticias\/wp-json\/wp\/v2\/types\/post"}],"author":[{"embeddable":true,"href":"https:\/\/wiy.com.br\/noticias\/wp-json\/wp\/v2\/users\/1"}],"replies":[{"embeddable":true,"href":"https:\/\/wiy.com.br\/noticias\/wp-json\/wp\/v2\/comments?post=14781"}],"version-history":[{"count":0,"href":"https:\/\/wiy.com.br\/noticias\/wp-json\/wp\/v2\/posts\/14781\/revisions"}],"wp:attachment":[{"href":"https:\/\/wiy.com.br\/noticias\/wp-json\/wp\/v2\/media?parent=14781"}],"wp:term":[{"taxonomy":"category","embeddable":true,"href":"https:\/\/wiy.com.br\/noticias\/wp-json\/wp\/v2\/categories?post=14781"},{"taxonomy":"post_tag","embeddable":true,"href":"https:\/\/wiy.com.br\/noticias\/wp-json\/wp\/v2\/tags?post=14781"}],"curies":[{"name":"wp","href":"https:\/\/api.w.org\/{rel}","templated":true}]}}