{"id":14737,"date":"2023-02-26T15:38:59","date_gmt":"2023-02-26T18:38:59","guid":{"rendered":"https:\/\/wiy.com.br\/noticias\/jovens-xingam-funcionario-de-lanchonete-e-sao-acusadas-de-racismo\/"},"modified":"2019-04-02T18:26:31","modified_gmt":"2019-04-02T21:26:31","slug":"jovens-xingam-funcionario-de-lanchonete-e-sao-acusadas-de-racismo","status":"publish","type":"post","link":"https:\/\/wiy.com.br\/noticias\/jovens-xingam-funcionario-de-lanchonete-e-sao-acusadas-de-racismo\/","title":{"rendered":"Jovens xingam funcion\u00e1rio de lanchonete e s\u00e3o acusadas de racismo"},"content":{"rendered":"<p> <br \/>\n<\/p>\n<p>Viralizou nas redes sociais um v\u00eddeo em que duas jovens destratam um funcion\u00e1rio do Bob&#8217;s que fazia a limpeza da lanchonete na frente delas. &#8220;Limpa o ch\u00e3o f**ido, lambe o ch\u00e3o, limpa babac\u00e3o&#8221;, dizem as mo\u00e7as. O fato teria ocorrido em Belford Roxo, na Baixada Fluminense. Confira o v\u00eddeo abaixo:<\/p>\n<div class=\"embed-twitter\">\n<blockquote class=\"twitter-tweet\">\n<p lang=\"pt\" dir=\"ltr\">o irm\u00e3o dessa racista est\u00e1 amea\u00e7ando processar duas pessoas que expuseram essa racista. por medo os 2 apagaram<\/p>\n<p>mas que tal se a gente compartilhasse bastante essa merda pra ver quantas pessoas a familia dessa RACISTA consegue processar? <a href=\"https:\/\/t.co\/yJqHcGgXEb\">pic.twitter.com\/yJqHcGgXEb<\/a><\/p>\n<p>&mdash; Maicon K\u00fcster (@maiconkusterkkk) <a href=\"https:\/\/twitter.com\/maiconkusterkkk\/status\/1112920440006238208?ref_src=twsrc%5Etfw\">April 2, 2019<\/a><\/p>\n<\/blockquote>\n<\/div>\n<p>Ap\u00f3s as ofensas se espalharem pela internet, as jovens come\u00e7aram a ser questionadas. Uma delas afirmou, atrav\u00e9s do seu Instagram, que namorou o rapaz por seis anos e que n\u00e3o \u00e9 racista. &#8220;Ele sabe que n\u00e3o sou racista. Ele est\u00e1 ciente disso. O mesmo sabe que eu sempre lutei contra isso. Qualquer coisinha eu j\u00e1 fazia um \u201cau\u00ea\u201d. Eu realmente tomei decis\u00f5es naquele dia que n\u00e3o foram legais, atitudes horr\u00edveis. Por isso estou pedindo desculpas a ele, estou pedindo desculpas para quem se ofendeu, para quem est\u00e1 tomando as dores\u201d, disse.<\/p>\n<div class=\"embed-twitter\">\n<blockquote class=\"twitter-tweet\">\n<p lang=\"pt\" dir=\"ltr\">a menina do v\u00eddeo postou stories tentando se justificar alegando v\u00e1rias vezes que n\u00e3o \u00e9 racista e que todo mundo tirou conclus\u00f5es precipitadas<\/p>\n<p>acho que aquele v\u00eddeo \u00e9 bem claro.<\/p>\n<p>FOGO NOS RACISTAS <a href=\"https:\/\/t.co\/OTCD17bYD5\">pic.twitter.com\/OTCD17bYD5<\/a><\/p>\n<p>&mdash; c (@atIasjauregui) <a href=\"https:\/\/twitter.com\/atIasjauregui\/status\/1113034960972234752?ref_src=twsrc%5Etfw\">April 2, 2019<\/a><\/p>\n<\/blockquote>\n<\/div>\n<p>A amiga tamb\u00e9m negou qualquer racismo na &#8220;brincadeira&#8221;. &#8220;N\u00e3o \u00e9 porque ele \u00e9 preto n\u00e3o, porque tem uns pretos bonitinhos. Mas ele \u00e9 um preto feio, horroroso.&#8221;<\/p>\n<div class=\"embed-twitter\">\n<blockquote class=\"twitter-tweet\">\n<p lang=\"und\" dir=\"ltr\"> <a href=\"https:\/\/t.co\/i2isvYYuxr\">pic.twitter.com\/i2isvYYuxr<\/a><\/p>\n<p>&mdash; Maicon K\u00fcster (@maiconkusterkkk) <a href=\"https:\/\/twitter.com\/maiconkusterkkk\/status\/1113125501248397312?ref_src=twsrc%5Etfw\">April 2, 2019<\/a><\/p>\n<\/blockquote>\n<\/div>\n<p>Em nota, o Bob&#8217;s disse repudiar &#8220;qualquer tipo de discrimina\u00e7\u00e3o ou ass\u00e9dio e lamenta que cenas como essa, at\u00e9 hoje, ainda sejam vistas nas rela\u00e7\u00f5es entre pessoas. O funcion\u00e1rio segue trabalhando normalmente na empresa, sendo inver\u00eddicas as declara\u00e7\u00f5es de desligamento dele. Para preservar sua privacidade, o Bob\u2019s n\u00e3o divulga o local do ocorrido, mas est\u00e1 \u00e0 disposi\u00e7\u00e3o para qualquer esclarecimento na apura\u00e7\u00e3o dos fatos.&#8221;<\/p>\n<p><script async src=\"http:\/\/platform.twitter.com\/widgets.js\" charset=\"utf-8\"><\/script><br \/>\n<br \/><br \/>\n<br \/><a href=\"https:\/\/vejasp.abril.com.br\/cidades\/bobs-racismo-jovens-xingam-funcionario\/\">Source link <\/a><\/p>\n","protected":false},"excerpt":{"rendered":"<p>Viralizou nas redes sociais um v\u00eddeo em que duas jovens destratam um funcion\u00e1rio do Bob&#8217;s que fazia a limpeza da lanchonete na frente delas. &#8220;Limpa o ch\u00e3o f**ido, lambe o ch\u00e3o, limpa babac\u00e3o&#8221;, dizem as mo\u00e7as. O fato teria ocorrido em Belford Roxo, na Baixada Fluminense. Confira o v\u00eddeo abaixo: o irm\u00e3o dessa racista est\u00e1 [&hellip;]<\/p>\n","protected":false},"author":1,"featured_media":14738,"comment_status":"open","ping_status":"open","sticky":false,"template":"","format":"standard","meta":{"footnotes":""},"categories":[7],"tags":[],"class_list":["post-14737","post","type-post","status-publish","format-standard","has-post-thumbnail","hentry","category-economia"],"_links":{"self":[{"href":"https:\/\/wiy.com.br\/noticias\/wp-json\/wp\/v2\/posts\/14737","targetHints":{"allow":["GET"]}}],"collection":[{"href":"https:\/\/wiy.com.br\/noticias\/wp-json\/wp\/v2\/posts"}],"about":[{"href":"https:\/\/wiy.com.br\/noticias\/wp-json\/wp\/v2\/types\/post"}],"author":[{"embeddable":true,"href":"https:\/\/wiy.com.br\/noticias\/wp-json\/wp\/v2\/users\/1"}],"replies":[{"embeddable":true,"href":"https:\/\/wiy.com.br\/noticias\/wp-json\/wp\/v2\/comments?post=14737"}],"version-history":[{"count":0,"href":"https:\/\/wiy.com.br\/noticias\/wp-json\/wp\/v2\/posts\/14737\/revisions"}],"wp:featuredmedia":[{"embeddable":true,"href":"https:\/\/wiy.com.br\/noticias\/wp-json\/wp\/v2\/media\/14738"}],"wp:attachment":[{"href":"https:\/\/wiy.com.br\/noticias\/wp-json\/wp\/v2\/media?parent=14737"}],"wp:term":[{"taxonomy":"category","embeddable":true,"href":"https:\/\/wiy.com.br\/noticias\/wp-json\/wp\/v2\/categories?post=14737"},{"taxonomy":"post_tag","embeddable":true,"href":"https:\/\/wiy.com.br\/noticias\/wp-json\/wp\/v2\/tags?post=14737"}],"curies":[{"name":"wp","href":"https:\/\/api.w.org\/{rel}","templated":true}]}}