{"id":14685,"date":"2023-02-26T15:37:01","date_gmt":"2023-02-26T18:37:01","guid":{"rendered":"https:\/\/wiy.com.br\/noticias\/bandeira-de-mello-presta-depoimento-sobre-incendio-no-ninho-do-urubu\/"},"modified":"2019-04-02T14:41:48","modified_gmt":"2019-04-02T17:41:48","slug":"bandeira-de-mello-presta-depoimento-sobre-incendio-no-ninho-do-urubu","status":"publish","type":"post","link":"https:\/\/wiy.com.br\/noticias\/bandeira-de-mello-presta-depoimento-sobre-incendio-no-ninho-do-urubu\/","title":{"rendered":"Bandeira de Mello presta depoimento sobre inc\u00eandio no Ninho do Urubu"},"content":{"rendered":"<p> <br \/>\n<br \/><img title = \"[Tags]\"alt = \"5bcfac6a37b9f Bandeira de Mello presta depoimento sobre inc\u00eandio no Ninho do Urubu\"decoding=\"async\" src=\"http:\/\/www.lance.com.br\/\/files\/\/uploads\/2018\/10\/23\/5bcfac6a37b9f.jpeg\" \/><\/p>\n<div>\n<p class=\"paragraph\" id=\"pnull-m69-68-70\">Eduardo Bandeira de Mello, que foi presidente do Flamengo entre 2013 e 2018, prestou depoimento, nesta ter\u00e7a-feira, sobre o inc\u00eandio no alojamento da categoria de base, no Ninho do Urubu, que aconteceu no in\u00edcio de fevereiro e teve 10 v\u00edtimas fatais, al\u00e9m de outros tr\u00eas jovens hospitalizados. <\/p>\n<p>O ex-mandat\u00e1rio rubro-negro demonstrou confian\u00e7a em que as investiga\u00e7\u00f5es sobre o caso tenham respostas em breve.<\/p>\n<p>&#8211; N\u00e3o tem nenhuma novidade. Est\u00e1 tudo caminhando bem, vai se chegar a uma conclus\u00e3o r\u00e1pida &#8211; disse, em entrevista ao SporTV, Bandeira, que completou:<\/p>\n<p>&#8211; Acho que n\u00e3o (est\u00e1 sendo indiciado em algum tipo de crime).<\/p>\n<p>Diversos funcion\u00e1rios e dirigentes do Flamengo j\u00e1 foram ouvidos pelas autoridades que investigam o caso.<\/p>\n<p class=\"paragraph\" id=\"pnull-m105-1-106\">At\u00e9 o momento, o Rubro-Negro s\u00f3 chegou a um acordo em rela\u00e7\u00e3o \u00e0s indeniza\u00e7\u00f5es com as fam\u00edlias das v\u00edtimas fatais, com a do Athila Paix\u00e3o. O restante dos familiares ainda n\u00e3o chegou a um denominador comum com o clube e h\u00e1 o risco de parar na Justi\u00e7a.<\/p>\n<p>O inc\u00eandio vitimou Arthur Vinicius, de 14 anos,  Athila Paix\u00e3o, 14 anos, Bernardo Pisetta, 15 anos, Christian Esm\u00e9rio, 15 anos, Gedson Santos, 14 anos, Jorge Eduardo, 15 anos, Pablo Henrique, 14 anos, Rykelmo de Souza Viana, 16 anos, Samuel Thomas Rosa, 15 anos, e Vitor Isa\u00edas, 14 anos.<\/p>\n<p>Cauan Emannuel, Francisco Dyogo e Jhonata Ventura foram hospitalizados e j\u00e1 receberam alta m\u00e9dica.<\/p>\n<p>O Ninho do Urubu chegou a ser totalmente interditado pela Prefeitura do Rio de Janeiro e, atualmente, est\u00e1 podendo receber apenas as atividades do elenco profissional. Menores de idade ainda n\u00e3o podem entrar no centro de treinamento e, enquanto isso, as categorias de base est\u00e3o realizando trabalhos no CT do Audax, em S\u00e3o Jo\u00e3o de Meriti, na Baixada Fluminense.<\/p>\n<\/div>\n<p><script>(function(d, s, id) {\n    var js, fjs = d.getElementsByTagName(s)[0];\n    if (d.getElementById(id)) return;\n    js = d.createElement(s); js.id = id;\n    js.src = 'https:\/\/connect.facebook.net\/pt_BR\/sdk.js#xfbml=1&version=v2.12&appId=1124817024230602';\n    fjs.parentNode.insertBefore(js, fjs);\n    }(document, 'script', 'facebook-jssdk'));<\/script><br \/>\n<br \/><br \/>\n<br \/><a href=\"http:\/\/www.lance.com.br\/flamengo\/bandeira-mello-presta-depoimento-sobre-incendio-ninho-urubu.html\">Link do Artigo <\/a><\/p>\n","protected":false},"excerpt":{"rendered":"<p>Eduardo Bandeira de Mello, que foi presidente do Flamengo entre 2013 e 2018, prestou depoimento, nesta ter\u00e7a-feira, sobre o inc\u00eandio no alojamento da categoria de base, no Ninho do Urubu, que aconteceu no in\u00edcio de fevereiro e teve 10 v\u00edtimas fatais, al\u00e9m de outros tr\u00eas jovens hospitalizados. O ex-mandat\u00e1rio rubro-negro demonstrou confian\u00e7a em que as [&hellip;]<\/p>\n","protected":false},"author":1,"featured_media":14686,"comment_status":"open","ping_status":"open","sticky":false,"template":"","format":"standard","meta":{"footnotes":""},"categories":[372],"tags":[],"class_list":["post-14685","post","type-post","status-publish","format-standard","has-post-thumbnail","hentry","category-futebol"],"_links":{"self":[{"href":"https:\/\/wiy.com.br\/noticias\/wp-json\/wp\/v2\/posts\/14685","targetHints":{"allow":["GET"]}}],"collection":[{"href":"https:\/\/wiy.com.br\/noticias\/wp-json\/wp\/v2\/posts"}],"about":[{"href":"https:\/\/wiy.com.br\/noticias\/wp-json\/wp\/v2\/types\/post"}],"author":[{"embeddable":true,"href":"https:\/\/wiy.com.br\/noticias\/wp-json\/wp\/v2\/users\/1"}],"replies":[{"embeddable":true,"href":"https:\/\/wiy.com.br\/noticias\/wp-json\/wp\/v2\/comments?post=14685"}],"version-history":[{"count":0,"href":"https:\/\/wiy.com.br\/noticias\/wp-json\/wp\/v2\/posts\/14685\/revisions"}],"wp:featuredmedia":[{"embeddable":true,"href":"https:\/\/wiy.com.br\/noticias\/wp-json\/wp\/v2\/media\/14686"}],"wp:attachment":[{"href":"https:\/\/wiy.com.br\/noticias\/wp-json\/wp\/v2\/media?parent=14685"}],"wp:term":[{"taxonomy":"category","embeddable":true,"href":"https:\/\/wiy.com.br\/noticias\/wp-json\/wp\/v2\/categories?post=14685"},{"taxonomy":"post_tag","embeddable":true,"href":"https:\/\/wiy.com.br\/noticias\/wp-json\/wp\/v2\/tags?post=14685"}],"curies":[{"name":"wp","href":"https:\/\/api.w.org\/{rel}","templated":true}]}}