{"id":14504,"date":"2023-02-26T15:07:49","date_gmt":"2023-02-26T18:07:49","guid":{"rendered":"https:\/\/wiy.com.br\/noticias\/predio-de-rino-levi-nos-jardins-sera-alugado-apos-reforma\/"},"modified":"2019-04-01T22:02:28","modified_gmt":"2019-04-02T01:02:28","slug":"predio-de-rino-levi-nos-jardins-sera-alugado-apos-reforma","status":"publish","type":"post","link":"https:\/\/wiy.com.br\/noticias\/predio-de-rino-levi-nos-jardins-sera-alugado-apos-reforma\/","title":{"rendered":"Pr\u00e9dio de Rino Levi nos Jardins ser\u00e1 alugado ap\u00f3s reforma"},"content":{"rendered":"<p> <br \/>\n<\/p>\n<p>Vazio desde abril de 2018, o pr\u00e9dio onde funcionava a antiga sede do Instituto Ibope, na Alameda Santos, nos Jardins, come\u00e7ou a ser reformado no \u00faltimo dia 25.<\/p>\n<p>Propriet\u00e1ria do edif\u00edcio desde 1988, a empresa Simel Administra\u00e7\u00e3o e Participa\u00e7\u00f5es LTDA ir\u00e1 alugar todo o empreendimento para\u00a0uso comercial ap\u00f3s o t\u00e9rmino das obras. Ainda n\u00e3o h\u00e1 interessados.<\/p>\n<p>Trata-se de um ponto famoso no bairro. Projetado em 1961 pelo arquiteto Rino Levi, o Edif\u00edcio Paulo de Tarso Montenegro era considerado um manifesto tropicalista de Levi por causa de sua estrutura, equilibrada em pilastras que invadiam apartamentos espa\u00e7osos rodeados por janel\u00f5es.<\/p>\n<p>O edif\u00edcio n\u00e3o consta da lista de cinco projetos de Levi tombados em 2010 pelo Conselho de Defesa de Patrim\u00f4nio Hist\u00f3rico do Estado de S\u00e3o Paulo (Condephaat), por &#8220;descaracteriza\u00e7\u00e3o do projeto original&#8221;. Nos anos 90, sua fachada perdeu os brises cer\u00e2micos que a caracterizavam.<\/p>\n<p>O pr\u00e9dio, tamb\u00e9m conhecido como Plavinil-Eclor, por ter sido erguido pela empresa Pl\u00e1sticos Plavinil, est\u00e1 localizado na regi\u00e3o do Conjunto Nacional, este sim, protegido pelo Condephaat. Por isso, a atual dona do im\u00f3vel precisou pedir autoriza\u00e7\u00e3o ao Condephaat para realizar a reforma.<\/p>\n<figure><img title = \"[Tags]\"alt = \"predio_reformado Pr\u00e9dio de Rino Levi nos Jardins ser\u00e1 alugado ap\u00f3s reforma\"decoding=\"async\" src=\"https:\/\/abrilvejasp.files.wordpress.com\/2019\/04\/predio_reformado.jpg\" \/><figcaption>Obras no edif\u00edcio come\u00e7aram dia 25 de mar\u00e7o<span class=\"copyright\">Veja SP<\/span><\/figcaption><\/figure>\n<p>Levi \u00e9 representante da chamada escola paulista de arquitetura moderna. Ele atuou na forma\u00e7\u00e3o e na constru\u00e7\u00e3o do Instituto de Arquitetos do Brasil (IAB). Ficou famoso tamb\u00e9m por suas parcerias com o arquiteto e paisagista brasileiro Roberto Burle Marx, com quem assinou v\u00e1rios projetos.<\/p>\n<p>Formado na It\u00e1lia, Levi projetou outros pr\u00e9dios conhecidos na cidade. Seu escrit\u00f3rio tamb\u00e9m reformou a sede da Federa\u00e7\u00e3o de Ind\u00fastrias do Estado de S\u00e3o Paulo (Fiesp), na d\u00e9cada de 90.<\/p>\n<p><br \/>\n<br \/><a href=\"https:\/\/vejasp.abril.com.br\/cidades\/predio-de-rino-levi-nos-jardins-sera-alugado-apos-reforma\/\">Source link <\/a><\/p>\n","protected":false},"excerpt":{"rendered":"<p>Vazio desde abril de 2018, o pr\u00e9dio onde funcionava a antiga sede do Instituto Ibope, na Alameda Santos, nos Jardins, come\u00e7ou a ser reformado no \u00faltimo dia 25. Propriet\u00e1ria do edif\u00edcio desde 1988, a empresa Simel Administra\u00e7\u00e3o e Participa\u00e7\u00f5es LTDA ir\u00e1 alugar todo o empreendimento para\u00a0uso comercial ap\u00f3s o t\u00e9rmino das obras. Ainda n\u00e3o h\u00e1 [&hellip;]<\/p>\n","protected":false},"author":1,"featured_media":14505,"comment_status":"open","ping_status":"open","sticky":false,"template":"","format":"standard","meta":{"footnotes":""},"categories":[7],"tags":[],"class_list":["post-14504","post","type-post","status-publish","format-standard","has-post-thumbnail","hentry","category-economia"],"_links":{"self":[{"href":"https:\/\/wiy.com.br\/noticias\/wp-json\/wp\/v2\/posts\/14504","targetHints":{"allow":["GET"]}}],"collection":[{"href":"https:\/\/wiy.com.br\/noticias\/wp-json\/wp\/v2\/posts"}],"about":[{"href":"https:\/\/wiy.com.br\/noticias\/wp-json\/wp\/v2\/types\/post"}],"author":[{"embeddable":true,"href":"https:\/\/wiy.com.br\/noticias\/wp-json\/wp\/v2\/users\/1"}],"replies":[{"embeddable":true,"href":"https:\/\/wiy.com.br\/noticias\/wp-json\/wp\/v2\/comments?post=14504"}],"version-history":[{"count":0,"href":"https:\/\/wiy.com.br\/noticias\/wp-json\/wp\/v2\/posts\/14504\/revisions"}],"wp:featuredmedia":[{"embeddable":true,"href":"https:\/\/wiy.com.br\/noticias\/wp-json\/wp\/v2\/media\/14505"}],"wp:attachment":[{"href":"https:\/\/wiy.com.br\/noticias\/wp-json\/wp\/v2\/media?parent=14504"}],"wp:term":[{"taxonomy":"category","embeddable":true,"href":"https:\/\/wiy.com.br\/noticias\/wp-json\/wp\/v2\/categories?post=14504"},{"taxonomy":"post_tag","embeddable":true,"href":"https:\/\/wiy.com.br\/noticias\/wp-json\/wp\/v2\/tags?post=14504"}],"curies":[{"name":"wp","href":"https:\/\/api.w.org\/{rel}","templated":true}]}}