{"id":14499,"date":"2023-02-26T15:08:10","date_gmt":"2023-02-26T18:08:10","guid":{"rendered":"https:\/\/wiy.com.br\/noticias\/cruzeiro-preve-jogo-duro-fisicamente-contra-o-emelec-equ\/"},"modified":"2019-04-01T21:17:19","modified_gmt":"2019-04-02T00:17:19","slug":"cruzeiro-preve-jogo-duro-fisicamente-contra-o-emelec-equ","status":"publish","type":"post","link":"https:\/\/wiy.com.br\/noticias\/cruzeiro-preve-jogo-duro-fisicamente-contra-o-emelec-equ\/","title":{"rendered":"Cruzeiro prev\u00ea jogo duro fisicamente contra o Emelec-EQU"},"content":{"rendered":"<p> <br \/>\n<br \/><img title = \"[Tags]\"alt = \"5c9c21f36148c Cruzeiro prev\u00ea jogo duro fisicamente contra o Emelec-EQU\"decoding=\"async\" src=\"http:\/\/www.lance.com.br\/\/files\/\/uploads\/2019\/03\/27\/5c9c21f36148c.jpeg\" \/><\/p>\n<div>\n<p class=\"paragraph\" id=\"p488317-m1442-1441-1443\">O Cruzeiro come\u00e7ou uma semana se dividindo entre duas competi\u00e7\u00f5es. Primeiro a Libertadores, na quarta-feira, contra o Emelec-EQU, e no fim de semana, o jogo de volta da semifinal do Mineiro contra o Am\u00e9rica-MG. <\/p>\n<p>Na tarde desta segunda-feira, a delega\u00e7\u00e3o estrelada viajou em voo fretado rumo \u00e0 cidade de Guayaquil, onde enfrenta na quarta-feira, \u00e0s 21h30 (de Bras\u00edlia), o Emelec, pela terceira rodada do Grupo B. A previs\u00e3o \u00e9 de que o time celeste chegue ao munic\u00edpio equatoriano na noite de hoje.<\/p>\n<p>O time cruzeirense prev\u00ea um jogo duro fisicamente contra os equatorianos, e se prepara para o em embate forte diante do Emelec. Um bom resultado fora de casa pode carimbar a passagem da Raposa \u00e0s oitavas de final da Libertadores. <\/p>\n<p>Na ter\u00e7a-feira, v\u00e9spera do jogo,  o t\u00e9cnico Mano Menezes comandar\u00e1 o \u00faltimo treino da prepara\u00e7\u00e3o para o jogo. A atividade ser\u00e1 realizada \u00e0 tarde, no est\u00e1dio Monumental Isidro Romero Carbo, do Barcelona de Guayaquil. <\/p>\n<p class=\"paragraph\" id=\"p488317-m1517-2-1518\">&#8211; \u00c9 um time muito forte fisicamente. \u00c9 s\u00f3 olhar as caracter\u00edsticas dos times (equatorianos), da sele\u00e7\u00e3o (do Equador), os jogadores t\u00eam muita for\u00e7a f\u00edsica, v\u00e3o exigir muito da nossa equipe nesse aspecto-disse Mano Menezes.<\/p>\n<p>Em seguida, a delega\u00e7\u00e3o segue para o reconhecimento do gramado do est\u00e1dio George Campwell, palco do jogo. No local, ser\u00e1 permitida a presen\u00e7a de jornalistas, onde um atleta conceder\u00e1 entrevista coletiva. Mano refor\u00e7a que n\u00e3o se pode descuidar durante o jogo, pois o Cruzeiro tem uma chance muito boa se deixar sua classifica\u00e7\u00e3o bem encaminhada. <\/p>\n<p>-Temos uma situa\u00e7\u00e3o muito boa na Libertadores, mas voc\u00ea sabe que n\u00e3o pode descuidar. Temos um jogo muito duro, sempre dif\u00edcil jogar contra eles l\u00e1. E n\u00f3s temos que continuar nossa importante caminhada. Temos uma boa condi\u00e7\u00e3o adiantada, mas temos que seguir aproveitando o momento, temos que aproveitar que a press\u00e3o sobre o outro lado \u00e9 maior e tentar tirar proveito disso, fazer um bom jogo l\u00e1, porque ser\u00e1 necess\u00e1rio fazer novamente um bom jogo, competir muito, disputar muito, que s\u00e3o as caracter\u00edsticas gerais da Libertadores-explicou.<\/p>\n<p>O retorno da Raposa est\u00e1 marcado para a quinta-feira, 4 de abril, quando os atletas ser\u00e3o liberados no aeroporto. Os treinos na Toca da Raposa 2 ser\u00e3o retomados na sexta-feira, em hor\u00e1rio a ser informado posteriormente.<\/p>\n<p><b>Programa\u00e7\u00e3o do Cruzeiro na viagem para o Equador:<\/b><\/p>\n<p>01\/04 \u2013 SEGUNDA-FEIRA<br \/>Viagem para Guayaquil-EQU<\/p>\n<p>02\/04 \u2013 TER\u00c7A-FEIRA<br \/>16h45 (hor\u00e1rio local); 18h45 (hor\u00e1rio de Bras\u00edlia) \u2013 Treinamento no Est\u00e1dio Monumental Isidro Romero Carbo, do Barcelona (sem atendimento \u00e0 imprensa)<br \/>19h (hor\u00e1rio local); 21h (hor\u00e1rio de Bras\u00edlia) \u2013 Reconhecimento do est\u00e1dio George Campwell (haver\u00e1 atendimento \u00e0 imprensa e entrevista coletiva com um atleta)<\/p>\n<p>03\/04 \u2013 QUARTA-FEIRA<br \/>19h30 (hor\u00e1rio local); 21h30 (hor\u00e1rio de Bras\u00edlia) \u2013 Jogo entre Emelec x Cruzeiro, no est\u00e1dio George Campwell, pela terceira rodada do Grupo B da Copa Conmebol Libertadores<\/p>\n<p>04\/04 \u2013 QUINTA-FEIRA<br \/>Retorno da delega\u00e7\u00e3o para Belo Horizonte. Os atletas ser\u00e3o liberados no aeroporto<\/p>\n<\/div>\n<p><script>(function(d, s, id) {\n    var js, fjs = d.getElementsByTagName(s)[0];\n    if (d.getElementById(id)) return;\n    js = d.createElement(s); js.id = id;\n    js.src = 'https:\/\/connect.facebook.net\/pt_BR\/sdk.js#xfbml=1&version=v2.12&appId=1124817024230602';\n    fjs.parentNode.insertBefore(js, fjs);\n    }(document, 'script', 'facebook-jssdk'));<\/script><br \/>\n<br \/><br \/>\n<br \/><a href=\"http:\/\/www.lance.com.br\/cruzeiro\/preve-jogo-duro-fisicamente-para-contra-emelec-equ.html\">Link do Artigo <\/a><\/p>\n","protected":false},"excerpt":{"rendered":"<p>O Cruzeiro come\u00e7ou uma semana se dividindo entre duas competi\u00e7\u00f5es. Primeiro a Libertadores, na quarta-feira, contra o Emelec-EQU, e no fim de semana, o jogo de volta da semifinal do Mineiro contra o Am\u00e9rica-MG. Na tarde desta segunda-feira, a delega\u00e7\u00e3o estrelada viajou em voo fretado rumo \u00e0 cidade de Guayaquil, onde enfrenta na quarta-feira, \u00e0s [&hellip;]<\/p>\n","protected":false},"author":1,"featured_media":14500,"comment_status":"open","ping_status":"open","sticky":false,"template":"","format":"standard","meta":{"footnotes":""},"categories":[372],"tags":[],"class_list":["post-14499","post","type-post","status-publish","format-standard","has-post-thumbnail","hentry","category-futebol"],"_links":{"self":[{"href":"https:\/\/wiy.com.br\/noticias\/wp-json\/wp\/v2\/posts\/14499","targetHints":{"allow":["GET"]}}],"collection":[{"href":"https:\/\/wiy.com.br\/noticias\/wp-json\/wp\/v2\/posts"}],"about":[{"href":"https:\/\/wiy.com.br\/noticias\/wp-json\/wp\/v2\/types\/post"}],"author":[{"embeddable":true,"href":"https:\/\/wiy.com.br\/noticias\/wp-json\/wp\/v2\/users\/1"}],"replies":[{"embeddable":true,"href":"https:\/\/wiy.com.br\/noticias\/wp-json\/wp\/v2\/comments?post=14499"}],"version-history":[{"count":0,"href":"https:\/\/wiy.com.br\/noticias\/wp-json\/wp\/v2\/posts\/14499\/revisions"}],"wp:featuredmedia":[{"embeddable":true,"href":"https:\/\/wiy.com.br\/noticias\/wp-json\/wp\/v2\/media\/14500"}],"wp:attachment":[{"href":"https:\/\/wiy.com.br\/noticias\/wp-json\/wp\/v2\/media?parent=14499"}],"wp:term":[{"taxonomy":"category","embeddable":true,"href":"https:\/\/wiy.com.br\/noticias\/wp-json\/wp\/v2\/categories?post=14499"},{"taxonomy":"post_tag","embeddable":true,"href":"https:\/\/wiy.com.br\/noticias\/wp-json\/wp\/v2\/tags?post=14499"}],"curies":[{"name":"wp","href":"https:\/\/api.w.org\/{rel}","templated":true}]}}