{"id":14291,"date":"2023-02-26T15:19:43","date_gmt":"2023-02-26T18:19:43","guid":{"rendered":"https:\/\/wiy.com.br\/noticias\/o-twitter-como-um-sofa\/"},"modified":"2019-04-01T03:39:20","modified_gmt":"2019-04-01T06:39:20","slug":"o-twitter-como-um-sofa","status":"publish","type":"post","link":"https:\/\/wiy.com.br\/noticias\/o-twitter-como-um-sofa\/","title":{"rendered":"O Twitter como um sof\u00e1"},"content":{"rendered":"<p> <br \/>\n<\/p>\n<div>\n<p>\nUma escocesa de 71 anos, chamada Jo Cameron, sente quase nenhuma dor e nenhuma ansiedade. Os cientistas est\u00e3o pesquisando o mapa gen\u00e9tico de Jo e esperam achar um rem\u00e9dio que nos aproxime da aus\u00eancia de dor e ansiedade.\n<\/p>\n<p>\nAo analisar a situa\u00e7\u00e3o pol\u00edtica brasileira, sinto falta de uma dose desse rem\u00e9dio natural. As coisas parecem degringolar nas \u00faltimas semanas. N\u00e3o tenho \u00e2nimo para dar conselhos nem para atirar pedras. Nesses 90 dias, misteriosas for\u00e7as est\u00e3o em curso no governo e nas rela\u00e7\u00f5es de poder. Talvez o melhor seja esperar a troca de farpas passar com calma, para falar da realidade\u2026\n<\/p>\n<p>\nBolsonaro, que conheci como deputado, mudou bastante. Ele era conservador, anticomunista e de vez em quando fazia incurs\u00f5es ex\u00f3ticas contra a importa\u00e7\u00e3o da banana do Equador.\n<\/p>\n<p>\nNesse processo eleitoral, adquiriu uma esp\u00e9cie de crosta te\u00f3rica: uma vis\u00e3o estreita de nacionalismo; uma cosmovis\u00e3o religiosa voltada para a catequese do mundo; enfim, uma volta a um passado idealizado como objetivo pol\u00edtico.\n<\/p>\n<p>\nIsso \u00e9 um fen\u00f4meno importante pelo menos no mundo ocidental. \u00c9 chamado de retropia. \u00c9 uma utopia que n\u00e3o fantasia sobre um futuro idealizado, mas sim um passado idealizado. Qualquer das utopias, no entanto, choca-se com a realidade quando se disp\u00f5e a governar um pa\u00eds complicado como o Brasil.\n<\/p>\n<p>\nO di\u00e1logo pol\u00edtico com um idealista ut\u00f3pico \u00e9 muito dif\u00edcil. Tende a considerar os argumentos como uma submiss\u00e3o \u00e0 realidade, desconfia do que lhe parece o vazio med\u00edocre da aus\u00eancia de uma utopia.\n<\/p>\n<p>\nBolsonaro, eu achava, teria mais chances se buscasse inspira\u00e7\u00e3o nas For\u00e7as Armadas atuais, que conquistaram uma grande simpatia, pela modera\u00e7\u00e3o pol\u00edtica e efic\u00e1cia em opera\u00e7\u00f5es complexas e emergentes, como a distribui\u00e7\u00e3o de \u00e1gua no Nordeste e a montagem da Opera\u00e7\u00e3o Acolhida em Pacaraima, que organizou a recep\u00e7\u00e3o dos venezuelanos. Um trabalho de n\u00edvel internacional, com grande respeito pelos imigrantes.\n<\/p>\n<section class=\"block block--advertising\">\n<\/section>\n<p>\nParece que ele sonha com os combatentes do passado e, de alguma forma, voltar atr\u00e1s, refazer aquela luta contra a esquerda. Isso n\u00e3o bastou. Quer reconhecimento, reescrever a hist\u00f3ria.\n<\/p>\n<p>\nOlho isso com tranquilidade no indiv\u00edduo, pois conhe\u00e7o muita gente fixada em certos per\u00edodos do passado. Mas o caminho que as For\u00e7as Armadas tomaram, fixando-se no presente e olhando para o futuro, \u00e9 muito mais adequado para um presidente da Rep\u00fablica.\n<\/p>\n<p>\nOs aliados aconselham Bolsonaro a deixar o Twitter. Parecem n\u00e3o ter percebido que o tu\u00edte n\u00e3o se escreve sozinho. \u00c9 apenas uma plataforma que pode ser usada com sensatez ou n\u00e3o.\n<\/p>\n<p>\nTirar o Twitter \u00e9 tirar o sof\u00e1. Bolsonaro vai prosseguir na sua cruzada retr\u00f3pica. Ele foi ao Chile, onde as cicatrizes s\u00e3o maiores que no Brasil, discorrer sobre o per\u00edodo ditatorial.\n<\/p>\n<p>\nO resultado n\u00e3o se limitou \u00e0 divulga\u00e7\u00e3o de suas infelizes frases do passado, mas tamb\u00e9m houve uma entrevista do pr\u00f3prio presidente do Chile, distanciando-se das posi\u00e7\u00f5es de Bolsonaro.\n<\/p>\n<p>\nNos Estados Unidos, nessa plataforma diplom\u00e1tica que acaba inundando as redes sociais, Bolsonaro afirmou que a maioria dos imigrantes \u00e9 mal-intencionada. Ainda bem que desmentiu em seguida. Na mesma semana, Eduardo Bolsonaro, presidente da Comiss\u00e3o de Rela\u00e7\u00f5es Exteriores da C\u00e2mara, declarou que os imigrantes ilegais eram uma vergonha para o pa\u00eds. Se ele lesse os arquivos da comiss\u00e3o, veria que, no passado, havia um grande empenho para ajudar os brasileiros em situa\u00e7\u00e3o irregular em todo o mundo. Chegamos a criar consulados itinerantes. Os pr\u00f3prios parlamentares evang\u00e9licos eram muito atuantes nessa frente.\n<\/p>\n<section class=\"block block--advertising\">\n<\/section>\n<p>\nTudo bem, meu interesse n\u00e3o \u00e9 argumentar contra as ideias de Bolsonaro ou mesmo as dos ut\u00f3picos de esquerda. Quero apenas dizer que a posi\u00e7\u00e3o mission\u00e1ria de Bolsonaro e do grupo intelectual que o inspira pode desencadear for\u00e7as destrutivas. Quando o governo tem a pretens\u00e3o de governar comportamentos, fica imposs\u00edvel achar um modus vivendi.\n<\/p>\n<p>\nIsso influencia at\u00e9 a rela\u00e7\u00e3o com o Parlamento. Bolsonaro, at\u00e9 agora, foi incapaz de organizar, quanto mais ampliar, sua base. N\u00e3o fez um gesto republicano para a oposi\u00e7\u00e3o.Na verdade, n\u00e3o ocupou e parece n\u00e3o ter querido ocupar o espa\u00e7o do presidente de todos os brasileiros de dentro e fora do pa\u00eds.\n<\/p>\n<p>\nN\u00e3o adianta falar muito, apenas esperar que as for\u00e7as destrutivas encerrem seu ciclo numa volta \u00e0 realidade ou ent\u00e3o num desastre. Grupos e mentalidades muito fechadas tendem a considerar as cr\u00edticas como um esfor\u00e7o conspirat\u00f3rio, para minar a legimitidade do governo.\n<\/p>\n<p>\nComo no castelo de Kakfa, havia uma porta aberta pela elei\u00e7\u00e3o. Bolsonaro n\u00e3o a encontrou. N\u00e3o se perdeu no Twitter. Est\u00e1 perdido.\n<\/p>\n<\/div>\n<p><br \/>\n<br \/><a href=\"https:\/\/oglobo.globo.com\/opiniao\/o-twitter-como-um-sofa-23562335\">Fonte do Artigo <\/a><\/p>\n","protected":false},"excerpt":{"rendered":"<p>Uma escocesa de 71 anos, chamada Jo Cameron, sente quase nenhuma dor e nenhuma ansiedade. Os cientistas est\u00e3o pesquisando o mapa gen\u00e9tico de Jo e esperam achar um rem\u00e9dio que nos aproxime da aus\u00eancia de dor e ansiedade. Ao analisar a situa\u00e7\u00e3o pol\u00edtica brasileira, sinto falta de uma dose desse rem\u00e9dio natural. As coisas parecem [&hellip;]<\/p>\n","protected":false},"author":1,"featured_media":0,"comment_status":"open","ping_status":"open","sticky":false,"template":"","format":"standard","meta":{"footnotes":""},"categories":[337],"tags":[],"class_list":["post-14291","post","type-post","status-publish","format-standard","hentry","category-noticias"],"_links":{"self":[{"href":"https:\/\/wiy.com.br\/noticias\/wp-json\/wp\/v2\/posts\/14291","targetHints":{"allow":["GET"]}}],"collection":[{"href":"https:\/\/wiy.com.br\/noticias\/wp-json\/wp\/v2\/posts"}],"about":[{"href":"https:\/\/wiy.com.br\/noticias\/wp-json\/wp\/v2\/types\/post"}],"author":[{"embeddable":true,"href":"https:\/\/wiy.com.br\/noticias\/wp-json\/wp\/v2\/users\/1"}],"replies":[{"embeddable":true,"href":"https:\/\/wiy.com.br\/noticias\/wp-json\/wp\/v2\/comments?post=14291"}],"version-history":[{"count":0,"href":"https:\/\/wiy.com.br\/noticias\/wp-json\/wp\/v2\/posts\/14291\/revisions"}],"wp:attachment":[{"href":"https:\/\/wiy.com.br\/noticias\/wp-json\/wp\/v2\/media?parent=14291"}],"wp:term":[{"taxonomy":"category","embeddable":true,"href":"https:\/\/wiy.com.br\/noticias\/wp-json\/wp\/v2\/categories?post=14291"},{"taxonomy":"post_tag","embeddable":true,"href":"https:\/\/wiy.com.br\/noticias\/wp-json\/wp\/v2\/tags?post=14291"}],"curies":[{"name":"wp","href":"https:\/\/api.w.org\/{rel}","templated":true}]}}