{"id":14206,"date":"2023-02-26T15:27:26","date_gmt":"2023-02-26T18:27:26","guid":{"rendered":"https:\/\/wiy.com.br\/noticias\/paises-arabes-criticam-decisao-de-trump-sobre-colinas-do-golan\/"},"modified":"2019-03-31T13:12:44","modified_gmt":"2019-03-31T16:12:44","slug":"paises-arabes-criticam-decisao-de-trump-sobre-colinas-do-golan","status":"publish","type":"post","link":"https:\/\/wiy.com.br\/noticias\/paises-arabes-criticam-decisao-de-trump-sobre-colinas-do-golan\/","title":{"rendered":"Pa\u00edses \u00e1rabes criticam decis\u00e3o de Trump sobre Colinas do Golan"},"content":{"rendered":"<p> <br \/>\n<\/p>\n<p>Tunes, Tun\u00edsia &#8211; L\u00edderes reunidos na Tun\u00edsia para a C\u00fapula da Liga \u00c1rabe neste domingo (31), criticaram decis\u00f5es do governo do presidente dos Estados Unidos, <a href=\"https:\/\/exame.abril.com.br\/noticias-sobre\/donald-trump\"><strong>Donald Trump<\/strong><\/a>, consideradas injustamente ben\u00e9ficas para <a href=\"https:\/\/exame.abril.com.br\/noticias-sobre\/israel\"><strong>Israel<\/strong><\/a>. Os pa\u00edses, no entanto, se mostraram divididos em uma s\u00e9rie de outras quest\u00f5es, incluindo se devem readmitir a S\u00edria.<\/p>\n<p>Representantes da Liga de 22 pa\u00edses &#8211; menos a S\u00edria &#8211; esperam condenar conjuntamente o reconhecimento de Trump das Colinas do Golan &#8211; que pertencem \u00e0 S\u00edria e que Israel ocupou em 1967 &#8211; como territ\u00f3rio israelense, e tamb\u00e9m a decis\u00e3o do ano passado de reconhecer Jerusal\u00e9m como a capital de Israel.<\/p>\n<p>Na abertura da c\u00fapula, o rei Salman afirmou que a Ar\u00e1bia Saudita &#8220;absolutamente rejeita quaisquer medidas que reduzam a soberania da S\u00edria sobre as Colinas do Golan&#8221;, e que apoia a cria\u00e7\u00e3o de um Estado palestino na Cisjord\u00e2nia e na Faixa de Gaza, com o leste de Jerusal\u00e9m como capital. Ele disse ainda que a instabilidade da regi\u00e3o se deve ao envolvimento do Ir\u00e3.<\/p>\n<p>Espera-se que os l\u00edderes \u00e1rabes reunidos na Tun\u00edsia divulguem uma declara\u00e7\u00e3o condenando esses movimentos. O porta-voz da c\u00fapula, Mahmoud Khemiri, disse que haver\u00e1 uma &#8220;forte resolu\u00e7\u00e3o&#8221; em Golan. Mas \u00e9 improv\u00e1vel que os l\u00edderes tomem medidas al\u00e9m dessas.<\/p>\n<p>A reuni\u00e3o deste ano ocorre num contexto de guerras em curso na S\u00edria e no I\u00eamen, autoridades rivais na L\u00edbia e um boicote ao Qatar por quatro membros da Liga. O presidente da Arg\u00e9lia, Abdelaziz Bouteflika, e o presidente do Sud\u00e3o, Omar al-Bashir, n\u00e3o foram \u00e0 reuni\u00e3o porque enfrentam protestos contra seus longos reinos.<\/p>\n<p><br \/>\n<br \/><a href=\"https:\/\/exame.abril.com.br\/mundo\/paises-arabes-criticam-decisao-de-trump-sobre-colinas-do-golan\/\">Fonte do Artigo <\/a><\/p>\n<p>#noticias #news #o #brasil #venezuela #n #jornalismo #a #love #like #bbb #musica #colombia #tv #blog #fofoca #mexico #gay #caracas #saopaulo #instagram #follow #not #cias #famosos #m #brazil #politica #pol #jeansobrinho<\/p>\n","protected":false},"excerpt":{"rendered":"<p>Tunes, Tun\u00edsia &#8211; L\u00edderes reunidos na Tun\u00edsia para a C\u00fapula da Liga \u00c1rabe neste domingo (31), criticaram decis\u00f5es do governo do presidente dos Estados Unidos, Donald Trump, consideradas injustamente ben\u00e9ficas para Israel. Os pa\u00edses, no entanto, se mostraram divididos em uma s\u00e9rie de outras quest\u00f5es, incluindo se devem readmitir a S\u00edria. Representantes da Liga de [&hellip;]<\/p>\n","protected":false},"author":1,"featured_media":14207,"comment_status":"open","ping_status":"open","sticky":false,"template":"","format":"standard","meta":{"footnotes":""},"categories":[339],"tags":[],"class_list":["post-14206","post","type-post","status-publish","format-standard","has-post-thumbnail","hentry","category-negocios"],"_links":{"self":[{"href":"https:\/\/wiy.com.br\/noticias\/wp-json\/wp\/v2\/posts\/14206","targetHints":{"allow":["GET"]}}],"collection":[{"href":"https:\/\/wiy.com.br\/noticias\/wp-json\/wp\/v2\/posts"}],"about":[{"href":"https:\/\/wiy.com.br\/noticias\/wp-json\/wp\/v2\/types\/post"}],"author":[{"embeddable":true,"href":"https:\/\/wiy.com.br\/noticias\/wp-json\/wp\/v2\/users\/1"}],"replies":[{"embeddable":true,"href":"https:\/\/wiy.com.br\/noticias\/wp-json\/wp\/v2\/comments?post=14206"}],"version-history":[{"count":0,"href":"https:\/\/wiy.com.br\/noticias\/wp-json\/wp\/v2\/posts\/14206\/revisions"}],"wp:featuredmedia":[{"embeddable":true,"href":"https:\/\/wiy.com.br\/noticias\/wp-json\/wp\/v2\/media\/14207"}],"wp:attachment":[{"href":"https:\/\/wiy.com.br\/noticias\/wp-json\/wp\/v2\/media?parent=14206"}],"wp:term":[{"taxonomy":"category","embeddable":true,"href":"https:\/\/wiy.com.br\/noticias\/wp-json\/wp\/v2\/categories?post=14206"},{"taxonomy":"post_tag","embeddable":true,"href":"https:\/\/wiy.com.br\/noticias\/wp-json\/wp\/v2\/tags?post=14206"}],"curies":[{"name":"wp","href":"https:\/\/api.w.org\/{rel}","templated":true}]}}