{"id":14171,"date":"2023-02-26T15:15:10","date_gmt":"2023-02-26T18:15:10","guid":{"rendered":"https:\/\/wiy.com.br\/noticias\/adcc-trials-brasil-lutador-do-ufc-lidera-vencedores-de-vaga-no-adcc\/"},"modified":"2019-03-31T08:31:31","modified_gmt":"2019-03-31T11:31:31","slug":"adcc-trials-brasil-lutador-do-ufc-lidera-vencedores-de-vaga-no-adcc","status":"publish","type":"post","link":"https:\/\/wiy.com.br\/noticias\/adcc-trials-brasil-lutador-do-ufc-lidera-vencedores-de-vaga-no-adcc\/","title":{"rendered":"ADCC Trials Brasil: lutador do UFC lidera vencedores de vaga no ADCC"},"content":{"rendered":"<p> <br \/>\n<br \/><img title = \"[Tags]\"alt = \"5ca03ee5c0ed1 ADCC Trials Brasil: lutador do UFC lidera vencedores de vaga no ADCC\"decoding=\"async\" src=\"http:\/\/www.lance.com.br\/\/files\/\/uploads\/2019\/03\/31\/5ca03ee5c0ed1.jpeg\" \/><\/p>\n<div>\n<p class=\"paragraph \" id=\"pnull-m69-68-70\">Foram definidos os vencedores do ADCC Trials Brasil, seletiva que aconteceu neste s\u00e1bado (30), no Esporte Clube S\u00edrio, em S\u00e3o Paulo, envolvendo atletas de toda a Am\u00e9rica Latina. Ao fim de um dia intenso de disputas, sete atletas confirmaram seu lugar no maior torneio de luta agarrada do mundo, o ADCC, que em 2019 acontece na Calif\u00f3rnia, Estados Unidos.<\/p>\n<p>No feminino, Franciele Nascimento, casca-grossa da Alliance, levou a vaga na divis\u00e3o at\u00e9 60kg, e Carina Santi, multicampe\u00e3 da G13 BJJ, foi a grande vencedora acima de 60kg.<\/p>\n<p>Entre os homens, muita a\u00e7\u00e3o presente nos tatames. Na categoria 66kg, Ruan Alvarenga ficou com a vaga ao superar Gabriel Marangoni. At\u00e9 77kg, quem triunfou foi Servio Tulio, da Gracie Barra BH. O pupilo de Felipe Pregui\u00e7a derrotou o duro Jeferson Guaresi.<\/p>\n<p>J\u00e1 na divis\u00e3o 88kg, Gabriel Almeida Salles, da Checkmat, desbancou o atleta de MMA Valdir \u201cBBMonstro\u201d Ara\u00fajo. No peso at\u00e9 99kg, quem ficou com um lugar no ADCC 2019 foi Paulo Jos\u00e9 Bara\u00fana, que derrotou Salom\u00e3o Ribeiro. Por fim, na categoria acima de 99kg, Ant\u00f4nio Braga Neto mostrou que est\u00e1 de volta e venceu luta acirrada contra Gabriel \u201cFedor\u201d Lucas.<\/p>\n<p>Vale lembrar que o ADCC 2019 est\u00e1 programado para acontecer em setembro deste ano, na Calif\u00f3rnia, Estados Unidos. A superluta da edi\u00e7\u00e3o ficar\u00e1 por conta do encontro das feras Andr\u00e9 Galv\u00e3o e Felipe Pregui\u00e7a.<\/p>\n<p><b><a href=\"https:\/\/tatame.com.br\/\" target=\"_blank\">Quer ficar por dentro do mundo da luta? Clique e acesse o site da TATAME!<\/a><\/b><\/p>\n<\/div>\n<p><script>(function(d, s, id) {\n    var js, fjs = d.getElementsByTagName(s)[0];\n    if (d.getElementById(id)) return;\n    js = d.createElement(s); js.id = id;\n    js.src = 'https:\/\/connect.facebook.net\/pt_BR\/sdk.js#xfbml=1&version=v2.12&appId=1124817024230602';\n    fjs.parentNode.insertBefore(js, fjs);\n    }(document, 'script', 'facebook-jssdk'));<\/script><br \/>\n<br \/><br \/>\n<br \/><a href=\"http:\/\/www.lance.com.br\/lutas\/adcc-trials-brasil-lutador-ufc-lidera-vencedores-vaga-adcc.html\">Link do Artigo <\/a><\/p>\n","protected":false},"excerpt":{"rendered":"<p>Foram definidos os vencedores do ADCC Trials Brasil, seletiva que aconteceu neste s\u00e1bado (30), no Esporte Clube S\u00edrio, em S\u00e3o Paulo, envolvendo atletas de toda a Am\u00e9rica Latina. Ao fim de um dia intenso de disputas, sete atletas confirmaram seu lugar no maior torneio de luta agarrada do mundo, o ADCC, que em 2019 acontece [&hellip;]<\/p>\n","protected":false},"author":1,"featured_media":14172,"comment_status":"open","ping_status":"open","sticky":false,"template":"","format":"standard","meta":{"footnotes":""},"categories":[372],"tags":[],"class_list":["post-14171","post","type-post","status-publish","format-standard","has-post-thumbnail","hentry","category-futebol"],"_links":{"self":[{"href":"https:\/\/wiy.com.br\/noticias\/wp-json\/wp\/v2\/posts\/14171","targetHints":{"allow":["GET"]}}],"collection":[{"href":"https:\/\/wiy.com.br\/noticias\/wp-json\/wp\/v2\/posts"}],"about":[{"href":"https:\/\/wiy.com.br\/noticias\/wp-json\/wp\/v2\/types\/post"}],"author":[{"embeddable":true,"href":"https:\/\/wiy.com.br\/noticias\/wp-json\/wp\/v2\/users\/1"}],"replies":[{"embeddable":true,"href":"https:\/\/wiy.com.br\/noticias\/wp-json\/wp\/v2\/comments?post=14171"}],"version-history":[{"count":0,"href":"https:\/\/wiy.com.br\/noticias\/wp-json\/wp\/v2\/posts\/14171\/revisions"}],"wp:featuredmedia":[{"embeddable":true,"href":"https:\/\/wiy.com.br\/noticias\/wp-json\/wp\/v2\/media\/14172"}],"wp:attachment":[{"href":"https:\/\/wiy.com.br\/noticias\/wp-json\/wp\/v2\/media?parent=14171"}],"wp:term":[{"taxonomy":"category","embeddable":true,"href":"https:\/\/wiy.com.br\/noticias\/wp-json\/wp\/v2\/categories?post=14171"},{"taxonomy":"post_tag","embeddable":true,"href":"https:\/\/wiy.com.br\/noticias\/wp-json\/wp\/v2\/tags?post=14171"}],"curies":[{"name":"wp","href":"https:\/\/api.w.org\/{rel}","templated":true}]}}