{"id":14167,"date":"2023-02-26T15:12:29","date_gmt":"2023-02-26T18:12:29","guid":{"rendered":"https:\/\/wiy.com.br\/noticias\/campinas-vira-novo-polo-de-atracao-de-imigrantes\/"},"modified":"2019-03-31T08:11:08","modified_gmt":"2019-03-31T11:11:08","slug":"campinas-vira-novo-polo-de-atracao-de-imigrantes","status":"publish","type":"post","link":"https:\/\/wiy.com.br\/noticias\/campinas-vira-novo-polo-de-atracao-de-imigrantes\/","title":{"rendered":"Campinas vira novo polo de atra\u00e7\u00e3o de imigrantes"},"content":{"rendered":"<p> <br \/>\n<\/p>\n<div>\n<p>\nCAMPINAS \u2014 Quando chegou ao Brasil, em 2009, a engenheira Alexa Bresciani era a \u00fanica venezuelana no bairro em que morava em Campinas, no estado de S\u00e3o Paulo. Expatriada de uma multinacional, ela diz que era dif\u00edcil achar vizinhos venezuelanos e outros latino-americanos. Em dez anos, o cen\u00e1rio \u00e9 outro.\n<\/p>\n<p>\n\u2014 Hoje me sinto quase em meu pa\u00eds. A comunidade venezuelana cresceu tanto com os expatriados que chegam de avi\u00e3o, para trabalhar em empresas, quanto com os venezuelanos vindos por terra de Roraima \u2014 conta Alexa.\n<\/p>\n<p>\nChegam pessoas de outros pa\u00edses tamb\u00e9m. Em especial, de Haiti e Cuba. Muitas t\u00eam parentes ou conhecidos na cidade. Para algumas, Campinas oferece mais oportunidades do que a vizinha S\u00e3o Paulo, a 90km, com maior concorr\u00eancia e caos urbano. Mas n\u00e3o \u00e9 s\u00f3. Campinas se destaca pela diversidade de nacionalidades, em um cen\u00e1rio que tamb\u00e9m alimenta uma estrutura crescente de atendimento a essa popula\u00e7\u00e3o.\n<\/p>\n<aside class=\"article-related-links article-related-links--inside\">\n<\/aside>\n<p>\nEm maio, o Comit\u00ea Nacional para os Refugiados (Conare), \u00f3rg\u00e3o do Minist\u00e9rio da Justi\u00e7a, deve instalar uma base na cidade. A ideia \u00e9 criar um novo espa\u00e7o para entrevistar imigrantes que j\u00e1 solicitaram ref\u00fagio.<\/p>\n<aside class=\"article-related-links article-related-links--inside\">\n<\/aside>\n<\/p>\n<p>\nCampinas tamb\u00e9m \u00e9 considerada como futuro centro de redistribui\u00e7\u00e3o de imigrantes estrangeiros que est\u00e3o no Norte do Brasil. Essa discuss\u00e3o corre em Bras\u00edlia, mas ainda n\u00e3o foi definida.\n<\/p>\n<p>\n\u2014 O caso de Campinas \u00e9 particularmente importante para o contexto de formula\u00e7\u00e3o de pol\u00edticas sociais para imigrantes internacionais. Por se configurar um polo tecnol\u00f3gico, tem a presen\u00e7a de imigrantes com alta especializa\u00e7\u00e3o profissional e imigrantes com menor especializa\u00e7\u00e3o e n\u00edvel de escolaridade \u2014 explica a professora do departamento de Demografia da Unicamp Rosana Baeninger, coordenadora do Observat\u00f3rio das Migra\u00e7\u00f5es em S\u00e3o Paulo.\n<\/p>\n<section class=\"block block--advertising\">\n<\/section>\n<p>\nAl\u00e9m de venezuelanos, haitianos e cubanos, a cidade conta com imigrantes bolivianos, peruanos e colombianos. Entre os africanos, h\u00e1 congoleses, ganeses, guineenses, senegaleses e um fluxo mais recente de angolanos. O menor movimento \u00e9 do Oriente M\u00e9dio.\n<\/p>\n<p>\nO perfil geral \u00e9 majoritariamente masculino e jovem. E cresceram as pessoas com forma\u00e7\u00e3o equivalente ao Ensino M\u00e9dio e Fundamental, e experi\u00eancia em constru\u00e7\u00e3o civil, confec\u00e7\u00e3o, hotelaria, bares e restaurantes.\n<\/p>\n<h2>Haitianos v\u00eam do Chile<\/h2>\n<p>\nO Servi\u00e7o de Refer\u00eancia ao Imigrante, Refugiado e Ap\u00e1trida da prefeitura \u00e9 hoje o principal centro de atendimento a essa popula\u00e7\u00e3o em Campinas.\n<\/p>\n<p>\n\u2014 Existem pouqu\u00edssimas cidades, mesmo com recebimento de fluxo migrat\u00f3rio, com servi\u00e7o espec\u00edfico para atendimento dessa popula\u00e7\u00e3o. E, diferentemente de S\u00e3o Paulo, Campinas n\u00e3o tem organiza\u00e7\u00f5es da sociedade civil com hist\u00f3rico de trabalho com imigrantes e refugiados \u2014 diz F\u00e1bio Cust\u00f3dio, diretor de Direitos Humanos da Secretaria Municipal de Assist\u00eancia Social e Direitos Humanos.\n<\/p>\n<p>\nO servi\u00e7o da prefeitura foi criado no final de 2016 e atende cerca de 18 pessoas por dia. \u00c9 um espa\u00e7o pequeno, mas essencial para quem chega sem orienta\u00e7\u00e3o e perdido entre pap\u00e9is consulares. Em uma tarde da semana passada, a sala estava lotada.<\/p>\n<figure class=\"article__picture article__picture--horizontal\"><img title = \"[Tags]\"class=\"article__picture-image\" data-src=\"https:\/\/ogimg.infoglobo.com.br\/in\/23562873-62e-c36\/FT1086A\/652\/xmigrantes-campinas.jpg.pagespeed.ic.ivVCytyT67.jpg\"alt = \"xmigrantes-campinas.jpg.pagespeed.ic.ivVCytyT67 Campinas vira novo polo de atra\u00e7\u00e3o de imigrantes\"\/><figcaption class=\"article__picture-caption\">Alexa Bresciani, engenheira venezuelana, brinca com cachorro em casa de Campinas Foto: Edilson Dantas 28-03-2019 \/ Ag\u00eancia O Globo<\/figcaption><\/figure>\n<\/p>\n<p>\nOs psic\u00f3logos sociais Val\u00e9ria Scatolini e Dorival Guilherme orientavam e respondiam as d\u00favidas de quem chegava. O haitiano Hugo Alindo levou o amigo Moise Pierre-Rene, que chegou h\u00e1 um m\u00eas do Chile, para fazer os tr\u00e2mites para uma carteira de trabalho. Hugo est\u00e1 h\u00e1 um ano e meio em Campinas e trabalha em um restaurante. Moise quer uma vaga como mec\u00e2nico.\n<\/p>\n<section class=\"block block--advertising\">\n<\/section>\n<p>\n\u2014 O Chile \u00e9 frio, complicado, n\u00e3o paga bem \u2014 diz.\n<\/p>\n<p>\nO governo chileno endureceu recentemente as regras para imigrantes. Haitianos que saem do Chile e de outros pa\u00edses da Am\u00e9rica do Sul s\u00e3o os mais numerosos na leva atual em Campinas.\n<\/p>\n<p>\n\u2014 A maioria j\u00e1 viveu no Brasil e, devido \u00e0 crise econ\u00f4mica, foi tentar melhores oportunidades em outros pa\u00edses. Mas, h\u00e1 alguns meses, ocorre um intenso processo de retorno. N\u00e3o porque a situa\u00e7\u00e3o no Brasil melhorou, mas pelas dificuldades grandes tamb\u00e9m enfrentadas em outros locais. \u2014 explica Cust\u00f3dio.\n<\/p>\n<p>\nPor j\u00e1 ter vivido aqui, esse grupo tem amigos ou parentes, o que facilita o retorno. Tamb\u00e9m chama a aten\u00e7\u00e3o um aumento de pedidos de cubanos. Com o fim do programa Mais M\u00e9dicos, os profissionais da sa\u00fade que n\u00e3o voltaram a Cuba buscam regularizar sua situa\u00e7\u00e3o no Brasil.\n<\/p>\n<\/div>\n<p><br \/>\n<br \/><a href=\"https:\/\/oglobo.globo.com\/mundo\/campinas-vira-novo-polo-de-atracao-de-imigrantes-23562881\">Fonte do Artigo <\/a><\/p>\n","protected":false},"excerpt":{"rendered":"<p>CAMPINAS \u2014 Quando chegou ao Brasil, em 2009, a engenheira Alexa Bresciani era a \u00fanica venezuelana no bairro em que morava em Campinas, no estado de S\u00e3o Paulo. Expatriada de uma multinacional, ela diz que era dif\u00edcil achar vizinhos venezuelanos e outros latino-americanos. Em dez anos, o cen\u00e1rio \u00e9 outro. \u2014 Hoje me sinto quase [&hellip;]<\/p>\n","protected":false},"author":1,"featured_media":14168,"comment_status":"open","ping_status":"open","sticky":false,"template":"","format":"standard","meta":{"footnotes":""},"categories":[337],"tags":[],"class_list":["post-14167","post","type-post","status-publish","format-standard","has-post-thumbnail","hentry","category-noticias"],"_links":{"self":[{"href":"https:\/\/wiy.com.br\/noticias\/wp-json\/wp\/v2\/posts\/14167","targetHints":{"allow":["GET"]}}],"collection":[{"href":"https:\/\/wiy.com.br\/noticias\/wp-json\/wp\/v2\/posts"}],"about":[{"href":"https:\/\/wiy.com.br\/noticias\/wp-json\/wp\/v2\/types\/post"}],"author":[{"embeddable":true,"href":"https:\/\/wiy.com.br\/noticias\/wp-json\/wp\/v2\/users\/1"}],"replies":[{"embeddable":true,"href":"https:\/\/wiy.com.br\/noticias\/wp-json\/wp\/v2\/comments?post=14167"}],"version-history":[{"count":0,"href":"https:\/\/wiy.com.br\/noticias\/wp-json\/wp\/v2\/posts\/14167\/revisions"}],"wp:featuredmedia":[{"embeddable":true,"href":"https:\/\/wiy.com.br\/noticias\/wp-json\/wp\/v2\/media\/14168"}],"wp:attachment":[{"href":"https:\/\/wiy.com.br\/noticias\/wp-json\/wp\/v2\/media?parent=14167"}],"wp:term":[{"taxonomy":"category","embeddable":true,"href":"https:\/\/wiy.com.br\/noticias\/wp-json\/wp\/v2\/categories?post=14167"},{"taxonomy":"post_tag","embeddable":true,"href":"https:\/\/wiy.com.br\/noticias\/wp-json\/wp\/v2\/tags?post=14167"}],"curies":[{"name":"wp","href":"https:\/\/api.w.org\/{rel}","templated":true}]}}