{"id":14155,"date":"2023-02-26T15:11:06","date_gmt":"2023-02-26T18:11:06","guid":{"rendered":"https:\/\/wiy.com.br\/noticias\/por-vantagem-na-decisao-vasco-tenta-encerrar-jejum-de-31-anos-sem-vencer-o-flamengo-em-finais\/"},"modified":"2019-03-31T06:09:28","modified_gmt":"2019-03-31T09:09:28","slug":"por-vantagem-na-decisao-vasco-tenta-encerrar-jejum-de-31-anos-sem-vencer-o-flamengo-em-finais","status":"publish","type":"post","link":"https:\/\/wiy.com.br\/noticias\/por-vantagem-na-decisao-vasco-tenta-encerrar-jejum-de-31-anos-sem-vencer-o-flamengo-em-finais\/","title":{"rendered":"Por vantagem na decis\u00e3o, Vasco tenta encerrar jejum de 31 anos sem vencer o Flamengo em finais"},"content":{"rendered":"<p> <br \/>\n<\/p>\n<div>\n<p>\nFlamengo e Vasco n\u00e3o usar\u00e3o for\u00e7a m\u00e1xima na final da Ta\u00e7a Rio hoje, \u00e0s 16h, mas isso n\u00e3o deve tirar o sabor de conquista do vencedor. Em um regulamento confuso, o Vasco pode ganhar seu segundo turno no ano e sair da Ta\u00e7a Rio com a vantagem de jogar s\u00f3 por empates na final\u00edssima do Carioca. Mas h\u00e1 um desafio a mais: o Flamengo n\u00e3o perde uma final (de turno e de Estadual) para o Vasco desde 1988.\n<\/p>\n<p>\nO duelo que decidiu o Estadual daquele ano ainda \u00e9 um divisor de \u00e1guas. O gol do lateral Cocada nos acr\u00e9scimos do segundo tempo selou a \u00faltima vit\u00f3ria vasca\u00edna em finais contra seu arquirrival. De l\u00e1 para c\u00e1, foram sete ocasi\u00f5es em que se enfrentaram no formato cl\u00e1ssico de final. S\u00f3 deu rubro-negro. N\u00e3o s\u00e3o levados em considera\u00e7\u00e3o t\u00edtulos que sa\u00edram em partidas de pontos corridos, como a Ta\u00e7a Rio de 1996, para o Fla, ou as Ta\u00e7as Rio de 1999 e Guanabara de 2000, para o Vasco.\n<\/p>\n<p>\nSe o rubro-negro mais implicante quiser argumentar que 1988 n\u00e3o se tratava de final de turno, o jejum do Vasco aumenta e chega a 43 anos. Desde 1976 o Vasco n\u00e3o leva uma decis\u00e3o de Ta\u00e7a Guanabara ou Ta\u00e7a Rio nos moldes atuais, de mata-mata. Naquele ano, o time da G\u00e1vea levou a melhor na disputa de p\u00eanaltis.<\/p>\n<aside class=\"article-related-links \">\n<div class=\"article-related-links__container\">\n<div class=\"article-related-links__content\">\n<article class=\"article-related-link\">\n<figure class=\"article-related-link__picture\"><a href=\"titular-domingo-tiago-reis-tem-desempenho-superior-ao-de-maxi-fora-do-classico-23563194\"> <img title = \"[Tags]\"decoding=\"async\" class=\"article-related-link__picture-image\" src=\"https:\/\/ogimg.infoglobo.com.br\/in\/23563223-88d-07a\/FT1086A\/79\/x1553985861322674.JPG.pagespeed.ic.a0e_M6Irqb.jpg\"alt = \"x1553985861322674.JPG.pagespeed.ic.a0e_M6Irqb Por vantagem na decis\u00e3o, Vasco tenta encerrar jejum de 31 anos sem vencer o Flamengo em finais\"\/><\/a><br \/>\n<\/figure>\n<footer class=\"article-related-link__footer\"\/><\/article>\n<article class=\"article-related-link\">\n<figure class=\"article-related-link__picture\"><a href=\"em-nota-flamengo-diz-reconhecer-importancia-da-psicologia-no-futebol-23563002\"> <img title = \"[Tags]\"decoding=\"async\" class=\"article-related-link__picture-image\" src=\"https:\/\/ogimg.infoglobo.com.br\/in\/23440520-f91-1ae\/FT1086A\/79\/x81015701_Rio-de-Janeiro-08-02-2019-Incendio-no-Ninho-do-Urubu-Na-foto-o-medico-Joao-Marcelo-cheg.jpg.pagespeed.ic.nEekJGoe2n.jpg\"alt = \"x1553985861322674.JPG.pagespeed.ic.a0e_M6Irqb Por vantagem na decis\u00e3o, Vasco tenta encerrar jejum de 31 anos sem vencer o Flamengo em finais\"\/><\/a><br \/>\n<\/figure>\n<footer class=\"article-related-link__footer\"\/><\/article>\n<\/div>\n<\/div>\n<\/aside>\n<p>\nA \u00faltima final entre Flamengo e Vasco foi recheada de pol\u00eamica. Em 2014, o volante M\u00e1rcio Ara\u00fajo \u2014 ainda n\u00e3o perseguido \u2014 deu o t\u00edtulo aos flamenguistas com um gol irregular no fim da partida. Ap\u00f3s o resultado, o goleiro Felipe, do Flamengo, disse que \u201croubado era mais gostoso&#8221;, num legado de controv\u00e9rsia.\n<\/p>\n<p>\nPara Leandro Cast\u00e1n emplacar a segunda ta\u00e7a erguida pelo Vasco, o jejum ter\u00e1 de cair hoje. O zagueiro tem na faixa de capit\u00e3o um indisfar\u00e7\u00e1vel motivo de orgulho. Depois de celebrar a vit\u00f3ria sobre o Fluminense na Ta\u00e7a GB e ter chance de erguer o trof\u00e9u, ele quer mais.\n<\/p>\n<section class=\"block block--advertising\">\n<\/section>\n<p>\nQuando chegou a S\u00e3o Janu\u00e1rio, no ano passado, Castan identificou no elenco, na rotina de treinos, oscila\u00e7\u00f5es que logo procurou combater. Pediu intensidade do come\u00e7o ao fim, cobrou companheiros, em meio \u00e0 briga para evitar novo rebaixamento vasca\u00edno. E diz que nunca foi mal interpretado.\n<\/p>\n<p>\n\u2014 A rapaziada sabe que sou um cara do bem, n\u00e3o falo para me promover, com todo mundo que eu falo, sou bem aceito. Brigo por eles, s\u00e3o coisas de vesti\u00e1rio, mas eles sabem que podem contar sempre comigo.\n<\/p>\n<h2 align=\"left\">Abel recebe alta<\/h2>\n<p>\nCom Werley, forma dupla de zaga que \u00e9 um dos pontos fortes do Vasco na temporada. O entrosamento com os laterais C\u00e1ceres e Danilo tamb\u00e9m ajuda. Ele ainda busca sua primeira vit\u00f3ria sobre o Flamengo desde que chegou ao Cruz-maltino, foram dois jogos e dois empates. Terminar sorrindo o Cl\u00e1ssico dos Milh\u00f5es desta tarde \u00e9 a meta do zagueiro.\n<\/p>\n<p>\n\u2014 Todo jogador gosta de atuar em cl\u00e1ssicos assim, \u00e9 sempre diferente. Sei que o cl\u00e1ssico entre Vasco e Flamengo \u00e9 uma das maiores rivalidades do Brasil.\n<\/p>\n<p>\nPelo lado do Flamengo, tudo reserva, at\u00e9 o t\u00e9cnico. Sem Abel Braga, que recebeu alta ontem depois da cirurgia que corrigiu a arritmia card\u00edaca que disparou no Fla-Flu da semifinal, Leomir comandar\u00e1 a equipe. O time, no entanto, vai ser escalado por Abel, preservando titulares para o confronto de quarta-feira, pela Ta\u00e7a Libertadores, contra o Pe\u00f1arol uruguaio. Arrascaeta deve ser o destaque.\n<\/p>\n<section class=\"block block--advertising\">\n<\/section>\n<p>\nO zagueiro Juan, que est\u00e1 perto da aposentadoria, treinou entre os reservas. J\u00e1 o volante Cu\u00e9llar foi liberado por causa do nascimento do segundo filho. Est\u00e3o na lista o volante Vinicius Souza, volante, e o atacante Bill, ambos do sub-20, nem como o centroavante Vitor Gabriel. Os titulares foram poupados desde a semifinal da Ta\u00e7a Rio, contra o Fluminense, quando Diego e Gabigol n\u00e3o participaram da vit\u00f3ria por 2 a 1.\n<\/p>\n<\/div>\n<p><br \/>\n<br \/><a href=\"https:\/\/oglobo.globo.com\/esportes\/por-vantagem-na-decisao-vasco-tenta-encerrar-jejum-de-31-anos-sem-vencer-flamengo-em-finais-23563267\">Fonte do Artigo <\/a><\/p>\n","protected":false},"excerpt":{"rendered":"<p>Flamengo e Vasco n\u00e3o usar\u00e3o for\u00e7a m\u00e1xima na final da Ta\u00e7a Rio hoje, \u00e0s 16h, mas isso n\u00e3o deve tirar o sabor de conquista do vencedor. Em um regulamento confuso, o Vasco pode ganhar seu segundo turno no ano e sair da Ta\u00e7a Rio com a vantagem de jogar s\u00f3 por empates na final\u00edssima do [&hellip;]<\/p>\n","protected":false},"author":1,"featured_media":14156,"comment_status":"open","ping_status":"open","sticky":false,"template":"","format":"standard","meta":{"footnotes":""},"categories":[337],"tags":[],"class_list":["post-14155","post","type-post","status-publish","format-standard","has-post-thumbnail","hentry","category-noticias"],"_links":{"self":[{"href":"https:\/\/wiy.com.br\/noticias\/wp-json\/wp\/v2\/posts\/14155","targetHints":{"allow":["GET"]}}],"collection":[{"href":"https:\/\/wiy.com.br\/noticias\/wp-json\/wp\/v2\/posts"}],"about":[{"href":"https:\/\/wiy.com.br\/noticias\/wp-json\/wp\/v2\/types\/post"}],"author":[{"embeddable":true,"href":"https:\/\/wiy.com.br\/noticias\/wp-json\/wp\/v2\/users\/1"}],"replies":[{"embeddable":true,"href":"https:\/\/wiy.com.br\/noticias\/wp-json\/wp\/v2\/comments?post=14155"}],"version-history":[{"count":0,"href":"https:\/\/wiy.com.br\/noticias\/wp-json\/wp\/v2\/posts\/14155\/revisions"}],"wp:featuredmedia":[{"embeddable":true,"href":"https:\/\/wiy.com.br\/noticias\/wp-json\/wp\/v2\/media\/14156"}],"wp:attachment":[{"href":"https:\/\/wiy.com.br\/noticias\/wp-json\/wp\/v2\/media?parent=14155"}],"wp:term":[{"taxonomy":"category","embeddable":true,"href":"https:\/\/wiy.com.br\/noticias\/wp-json\/wp\/v2\/categories?post=14155"},{"taxonomy":"post_tag","embeddable":true,"href":"https:\/\/wiy.com.br\/noticias\/wp-json\/wp\/v2\/tags?post=14155"}],"curies":[{"name":"wp","href":"https:\/\/api.w.org\/{rel}","templated":true}]}}