{"id":14142,"date":"2023-02-26T15:26:25","date_gmt":"2023-02-26T18:26:25","guid":{"rendered":"https:\/\/wiy.com.br\/noticias\/cuca-chega-ao-sao-paulo-em-um-momento-bom-diz-mancini\/"},"modified":"2019-03-31T02:24:39","modified_gmt":"2019-03-31T05:24:39","slug":"cuca-chega-ao-sao-paulo-em-um-momento-bom-diz-mancini","status":"publish","type":"post","link":"https:\/\/wiy.com.br\/noticias\/cuca-chega-ao-sao-paulo-em-um-momento-bom-diz-mancini\/","title":{"rendered":"&#8216;Cuca chega ao S\u00e3o Paulo em um momento bom&#8217;, diz Mancini"},"content":{"rendered":"<p> <br \/>\n<br \/><img title = \"[Tags]\"alt = \"5c9ff25d5c6c4 &#039;Cuca chega ao S\u00e3o Paulo em um momento bom&#039;, diz Mancini\"decoding=\"async\" src=\"http:\/\/www.lance.com.br\/\/files\/\/uploads\/2019\/03\/30\/5c9ff25d5c6c4.jpeg\" \/><\/p>\n<div>\n<p class=\"paragraph\" id=\"p487944-m384-383-385\">A sensa\u00e7\u00e3o de que entrega uma equipe em evolu\u00e7\u00e3o marcou o \u00faltimo jogo de Vagner Mancini como t\u00e9cnico do S\u00e3o Paulo. Em entrevista coletiva, ele (que voltar\u00e1 a ser coordenador t\u00e9cnico do Tricolor paulista), disse que o 0 a 0 diante do Palmeiras indicou a evolu\u00e7\u00e3o esperada no per\u00edodo em que a equipe esteve \u00e0 espera de Cuca:<\/p>\n<p>&#8211; O\u00a0S\u00e3o Paulo melhorou muito nos \u00faltimos jogos, hoje a torcida foi brilhante, jogou junto durante todo o jogo, por isso tivemos \u00eaxito, estamos satisfeitos por ter brigado em igualdade de condi\u00e7\u00f5es.<\/p>\n<p>Aos seus olhos, o Tricolor paulista teve uma leve vantagem. Por\u00e9m, faltou um pouco mais de capricho no segundo tempo.<\/p>\n<p>&#8211;\u00a0Fizemos um jogo bom, fomos melhores no primeiro tempo, e o Palmeiras equilibrou na segunda etapa. O resultado poderia ser diferente. S\u00e3o Paulo teve uma ligeira vantagem nos 90 minutos, sab\u00edamos que \u00edamos enfrentar uma equipe de poderio grande, enquanto o S\u00e3o Paulo marcou de perto, o Palmeiras teve dificuldade na arma\u00e7\u00e3o.<\/p>\n<p class=\"paragraph\" id=\"p487944-m404-2-405\">Mancini demonstrou tranquilidade quanto \u00e0 mudan\u00e7a de fun\u00e7\u00e3o e mostrou-se otimista com a chegada de Cuca:<\/p>\n<p>&#8211;\u00a0Vou at\u00e9 o fim do campeonato, mas em outra fun\u00e7\u00e3o. O que acertamos com Cuca foi cumprido. A \u00fanica maneira de ele assumir, era que algu\u00e9m fizemos por 50 dias a parte dele, pois ele estava impedido de assumir em termos m\u00e9dicos. Agora, chega na semana que vem e tem uma equipe no caminho do que achamos ideal, uma equipe que tem renova\u00e7\u00e3o dentro dos 11, vai haver mudan\u00e7as quando ele assumir.\u00a0<\/p>\n<p>Segundo o t\u00e9cnico interino, o fato de Cuca estrear no jogo de volta do Paulist\u00e3o \u00e9 uma boa perspectiva:<\/p>\n<p>&#8211; O S\u00e3o Paulo acertou quando fez o acordo com Cuca. Estamos numa semifinal em igualdade de condi\u00e7\u00e3o, ele chega num momento bom felizmente, e a entrega \u00e9 natural, foi acordado.\u00a0\u00a0Em termos de melhora, o S\u00e3o Paulo j\u00e1 \u00e9 uma equipe muito mais s\u00f3lida, talvez n\u00e3o esteja no ponto ideal que pode.<\/p>\n<\/div>\n<p><script>(function(d, s, id) {\n    var js, fjs = d.getElementsByTagName(s)[0];\n    if (d.getElementById(id)) return;\n    js = d.createElement(s); js.id = id;\n    js.src = 'https:\/\/connect.facebook.net\/pt_BR\/sdk.js#xfbml=1&version=v2.12&appId=1124817024230602';\n    fjs.parentNode.insertBefore(js, fjs);\n    }(document, 'script', 'facebook-jssdk'));<\/script><br \/>\n<br \/><br \/>\n<br \/><a href=\"http:\/\/www.lance.com.br\/sao-paulo\/cuca-chega-momento-bom-diz-mancini.html\">Link do Artigo <\/a><\/p>\n","protected":false},"excerpt":{"rendered":"<p>A sensa\u00e7\u00e3o de que entrega uma equipe em evolu\u00e7\u00e3o marcou o \u00faltimo jogo de Vagner Mancini como t\u00e9cnico do S\u00e3o Paulo. Em entrevista coletiva, ele (que voltar\u00e1 a ser coordenador t\u00e9cnico do Tricolor paulista), disse que o 0 a 0 diante do Palmeiras indicou a evolu\u00e7\u00e3o esperada no per\u00edodo em que a equipe esteve \u00e0 [&hellip;]<\/p>\n","protected":false},"author":1,"featured_media":14143,"comment_status":"open","ping_status":"open","sticky":false,"template":"","format":"standard","meta":{"footnotes":""},"categories":[372],"tags":[],"class_list":["post-14142","post","type-post","status-publish","format-standard","has-post-thumbnail","hentry","category-futebol"],"_links":{"self":[{"href":"https:\/\/wiy.com.br\/noticias\/wp-json\/wp\/v2\/posts\/14142","targetHints":{"allow":["GET"]}}],"collection":[{"href":"https:\/\/wiy.com.br\/noticias\/wp-json\/wp\/v2\/posts"}],"about":[{"href":"https:\/\/wiy.com.br\/noticias\/wp-json\/wp\/v2\/types\/post"}],"author":[{"embeddable":true,"href":"https:\/\/wiy.com.br\/noticias\/wp-json\/wp\/v2\/users\/1"}],"replies":[{"embeddable":true,"href":"https:\/\/wiy.com.br\/noticias\/wp-json\/wp\/v2\/comments?post=14142"}],"version-history":[{"count":0,"href":"https:\/\/wiy.com.br\/noticias\/wp-json\/wp\/v2\/posts\/14142\/revisions"}],"wp:featuredmedia":[{"embeddable":true,"href":"https:\/\/wiy.com.br\/noticias\/wp-json\/wp\/v2\/media\/14143"}],"wp:attachment":[{"href":"https:\/\/wiy.com.br\/noticias\/wp-json\/wp\/v2\/media?parent=14142"}],"wp:term":[{"taxonomy":"category","embeddable":true,"href":"https:\/\/wiy.com.br\/noticias\/wp-json\/wp\/v2\/categories?post=14142"},{"taxonomy":"post_tag","embeddable":true,"href":"https:\/\/wiy.com.br\/noticias\/wp-json\/wp\/v2\/tags?post=14142"}],"curies":[{"name":"wp","href":"https:\/\/api.w.org\/{rel}","templated":true}]}}