{"id":14022,"date":"2023-02-26T15:52:44","date_gmt":"2023-02-26T18:52:44","guid":{"rendered":"https:\/\/wiy.com.br\/noticias\/em-momentos-distintos-danilo-e-rodinei-duelam-na-final-da-taca-rio\/"},"modified":"2019-03-30T10:04:50","modified_gmt":"2019-03-30T13:04:50","slug":"em-momentos-distintos-danilo-e-rodinei-duelam-na-final-da-taca-rio","status":"publish","type":"post","link":"https:\/\/wiy.com.br\/noticias\/em-momentos-distintos-danilo-e-rodinei-duelam-na-final-da-taca-rio\/","title":{"rendered":"Em momentos distintos, Danilo e Rodinei duelam na final da Ta\u00e7a Rio"},"content":{"rendered":"<p> <br \/>\n<\/p>\n<div>\n<p class=\"paragraph \" id=\"p487696-m61-60-62\">A final da Ta\u00e7a Rio, entre Vasco e Flamengo, neste domingo, no Maracan\u00e3, ter\u00e1 um duelo especial entre jogadores que passam por momentos distintos e que ficou marcado na \u00faltima vez que as equipes se encontraram: Danilo Barcelos e Rodinei.<\/p>\n<p>O lateral-esquerdo Danilo Barcelos foi um dos refor\u00e7os do Vasco para esta temporada &#8211; uma vez que Ramon, que vinha sendo titular, rompeu o ligamento do joelho esquerdo em novembro do ano passado &#8211; e n\u00e3o demorou a cair nas gra\u00e7as da torcida. At\u00e9 o momento, fez 11 jogos e balan\u00e7ou a rede tr\u00eas vezes, sendo que, em uma delas, garantiu o t\u00edtulo da Ta\u00e7a Guanabara, em cl\u00e1ssico com o Fluminense.<\/p>\n<p class=\"paragraph \" id=\"p487696-m136-2-137\">J\u00e1 Rodinei, que caminha para a quarta temporada no Flamengo, vive momento complicado junto \u00e0 torcida. Atualmente, como op\u00e7\u00e3o a Par\u00e1, que vem sendo titular, o camisa 2, que j\u00e1 teve bons momentos com a camisa rubro-negra, e busca retomar espa\u00e7o no elenco. Neste ano, foram oito partidas disputadas.<\/p>\n<p>No \u00faltimo duelo com o Vasco, por\u00e9m, virou alvo de duras cr\u00edticas justamente por conta de um lance em que Danilo Barcelos teve participa\u00e7\u00e3o direta. Aos 47 minutos do segundo tempo, ap\u00f3s receber um passe de Bruno Henrique e ter o gol aberto, finalizou, mas o lateral-esquerdo cruz-maltino apareceu na \u00faltima hora para evitar o que seria o segundo gol do Flamengo. Pouco depois, o Vasco chegou ao empate.<\/p>\n<div class=\"captioned-image \" id=\"p487696-m141-3-142\">\n<div id=\"m145-144-146\" class=\"image \"><img title = \"[Tags]\"decoding=\"async\"alt = \"5c846a8c0ff9c Em momentos distintos, Danilo e Rodinei duelam na final da Ta\u00e7a Rio\" src=\"http:\/\/www.lance.com.br\/files\/article_content\/uploads\/2019\/03\/09\/5c846a8c0ff9c.jpeg\" style=\"display: inline;\"\/><\/div>\n<p>Rodinei perde gol contra o Vasco (Reprodu\u00e7\u00e3o\/ LANCE!TV)<\/p>\n<\/div>\n<p class=\"paragraph \" id=\"p487696-m158-4-159\">&#8211;  Foi um lance incr\u00edvel. Coisas que acontecem s\u00f3 comigo na minha carreira. Final de jogo, a gente com a invencibilidade a zelar. Isso faz parte do nosso cotidiano, nossa equipe vem bem, acredito que est\u00e1vamos bem naquele momento do jogo. Buscamos o resultado a todo instante, como \u00e9 no Vasco. Foi um lance que vai ficar marcado na minha mem\u00f3ria e de quem presenciou. A import\u00e2ncia n\u00e3o foi s\u00f3 minha, o grupo todo acreditou que dava para buscar o empate &#8211; disse Danilo Barcelos.<\/p>\n<\/div>\n<p><script>(function(d, s, id) {\n    var js, fjs = d.getElementsByTagName(s)[0];\n    if (d.getElementById(id)) return;\n    js = d.createElement(s); js.id = id;\n    js.src = 'https:\/\/connect.facebook.net\/pt_BR\/sdk.js#xfbml=1&version=v2.12&appId=1124817024230602';\n    fjs.parentNode.insertBefore(js, fjs);\n    }(document, 'script', 'facebook-jssdk'));<\/script><br \/>\n<br \/><br \/>\n<br \/><a href=\"http:\/\/www.lance.com.br\/futebol-nacional\/momentos-distintos-barcelos-rodinei-duelam-final-taca-rio.html\">Link do Artigo <\/a><\/p>\n","protected":false},"excerpt":{"rendered":"<p>A final da Ta\u00e7a Rio, entre Vasco e Flamengo, neste domingo, no Maracan\u00e3, ter\u00e1 um duelo especial entre jogadores que passam por momentos distintos e que ficou marcado na \u00faltima vez que as equipes se encontraram: Danilo Barcelos e Rodinei. O lateral-esquerdo Danilo Barcelos foi um dos refor\u00e7os do Vasco para esta temporada &#8211; uma [&hellip;]<\/p>\n","protected":false},"author":1,"featured_media":14023,"comment_status":"open","ping_status":"open","sticky":false,"template":"","format":"standard","meta":{"footnotes":""},"categories":[372],"tags":[],"class_list":["post-14022","post","type-post","status-publish","format-standard","has-post-thumbnail","hentry","category-futebol"],"_links":{"self":[{"href":"https:\/\/wiy.com.br\/noticias\/wp-json\/wp\/v2\/posts\/14022","targetHints":{"allow":["GET"]}}],"collection":[{"href":"https:\/\/wiy.com.br\/noticias\/wp-json\/wp\/v2\/posts"}],"about":[{"href":"https:\/\/wiy.com.br\/noticias\/wp-json\/wp\/v2\/types\/post"}],"author":[{"embeddable":true,"href":"https:\/\/wiy.com.br\/noticias\/wp-json\/wp\/v2\/users\/1"}],"replies":[{"embeddable":true,"href":"https:\/\/wiy.com.br\/noticias\/wp-json\/wp\/v2\/comments?post=14022"}],"version-history":[{"count":0,"href":"https:\/\/wiy.com.br\/noticias\/wp-json\/wp\/v2\/posts\/14022\/revisions"}],"wp:featuredmedia":[{"embeddable":true,"href":"https:\/\/wiy.com.br\/noticias\/wp-json\/wp\/v2\/media\/14023"}],"wp:attachment":[{"href":"https:\/\/wiy.com.br\/noticias\/wp-json\/wp\/v2\/media?parent=14022"}],"wp:term":[{"taxonomy":"category","embeddable":true,"href":"https:\/\/wiy.com.br\/noticias\/wp-json\/wp\/v2\/categories?post=14022"},{"taxonomy":"post_tag","embeddable":true,"href":"https:\/\/wiy.com.br\/noticias\/wp-json\/wp\/v2\/tags?post=14022"}],"curies":[{"name":"wp","href":"https:\/\/api.w.org\/{rel}","templated":true}]}}