{"id":13922,"date":"2023-02-26T15:05:21","date_gmt":"2023-02-26T18:05:21","guid":{"rendered":"https:\/\/wiy.com.br\/noticias\/onu-intencao-de-comemorar-golpe-de-64-e-imoral-e-inadmissivel-2\/"},"modified":"2019-03-29T21:47:17","modified_gmt":"2019-03-30T00:47:17","slug":"onu-intencao-de-comemorar-golpe-de-64-e-imoral-e-inadmissivel-2","status":"publish","type":"post","link":"https:\/\/wiy.com.br\/noticias\/onu-intencao-de-comemorar-golpe-de-64-e-imoral-e-inadmissivel-2\/","title":{"rendered":"ONU: Inten\u00e7\u00e3o de comemorar golpe de 64 \u00e9 \u201cimoral e inadmiss\u00edvel\u201d"},"content":{"rendered":"<p> <br \/>\n<\/p>\n<p>S\u00e3o Paulo &#8211; Para a <strong><a href=\"https:\/\/exame.abril.com.br\/noticias-sobre\/onu\" target=\"_blank\" rel=\"noopener noreferrer\">Organiza\u00e7\u00e3o das Na\u00e7\u00f5es Unidas<\/a><\/strong> (ONU), a inten\u00e7\u00e3o de comemorar o anivers\u00e1rio do <strong><a href=\"https:\/\/exame.abril.com.br\/noticias-sobre\/golpe-de-1964\" target=\"_blank\" rel=\"noopener noreferrer\">golpe militar de 1964<\/a><\/strong>, citada pelo presidente <strong><a href=\"https:\/\/exame.abril.com.br\/noticias-sobre\/jair-bolsonaro\" target=\"_blank\" rel=\"noopener noreferrer\">Jair Bolsonaro<\/a><\/strong>, &#8220;\u00e9 imoral e inadmiss\u00edvel em uma sociedade baseada no estado de direito&#8221;. A frase foi dita nesta sexta-feira, 29, pelo Relator Especial sobre a promo\u00e7\u00e3o da verdade, justi\u00e7a, repara\u00e7\u00e3o e garantias de n\u00e3o-repeti\u00e7\u00e3o da ONU, Fabi\u00e1n Salvioli.<\/p>\n<p>O relator tamb\u00e9m ressaltou que \u00e9 dever de autoridades e da sociedade como um todo rejeitar a\u00e7\u00f5es similares. &#8220;Tentativas de revisar a hist\u00f3ria e justificar ou relevar graves viola\u00e7\u00f5es de direitos humanos do passado devem ser claramente rejeitadas por todas as autoridades e pela sociedade como um todo. As autoridades t\u00eam a obriga\u00e7\u00e3o de garantir que tais crimes horrendos nunca sejam esquecidos, distorcidos ou deixados impunes&#8221;, afirmou.<\/p>\n<p>Para Salvioli, a impunidade aos envolvidos \u00e9 fortalecida a partir do momento em que atribui-se um novo significado ao per\u00edodo da ditadura militar. &#8220;Quaisquer a\u00e7\u00f5es que possam justificar ou relevar graves viola\u00e7\u00f5es de direitos humanos durante a ditadura refor\u00e7ariam ainda mais a impunidade que os perpetradores desfrutam no Brasil, e enfraqueceriam a confian\u00e7a da sociedade nas institui\u00e7\u00f5es p\u00fablicas e no estado de direito&#8221;.<\/p>\n<p>A Anistia Internacional tamb\u00e9m se posicionou nesta sexta-feira a respeito da mobiliza\u00e7\u00e3o do poder Executivo em comemorar a data do golpe militar. &#8220;Celebrar um per\u00edodo marcado por viola\u00e7\u00f5es de direitos humanos n\u00e3o \u00e9 condizente com o papel de altas autoridades de um pa\u00eds. Espera-se de um presidente e seu vice-presidente que garantam pol\u00edticas de mem\u00f3ria, verdade, justi\u00e7a e repara\u00e7\u00e3o \u00e0s vitimas, sobreviventes e suas fam\u00edlias&#8221;, afirma a Diretora Executiva da Anistia Internacional Brasil, Jurema Werneck. Ela tamb\u00e9m define que a atitude tomada por Jair Bolsonaro \u00e9 &#8220;preocupante&#8221;.<\/p>\n<div class=\"widget-news widget-box no-margin no-border\"><span class=\"widget-news-title content-box-title\">Veja tamb\u00e9m<\/span><\/p>\n<ul class=\"widget-news-list\">\n<li class=\"widget-news-item without-thumb with-border\">\n<div class=\"widget-news-info\"><a href=\"http:\/\/exame.abril.com.br\/brasil\">BRASIL<\/a><span class=\"widget-news-item-title\"><a href=\"http:\/\/exame.abril.com.br\/brasil\/gilmar-mendes-nega-veto-as-comemoracoes-do-golpe-de-64\/\">Mendes nega veto \u00e0s comemora\u00e7\u00f5es do golpe, mas n\u00e3o altera liminar do DF<\/a><\/span><span class=\"widget-news-item-date\">29 mar 2019 &#8211; 20h03<\/span><\/div>\n<\/li>\n<li class=\"widget-news-item without-thumb with-border\">\n<div class=\"widget-news-info\"><a href=\"http:\/\/exame.abril.com.br\/brasil\">BRASIL<\/a><span class=\"widget-news-item-title\"><a href=\"http:\/\/exame.abril.com.br\/brasil\/justica-proibe-governo-bolsonaro-de-comemorar-golpe-de-64\/\">Justi\u00e7a pro\u00edbe governo Bolsonaro de comemorar golpe de 64<\/a><\/span><span class=\"widget-news-item-date\">29 mar 2019 &#8211; 18h03<\/span><\/div>\n<\/li>\n<\/ul>\n<\/div>\n<h3><strong>Entenda<\/strong><\/h3>\n<p>Pr\u00f3ximo de completar seu anivers\u00e1rio de 55 anos, o golpe militar de 31 de mar\u00e7o de 1964, que estabeleceu uma ditadura durante 21 anos no Brasil, voltou ao debate no poder Executivo ap\u00f3s o jornal O Estado de S. Paulo revelar que o presidente da Rep\u00fablica, Jair Bolsonaro, orientou quart\u00e9is ao redor do Pa\u00eds a comemorarem a &#8220;data hist\u00f3rica&#8221; do ocorrido.<\/p>\n<p>A informa\u00e7\u00e3o foi confirmada posteriormente pelo porta-voz do Planalto. Na quarta-feira, o teor do texto que ser\u00e1 lido nos quart\u00e9is em 31 de mar\u00e7o foi divulgado pelo Minist\u00e9rio da Defesa, citando &#8220;li\u00e7\u00f5es aprendidas&#8221; com o per\u00edodo e justificando a tomada de poder pelos militares.<\/p>\n<p>Ap\u00f3s ampla repercuss\u00e3o, em 28 de mar\u00e7o, Bolsonaro afirmou que falou em &#8220;rememorar&#8221; o golpe de 64, e n\u00e3o em comemorar.<\/p>\n<p><br \/>\n<br \/><a href=\"http:\/\/exame.abril.com.br\/brasil\/onu-intencao-de-comemorar-golpe-de-64-e-imoral-e-inadmissivel\/\">Source link <\/a><\/p>\n","protected":false},"excerpt":{"rendered":"<p>S\u00e3o Paulo &#8211; Para a Organiza\u00e7\u00e3o das Na\u00e7\u00f5es Unidas (ONU), a inten\u00e7\u00e3o de comemorar o anivers\u00e1rio do golpe militar de 1964, citada pelo presidente Jair Bolsonaro, &#8220;\u00e9 imoral e inadmiss\u00edvel em uma sociedade baseada no estado de direito&#8221;. A frase foi dita nesta sexta-feira, 29, pelo Relator Especial sobre a promo\u00e7\u00e3o da verdade, justi\u00e7a, repara\u00e7\u00e3o [&hellip;]<\/p>\n","protected":false},"author":1,"featured_media":13917,"comment_status":"open","ping_status":"open","sticky":false,"template":"","format":"standard","meta":{"footnotes":""},"categories":[337],"tags":[],"class_list":["post-13922","post","type-post","status-publish","format-standard","has-post-thumbnail","hentry","category-noticias"],"_links":{"self":[{"href":"https:\/\/wiy.com.br\/noticias\/wp-json\/wp\/v2\/posts\/13922","targetHints":{"allow":["GET"]}}],"collection":[{"href":"https:\/\/wiy.com.br\/noticias\/wp-json\/wp\/v2\/posts"}],"about":[{"href":"https:\/\/wiy.com.br\/noticias\/wp-json\/wp\/v2\/types\/post"}],"author":[{"embeddable":true,"href":"https:\/\/wiy.com.br\/noticias\/wp-json\/wp\/v2\/users\/1"}],"replies":[{"embeddable":true,"href":"https:\/\/wiy.com.br\/noticias\/wp-json\/wp\/v2\/comments?post=13922"}],"version-history":[{"count":0,"href":"https:\/\/wiy.com.br\/noticias\/wp-json\/wp\/v2\/posts\/13922\/revisions"}],"wp:featuredmedia":[{"embeddable":true,"href":"https:\/\/wiy.com.br\/noticias\/wp-json\/wp\/v2\/media\/13917"}],"wp:attachment":[{"href":"https:\/\/wiy.com.br\/noticias\/wp-json\/wp\/v2\/media?parent=13922"}],"wp:term":[{"taxonomy":"category","embeddable":true,"href":"https:\/\/wiy.com.br\/noticias\/wp-json\/wp\/v2\/categories?post=13922"},{"taxonomy":"post_tag","embeddable":true,"href":"https:\/\/wiy.com.br\/noticias\/wp-json\/wp\/v2\/tags?post=13922"}],"curies":[{"name":"wp","href":"https:\/\/api.w.org\/{rel}","templated":true}]}}