{"id":13878,"date":"2023-02-26T15:18:41","date_gmt":"2023-02-26T18:18:41","guid":{"rendered":"https:\/\/wiy.com.br\/noticias\/perez-acredita-que-bahrein-deve-ser-um-fim-de-semana-dificil-para-racing-point-formula-1\/"},"modified":"2019-03-29T17:48:08","modified_gmt":"2019-03-29T20:48:08","slug":"perez-acredita-que-bahrein-deve-ser-um-fim-de-semana-dificil-para-racing-point-formula-1","status":"publish","type":"post","link":"https:\/\/wiy.com.br\/noticias\/perez-acredita-que-bahrein-deve-ser-um-fim-de-semana-dificil-para-racing-point-formula-1\/","title":{"rendered":"Perez acredita que Bahrein deve ser um fim de semana dif\u00edcil para Racing Point &#8211; F\u00f3rmula 1"},"content":{"rendered":"<p> <br \/>\n<\/p>\n<div>\n<p>Sergio Perez disse esperar que o final de semana do Grande Pr\u00eamio do Bahrein, seja \u201cdif\u00edcil\u201d para o time da Racing Point.<\/p>\n<p>Perez foi apenas o 14\u00ba mais r\u00e1pido durante a segunda sess\u00e3o de treinos no Bahrein na sexta-feira, com apenas os carros da Alfa Romeo e da Williams mais lentos.<\/p>\n<p>O mexicano acredita que as caracter\u00edsticas do circuito est\u00e3o mostrando as fraquezas do carro da Racing Point, e n\u00e3o espera avan\u00e7ar para o Q3 no s\u00e1bado, apesar de ter conseguido fazer isso em Melbourne.<\/p>\n<p>\u201cN\u00e3o foi o melhor dia, o circuito est\u00e1 expondo mais das nossas limita\u00e7\u00f5es no momento\u201d, explicou.<\/p>\n<p>\u201cParece que estamos mais longe do que est\u00e1vamos em Melbourne. Estamos trabalhando duro, espero que esta noite possamos ganhar alguns d\u00e9cimos, encontrar um bom equil\u00edbrio e estar um pouco mais perto. N\u00e3o espero que estejamos no Q3 amanh\u00e3, a menos que seja como Melbourne, a maioria das equipes errou e podemos estar l\u00e1\u201d.<\/p>\n<p>\u201cMas vamos tentar o nosso melhor. Parece um fim de semana dif\u00edcil, mas vamos tentar o nosso melhor para ver se podemos marcar pontos.\u201d<\/p>\n<p>O companheiro de equipe de Perez, Lance Stroll, tem esperan\u00e7as de que as coisas possam ser revividas da noite para o dia, depois que ele tamb\u00e9m lutou por ritmo.<\/p>\n<p>\u201cN\u00e3o foi f\u00e1cil, mas vamos descobrir isso hoje \u00e0 noite\u201d, disse o canadense.<\/p>\n<p>\u201cVamos ver o que podemos fazer durante a noite, precisamos de alguma velocidade, n\u00e3o h\u00e1 d\u00favida. \u00c9 complicado entrar no top 10 no momento, olhando para os quadros de tempos, mas vamos fazer algum trabalho e voltar mais forte amanh\u00e3\u201d, concluiu.<\/p>\n<p>\u00a0<\/p>\n<p><a href=\"https:\/\/chat.whatsapp.com\/HA74fR3PiN1AOcPsVZjBaT\" target=\"_blank\"><img title = \"[Tags]\"loading=\"lazy\" decoding=\"async\" class=\"alignnone size-full wp-image-135186\" src=\"https:\/\/f1mania.lance.com.br\/wp-content\/uploads\/2019\/02\/whats-f1mania-2.png\"alt = \"whats-f1mania-2 Perez acredita que Bahrein deve ser um fim de semana dif\u00edcil para Racing Point - F\u00f3rmula 1\" width=\"1201\" height=\"562\"  \/><\/a><\/p>\n<p>Confira os \u00faltimos v\u00eddeos do canal da F1MANIA no YouTube \u2013 ePRIX DE SANYA | Melhores Momentos | F\u00d3RMULA E 2018\/19 \u2013 6\u00aa etapa<\/p>\n<p><iframe loading=\"lazy\" width=\"500\" height=\"281\" src=\"https:\/\/www.youtube.com\/embed\/7d3hauuVZuw?feature=oembed\" frameborder=\"0\" allow=\"accelerometer; autoplay; encrypted-media; gyroscope; picture-in-picture\" allowfullscreen=\"\"><\/iframe><\/p>\n<p>\u00a0<\/p>\n<p>Confira o GRID COMPLETO da temporada 2019 da COPA TRUCK:<\/p>\n<p><iframe loading=\"lazy\" width=\"500\" height=\"281\" src=\"https:\/\/www.youtube.com\/embed\/wfVgL9N7J0k?feature=oembed\" frameborder=\"0\" allow=\"accelerometer; autoplay; encrypted-media; gyroscope; picture-in-picture\" allowfullscreen=\"\"><\/iframe><\/p>\n<p>\u00a0<\/p>\n<p>F1 2019 | Ferrari apresenta SF90 vermelha e preta fosco:<\/p>\n<p><iframe loading=\"lazy\" width=\"500\" height=\"281\" src=\"https:\/\/www.youtube.com\/embed\/S-QhlncBvvE?feature=oembed\" frameborder=\"0\" allow=\"accelerometer; autoplay; encrypted-media; gyroscope; picture-in-picture\" allowfullscreen=\"\"><\/iframe><\/p>\n<p>\u00a0<\/p>\n<p>F1 2019 | MCLAREN apresenta o MCL34:<\/p>\n<p><iframe loading=\"lazy\" width=\"500\" height=\"281\" src=\"https:\/\/www.youtube.com\/embed\/M_zNFqstITg?feature=oembed\" frameborder=\"0\" allow=\"accelerometer; autoplay; encrypted-media; gyroscope; picture-in-picture\" allowfullscreen=\"\"><\/iframe><\/p>\n<p>\u00a0<\/p>\n<p>F1 2019 | Red Bull apresenta RB15 \u2018roxo, preto e vermelho\u2019:<\/p>\n<p><iframe loading=\"lazy\" width=\"500\" height=\"281\" src=\"https:\/\/www.youtube.com\/embed\/lqUgWX3K43k?feature=oembed\" frameborder=\"0\" allow=\"accelerometer; autoplay; encrypted-media; gyroscope; picture-in-picture\" allowfullscreen=\"\"><\/iframe><\/p>\n<p>\u00a0<\/p>\n<p>F1 2019 | Mercedes apresenta nova pintura para o W10:<\/p>\n<p><iframe loading=\"lazy\" width=\"500\" height=\"281\" src=\"https:\/\/www.youtube.com\/embed\/svtNwbDGByI?feature=oembed\" frameborder=\"0\" allow=\"accelerometer; autoplay; encrypted-media; gyroscope; picture-in-picture\" allowfullscreen=\"\"><\/iframe><\/p>\n<p>\u00a0<\/p>\n<p>F\u00c9RIAS F1MANIA | Pilotamos uma FERRARI 488 GTB no SPEEDVEGAS:<\/p>\n<p><iframe loading=\"lazy\" width=\"500\" height=\"281\" src=\"https:\/\/www.youtube.com\/embed\/Jw55ZB5fuBU?feature=oembed\" frameborder=\"0\" allow=\"accelerometer; autoplay; encrypted-media; gyroscope; picture-in-picture\" allowfullscreen=\"\"><\/iframe><\/p>\n<p>\u00a0<\/p>\n<p>\u00a0<\/p>\n<\/div>\n<p><script>(function(d,s,id){var js,fjs=d.getElementsByTagName(s)[0];if(d.getElementById(id))return;js=d.createElement(s);js.id=id;js.src=\"http:\/\/connect.facebook.net\/pt_BR\/all.js#xfbml=1\";fjs.parentNode.insertBefore(js,fjs);}(document,'script','facebook-jssdk'));<\/script><br \/>\n<br \/><br \/>\n<br \/><a href=\"http:\/\/www.lance.com.br\/motor\/perez-acredita-que-bahrein-deve-ser-fim-semana-dificil-para-racing-point.html\">Link do Artigo <\/a><\/p>\n","protected":false},"excerpt":{"rendered":"<p>Sergio Perez disse esperar que o final de semana do Grande Pr\u00eamio do Bahrein, seja \u201cdif\u00edcil\u201d para o time da Racing Point. Perez foi apenas o 14\u00ba mais r\u00e1pido durante a segunda sess\u00e3o de treinos no Bahrein na sexta-feira, com apenas os carros da Alfa Romeo e da Williams mais lentos. O mexicano acredita que [&hellip;]<\/p>\n","protected":false},"author":1,"featured_media":13879,"comment_status":"open","ping_status":"open","sticky":false,"template":"","format":"standard","meta":{"footnotes":""},"categories":[372],"tags":[],"class_list":["post-13878","post","type-post","status-publish","format-standard","has-post-thumbnail","hentry","category-futebol"],"_links":{"self":[{"href":"https:\/\/wiy.com.br\/noticias\/wp-json\/wp\/v2\/posts\/13878","targetHints":{"allow":["GET"]}}],"collection":[{"href":"https:\/\/wiy.com.br\/noticias\/wp-json\/wp\/v2\/posts"}],"about":[{"href":"https:\/\/wiy.com.br\/noticias\/wp-json\/wp\/v2\/types\/post"}],"author":[{"embeddable":true,"href":"https:\/\/wiy.com.br\/noticias\/wp-json\/wp\/v2\/users\/1"}],"replies":[{"embeddable":true,"href":"https:\/\/wiy.com.br\/noticias\/wp-json\/wp\/v2\/comments?post=13878"}],"version-history":[{"count":0,"href":"https:\/\/wiy.com.br\/noticias\/wp-json\/wp\/v2\/posts\/13878\/revisions"}],"wp:featuredmedia":[{"embeddable":true,"href":"https:\/\/wiy.com.br\/noticias\/wp-json\/wp\/v2\/media\/13879"}],"wp:attachment":[{"href":"https:\/\/wiy.com.br\/noticias\/wp-json\/wp\/v2\/media?parent=13878"}],"wp:term":[{"taxonomy":"category","embeddable":true,"href":"https:\/\/wiy.com.br\/noticias\/wp-json\/wp\/v2\/categories?post=13878"},{"taxonomy":"post_tag","embeddable":true,"href":"https:\/\/wiy.com.br\/noticias\/wp-json\/wp\/v2\/tags?post=13878"}],"curies":[{"name":"wp","href":"https:\/\/api.w.org\/{rel}","templated":true}]}}